{"d":{"__metadata":{"id":"https://ws.parlament.ch/OData.svc/Business(ID=20263792,Language='FR')","uri":"https://ws.parlament.ch/OData.svc/Business(ID=20263792,Language='FR')","type":"itsystems.Pd.DataServices.DataModel.Business"},"BusinessResponsibilities":{"__deferred":{"uri":"https://ws.parlament.ch/OData.svc/Business(ID=20263792,Language='FR')/BusinessResponsibilities"}},"RelatedBusinesses":{"__deferred":{"uri":"https://ws.parlament.ch/OData.svc/Business(ID=20263792,Language='FR')/RelatedBusinesses"}},"BusinessRoles":{"__deferred":{"uri":"https://ws.parlament.ch/OData.svc/Business(ID=20263792,Language='FR')/BusinessRoles"}},"Publications":{"__deferred":{"uri":"https://ws.parlament.ch/OData.svc/Business(ID=20263792,Language='FR')/Publications"}},"LegislativePeriods":{"__deferred":{"uri":"https://ws.parlament.ch/OData.svc/Business(ID=20263792,Language='FR')/LegislativePeriods"}},"Sessions":{"__deferred":{"uri":"https://ws.parlament.ch/OData.svc/Business(ID=20263792,Language='FR')/Sessions"}},"Preconsultations":{"__deferred":{"uri":"https://ws.parlament.ch/OData.svc/Business(ID=20263792,Language='FR')/Preconsultations"}},"Bills":{"__deferred":{"uri":"https://ws.parlament.ch/OData.svc/Business(ID=20263792,Language='FR')/Bills"}},"Councils":{"__deferred":{"uri":"https://ws.parlament.ch/OData.svc/Business(ID=20263792,Language='FR')/Councils"}},"BusinessTypes":{"__deferred":{"uri":"https://ws.parlament.ch/OData.svc/Business(ID=20263792,Language='FR')/BusinessTypes"}},"Votes":{"__deferred":{"uri":"https://ws.parlament.ch/OData.svc/Business(ID=20263792,Language='FR')/Votes"}},"SubjectsBusiness":{"__deferred":{"uri":"https://ws.parlament.ch/OData.svc/Business(ID=20263792,Language='FR')/SubjectsBusiness"}},"BusinessStates":{"__deferred":{"uri":"https://ws.parlament.ch/OData.svc/Business(ID=20263792,Language='FR')/BusinessStates"}},"Council":{"__deferred":{"uri":"https://ws.parlament.ch/OData.svc/Business(ID=20263792,Language='FR')/Council"}},"Transcripts":{"__deferred":{"uri":"https://ws.parlament.ch/OData.svc/Business(ID=20263792,Language='FR')/Transcripts"}},"ID":20263792,"Language":"FR","BusinessShortNumber":"26.3792","BusinessType":8,"BusinessTypeName":"Interpellation","BusinessTypeAbbreviation":"Ip.","Title":"Transformation du statut S en permis B. 300 millions de plus \u00e0 la charge des communes","Description":null,"InitialSituation":null,"Proceedings":null,"DraftText":null,"SubmittedText":"<p>La Suisse est confront\u00e9e \u00e0 un immense d\u00e9fi migratoire et financier. Le 31&nbsp;mars 2026, on d\u00e9nombrait sur le territoire 72&nbsp;564&nbsp;b\u00e9n\u00e9ficiaires du statut de protection&nbsp;S. En 2027, 45&nbsp;722&nbsp;de ces personnes auront b\u00e9n\u00e9fici\u00e9 du statut&nbsp;S depuis cinq ans et rempliront ainsi les conditions pour obtenir une autorisation de s\u00e9jour (permis&nbsp;B). Rien que dans le canton d\u2019Argovie, plus de 3400&nbsp;personnes sont concern\u00e9es.</p><p>Il se trouve que, en l\u2019\u00e9tat actuel du droit, les titulaires du permis&nbsp;B ont droit \u00e0 la m\u00eame aide sociale que les personnes r\u00e9sidant en Suisse. Les cantons estiment que ce changement entra\u00eenera chaque ann\u00e9e un co\u00fbt suppl\u00e9mentaire de bien plus de 300&nbsp;millions de francs \u00e0 l\u2019\u00e9chelle du pays. Le canton d\u2019Argovie s\u2019attend \u00e0 lui seul \u00e0 une charge suppl\u00e9mentaire de plus de 33&nbsp;millions de francs d\u2019ici \u00e0 2029.</p><p>Cet alourdissement consid\u00e9rable du co\u00fbt de l\u2019aide sociale tient aussi au faible taux d\u2019activit\u00e9 des b\u00e9n\u00e9ficiaires du statut&nbsp;S, lequel plafonnait \u00e0 36,6&nbsp;% en moyenne le 31&nbsp;mars 2026.</p><p>Le 16&nbsp;mars 2026, le groupe UDC a d\u00e9pos\u00e9 la motion 26.3132, qui vise \u00e0 emp\u00eacher la transformation du statut&nbsp;S en permis de s\u00e9jour et l\u2019\u00e9galit\u00e9 avec la population suisse en mati\u00e8re d\u2019aide sociale.</p>","ReasonText":"<ol style=\"list-style-type:decimal;\"><li>Le Conseil f\u00e9d\u00e9ral est-il dispos\u00e9 \u00e0 consulter le Parlement sur la motion&nbsp;26.3132 avant la transformation des 45&nbsp;722&nbsp;statuts S en permis B, afin de tenir compte de son avis&nbsp;?<br>&nbsp;</li><li>Au cas o\u00f9 le Parlement n\u2019approuverait la motion qu\u2019apr\u00e8s la transformation, celle-ci serait-elle annul\u00e9e&nbsp;?<br>&nbsp;</li><li>Le Conseil f\u00e9d\u00e9ral est-il dispos\u00e9 \u00e0 modifier l\u2019art.&nbsp;3, al.&nbsp;1, de l\u2019ordonnance&nbsp;2 du 11&nbsp;ao\u00fbt 1999 sur l\u2019asile de mani\u00e8re \u00e0 supprimer, dans le droit f\u00e9d\u00e9ral, l\u2019\u00e9galit\u00e9 de traitement des personnes \u00e0 prot\u00e9ger titulaires d\u2019une autorisation de s\u00e9jour avec les personnes r\u00e9sidant en Suisse, et d\u2019\u00e9viter ainsi d\u2019alourdir de plusieurs millions de francs la charge qui p\u00e8se sur les cantons et les communes&nbsp;?<br>&nbsp;</li><li>L\u2019accroissement de l\u2019aide sociale de plusieurs millions \u00e0 partir de 2027 risque d\u2019affaiblir encore le taux d\u2019activit\u00e9. Quelles mesures le Conseil f\u00e9d\u00e9ral pr\u00e9voit-il concr\u00e8tement pour exiger l\u2019int\u00e9gration professionnelle des personnes \u00e0 prot\u00e9ger, et est-il dispos\u00e9 \u00e0 instaurer des exigences plus s\u00e9v\u00e8res \u00e0 cet \u00e9gard&nbsp;? Si oui, lesquelles&nbsp;? Sinon, pourquoi&nbsp;?</li></ol>","DocumentationText":null,"MotionText":null,"FederalCouncilResponseText":"<p>1. Le Conseil f\u00e9d\u00e9ral a exprim\u00e9 son avis sur la <a href=\"https://www.parlament.ch/fr/ratsbetrieb/suche-curia-vista/geschaeft?AffairId=20263132\"><u>motion du </u>groupe de l\u2019Union d\u00e9mocratique du centre<u> 26.3132</u></a> \u00ab&nbsp;Emp\u00eacher la transformation automatique des statuts S en permis de s\u00e9jour au bout de cinq ans. Pas d\u2019\u00e9galit\u00e9 avec la population suisse en mati\u00e8re d\u2019aide sociale&nbsp;\u00bb le 20&nbsp;mai 2026, en recommandant de la rejeter. Elle doit \u00e0 pr\u00e9sent \u00eatre examin\u00e9e par le conseil prioritaire. Le Conseil f\u00e9d\u00e9ral n\u2019a aucune influence sur le calendrier des travaux parlementaires.</p><p>&nbsp;</p><p>2. Les autorisations de s\u00e9jour d\u00e9j\u00e0 d\u00e9livr\u00e9es restent valables m\u00eame si la loi change, \u00e0 moins que le l\u00e9gislateur en d\u00e9cide autrement.</p><p>&nbsp;</p><p>3. Le Conseil f\u00e9d\u00e9ral a mis en consultation le 12&nbsp;ao\u00fbt&nbsp;2026 un projet de modification en ce sens de l\u2019ordonnance. </p><p>&nbsp;</p><p>4. Le 28&nbsp;mai 2025, le Conseil f\u00e9d\u00e9ral a fix\u00e9 \u00e0 50&nbsp;% le taux d\u2019activit\u00e9 \u00e0 atteindre pour les b\u00e9n\u00e9ficiaires du statut S qui vivent en Suisse depuis au moins trois ans. Fin mai 2026, ce taux s\u2019\u00e9levait \u00e0 47,6&nbsp;%. Afin de donner un caract\u00e8re plus contraignant \u00e0 l\u2019encouragement de l\u2019int\u00e9gration des personnes \u00e0 prot\u00e9ger, les cantons peuvent, depuis le 1<sup>er</sup>&nbsp;d\u00e9cembre 2025, obliger les titulaires du statut&nbsp;S \u00e0 participer \u00e0 des mesures d\u2019int\u00e9gration ou de r\u00e9int\u00e9gration professionnelle. Si, sans motif valable, ils ne s\u2019acquittent pas de cette obligation, les cantons peuvent r\u00e9duire les prestations d\u2019aide sociale qu\u2019ils per\u00e7oivent. Le 27&nbsp;mai 2026, le Conseil f\u00e9d\u00e9ral a par ailleurs adopt\u00e9 le message relatif \u00e0 une r\u00e9vision de la loi pr\u00e9voyant que les b\u00e9n\u00e9ficiaires du statut S qui sont sans emploi et qui pr\u00e9sentent une employabilit\u00e9 suffisante doivent \u00eatre annonc\u00e9s au service public de l\u2019emploi. Le projet est en cours d\u2019examen au Parlement (26.045n). Le Conseil f\u00e9d\u00e9ral estime que les mesures d\u00e9j\u00e0 en place et celles qui ont \u00e9t\u00e9 adopt\u00e9es renforcent de mani\u00e8re cibl\u00e9e l\u2019int\u00e9gration professionnelle. Avant d\u2019envisager de nouvelles d\u00e9marches, il faut surtout appliquer ces mesures avec rigueur.</p>","FederalCouncilProposal":null,"FederalCouncilProposalText":null,"FederalCouncilProposalDate":"\/Date(1788307200000)\/","SubmittedBy":"Riner Christoph","BusinessStatus":203,"BusinessStatusText":"L\u2019avis relatif \u00e0 l\u2019intervention est disponible","BusinessStatusDate":"\/Date(1788344939000)\/","ResponsibleDepartment":5,"ResponsibleDepartmentName":"D\u00e9partement de justice et police","ResponsibleDepartmentAbbreviation":"DFJP","IsLeadingDepartment":true,"Tags":"4|24|2811|2836","Category":null,"Modified":"\/Date(1788431351230)\/","SubmissionDate":"\/Date(1781740800000)\/","SubmissionCouncil":1,"SubmissionCouncilName":"Conseil national","SubmissionCouncilAbbreviation":"CN","SubmissionSession":5214,"SubmissionLegislativePeriod":52,"FirstCouncil1":1,"FirstCouncil1Name":"Conseil national","FirstCouncil1Abbreviation":"CN","FirstCouncil2":null,"FirstCouncil2Name":null,"FirstCouncil2Abbreviation":null,"TagNames":"Politique d'Etat|Finances|Politique migratoire|Protection sociale"}}