{"d":{"__metadata":{"id":"https://ws.parlament.ch/OData.svc/Business(ID=20263802,Language='FR')","uri":"https://ws.parlament.ch/OData.svc/Business(ID=20263802,Language='FR')","type":"itsystems.Pd.DataServices.DataModel.Business"},"BusinessResponsibilities":{"__deferred":{"uri":"https://ws.parlament.ch/OData.svc/Business(ID=20263802,Language='FR')/BusinessResponsibilities"}},"RelatedBusinesses":{"__deferred":{"uri":"https://ws.parlament.ch/OData.svc/Business(ID=20263802,Language='FR')/RelatedBusinesses"}},"BusinessRoles":{"__deferred":{"uri":"https://ws.parlament.ch/OData.svc/Business(ID=20263802,Language='FR')/BusinessRoles"}},"Publications":{"__deferred":{"uri":"https://ws.parlament.ch/OData.svc/Business(ID=20263802,Language='FR')/Publications"}},"LegislativePeriods":{"__deferred":{"uri":"https://ws.parlament.ch/OData.svc/Business(ID=20263802,Language='FR')/LegislativePeriods"}},"Sessions":{"__deferred":{"uri":"https://ws.parlament.ch/OData.svc/Business(ID=20263802,Language='FR')/Sessions"}},"Preconsultations":{"__deferred":{"uri":"https://ws.parlament.ch/OData.svc/Business(ID=20263802,Language='FR')/Preconsultations"}},"Bills":{"__deferred":{"uri":"https://ws.parlament.ch/OData.svc/Business(ID=20263802,Language='FR')/Bills"}},"Councils":{"__deferred":{"uri":"https://ws.parlament.ch/OData.svc/Business(ID=20263802,Language='FR')/Councils"}},"BusinessTypes":{"__deferred":{"uri":"https://ws.parlament.ch/OData.svc/Business(ID=20263802,Language='FR')/BusinessTypes"}},"Votes":{"__deferred":{"uri":"https://ws.parlament.ch/OData.svc/Business(ID=20263802,Language='FR')/Votes"}},"SubjectsBusiness":{"__deferred":{"uri":"https://ws.parlament.ch/OData.svc/Business(ID=20263802,Language='FR')/SubjectsBusiness"}},"BusinessStates":{"__deferred":{"uri":"https://ws.parlament.ch/OData.svc/Business(ID=20263802,Language='FR')/BusinessStates"}},"Council":{"__deferred":{"uri":"https://ws.parlament.ch/OData.svc/Business(ID=20263802,Language='FR')/Council"}},"Transcripts":{"__deferred":{"uri":"https://ws.parlament.ch/OData.svc/Business(ID=20263802,Language='FR')/Transcripts"}},"ID":20263802,"Language":"FR","BusinessShortNumber":"26.3802","BusinessType":8,"BusinessTypeName":"Interpellation","BusinessTypeAbbreviation":"Ip.","Title":"Les tiques gagnent du terrain. Le Conseil f\u00e9d\u00e9ral s'en pr\u00e9occupe-t-il ?","Description":null,"InitialSituation":null,"Proceedings":null,"DraftText":null,"SubmittedText":"<p>Les tiques gagnent du terrain. De nouvelles esp\u00e8ces se propagent, entra\u00eenant avec elles de nouvelles maladies. Or la surveillance n\u2019est pas syst\u00e9matique&nbsp;: les donn\u00e9es n\u2019apparaissent dans les statistiques officielles qu\u2019une fois que les personnes sont tomb\u00e9es malades. Impossible, pour ceux qui le souhaitent, de lancer une alerte plus t\u00f4t.</p><p>Dans le m\u00eame temps, les personnes souffrant de maladies chroniques cons\u00e9cutives \u00e0 des infections transmises par les tiques passent entre les mailles du filet&nbsp;: celles qui ne correspondent pas au sch\u00e9ma de diagnostic habituel ne b\u00e9n\u00e9ficient souvent ni d\u2019un traitement adapt\u00e9 ni d\u2019une couverture d\u2019assurance. Les co\u00fbts indirects \u2013 prestations de l\u2019AI, s\u00e9quelles psychiques, litiges d\u2019assurance de longue haleine \u2013 devraient d\u00e9passer les co\u00fbts de traitement officiellement enregistr\u00e9s.</p><p>L\u2019approche One Health (Une seule sant\u00e9) de l\u2019OSAV offre un cadre prometteur, mais n\u2019en est encore qu\u2019\u00e0 ses d\u00e9buts. Il manque une surveillance coordonn\u00e9e sur le terrain, une collaboration interdisciplinaire et un interlocuteur pour les personnes souffrant de maladies chroniques d\u2019origine ind\u00e9termin\u00e9e.</p><p>Le Conseil f\u00e9d\u00e9ral est pri\u00e9 de r\u00e9pondre aux questions suivantes&nbsp;:</p><ol style=\"list-style-type:decimal;\"><li>Quels sont les services charg\u00e9s de la surveillance des esp\u00e8ces de tiques envahissantes, et comment les signalements \u00e9manant de la population sont-ils syst\u00e9matiquement enregistr\u00e9s&nbsp;?</li><li>Le Conseil f\u00e9d\u00e9ral envisage-t-il, dans le cadre de One Health (Une seule sant\u00e9), de mettre en place une surveillance pr\u00e9ventive des tiques permettant de collecter des donn\u00e9es sur le terrain avant l\u2019apparition de cas d\u2019infection&nbsp;?</li><li>Comment \u00e9value-t-il le risque que repr\u00e9sentent les esp\u00e8ces de tiques envahissantes telles que Hyalomma marginatum, et quelles mesures de d\u00e9tection pr\u00e9coce sont pr\u00e9vues&nbsp;?</li><li>Quelles donn\u00e9es le Conseil f\u00e9d\u00e9ral collecte-t-il concernant les \u00e9volutions chroniques li\u00e9es aux infections transmises par les tiques, et comment \u00e9value-t-il les lacunes existantes dans ces donn\u00e9es&nbsp;?</li><li>Quelles mesures prend-il pour que les personnes souffrant de s\u00e9quelles chroniques par suite d\u2019une infection b\u00e9n\u00e9ficient d\u2019une prise en charge m\u00e9dicale et d\u2019une couverture d\u2019assurance, m\u00eame si leurs sympt\u00f4mes ne correspondent pas aux d\u00e9finitions de cas habituelles&nbsp;?</li></ol>","ReasonText":null,"DocumentationText":null,"MotionText":null,"FederalCouncilResponseText":"<p>1. Tout comme les esp\u00e8ces de tiques indig\u00e8nes, les esp\u00e8ces de tiques exotiques envahissantes peuvent causer des probl\u00e8mes de sant\u00e9 chez les humains et les animaux, ce qui peut aussi engendrer des dommages \u00e9conomiques. La surveillance des esp\u00e8ces de tiques exotiques envahissantes incombe en principe \u00e0 l\u2019Office f\u00e9d\u00e9ral de l\u2019environnement (OFEV). La lutte contre ces esp\u00e8ces incombent aux cantons (art.&nbsp;50&nbsp;ss de l\u2019ordonnance sur la diss\u00e9mination dans l\u2019environnement [ODE&nbsp;; RS&nbsp;814.911]).</p><p>La fondation Info fauna est le centre de donn\u00e9es et d\u2019informations pour la faune sauvage de Suisse (y c. pour les tiques). Elle centralise, analyse et met \u00e0 disposition les donn\u00e9es et informations sur la faune de Suisse (www.infofauna.ch).</p><p>&nbsp;</p><p>2. et 3. L\u2019Office f\u00e9d\u00e9ral de la s\u00e9curit\u00e9 alimentaire et des affaires v\u00e9t\u00e9rinaires (OSAV) et d\u2019autres offices f\u00e9d\u00e9raux ont charg\u00e9 l\u2019universit\u00e9 de Zurich d\u2019\u00e9laborer une cartographie des esp\u00e8ces de tiques pr\u00e9sentes en Suisse et de leurs agents pathog\u00e8nes selon l\u2019approche \u00ab&nbsp;One Health&nbsp;\u00bb. Une analyse d\u2019\u00e9chantillons r\u00e9alis\u00e9e en 2025 a r\u00e9v\u00e9l\u00e9 que sur les 9500&nbsp;tiques examin\u00e9es, seul un sp\u00e9cimen appartenait \u00e0 l\u2019esp\u00e8ce <i>Hyalomma marginatum</i>, qui n\u2019est pas un organisme exotique envahissant au sens de l\u2019ODE. Les r\u00e9sultats finaux de cette \u00e9tude sont attendus pour l\u2019\u00e9t\u00e9&nbsp;2027. Le Conseil f\u00e9d\u00e9ral pourra ensuite \u00e9valuer s\u2019il est pertinent d\u2019organiser une surveillance int\u00e9gr\u00e9e des tiques en Suisse.</p><p>&nbsp;</p><p>4. En Suisse, les maladies transmises \u00e0 l\u2019\u00eatre humain par les tiques font l\u2019objet d\u2019un monitorage dans le cadre des syst\u00e8mes de surveillance et de d\u00e9claration existants. Le syst\u00e8me de d\u00e9claration obligatoire consiste \u00e0 r\u00e9colter et \u00e0 analyser notamment des donn\u00e9es relatives \u00e0 la d\u00e9mographie, au diagnostic et \u00e0 l\u2019exposition en lien avec des maladies soumises \u00e0 d\u00e9claration, comme la m\u00e9ningo-enc\u00e9phalite verno-estivale (MEVE) et la tular\u00e9mie. Le syst\u00e8me de d\u00e9claration volontaire Sentinella pour la surveillance des maladies transmissibles non soumises \u00e0 d\u00e9claration consiste en outre \u00e0 relever des donn\u00e9es sur les d\u00e9buts d\u2019un traitement contre la borr\u00e9liose ainsi que sur les s\u00e9quelles tardives de cette maladie. Toutefois, il est souvent difficile d\u2019attribuer avec certitude des sympt\u00f4mes persistants non sp\u00e9cifiques \u00e0 une infection ant\u00e9rieure transmise par une tique.</p><p>L\u2019Office f\u00e9d\u00e9ral de la sant\u00e9 publique (OFSP) est en contact r\u00e9gulier avec des chercheurs ainsi qu\u2019avec la Ligue suisse des personnes atteintes de maladies \u00e0 tiques&nbsp;; il lance et soutient divers projets de recherche et de pr\u00e9vention en Suisse. Par ailleurs, en tant que membre du sous-organe \u00ab&nbsp;One Health&nbsp;\u00bb, l\u2019OFSP \u00e9labore un plan d\u2019action (<i>swiss tick action plan</i>) en collaboration avec l\u2019OSAV&nbsp;; la publication de ce plan d\u2019action est pr\u00e9vue pour cette ann\u00e9e.</p><p>&nbsp;</p><p>5. La morsure de tique est consid\u00e9r\u00e9e comme un accident. Lorsqu\u2019un assur\u00e9 d\u00e9clare une atteinte \u00e0 la sant\u00e9 apr\u00e8s une morsure de tique, il revient donc au m\u00e9decin expert de l\u2019assurance accident d\u2019appr\u00e9cier si l\u2019\u00e9v\u00e9nement d\u00e9clar\u00e9 constitue bien l\u2019origine des troubles constat\u00e9s. En l\u2019absence de certitude scientifique, ce m\u00e9decin expert devra d\u00e9finir s\u2019il existe des preuves pr\u00e9pond\u00e9rantes permettant d\u2019\u00e9tablir un lien de causalit\u00e9 entre la morsure d\u00e9clar\u00e9e et les troubles subis. C\u2019est sur cette base que l\u2019assurance accident entre en mati\u00e8re pour une prise en charge des frais li\u00e9s au traitement des cons\u00e9quences d\u2019une morsure de tique. En vertu de la f\u00e9d\u00e9rale sur l\u2019assurance-maladie (LAMal&nbsp;; RS&nbsp;832.10), l\u2019assurance obligatoire des soins (AOS) prend en charge l\u2019ensemble des examens et traitements efficaces, appropri\u00e9s et \u00e9conomiques des fournisseurs de prestations admis, m\u00eame lorsque les sympt\u00f4mes ne correspondent pas aux d\u00e9finitions de cas habituelles. Les personnes sans activit\u00e9 professionnelle (enfants, retrait\u00e9s, etc.) sont assur\u00e9es contre les accidents et la maladie via l\u2019AOS. Le Conseil f\u00e9d\u00e9ral estime ainsi qu\u2019il n\u2019est pas n\u00e9cessaire de prendre de mesures suppl\u00e9mentaires.</p>","FederalCouncilProposal":null,"FederalCouncilProposalText":null,"FederalCouncilProposalDate":"\/Date(1787702400000)\/","SubmittedBy":"Schlatter Marionna","BusinessStatus":203,"BusinessStatusText":"L\u2019avis relatif \u00e0 l\u2019intervention est disponible","BusinessStatusDate":"\/Date(1787742277000)\/","ResponsibleDepartment":4,"ResponsibleDepartmentName":"D\u00e9partement de l'int\u00e9rieur","ResponsibleDepartmentAbbreviation":"DFI","IsLeadingDepartment":true,"Tags":"2841","Category":null,"Modified":"\/Date(1787828688127)\/","SubmissionDate":"\/Date(1781740800000)\/","SubmissionCouncil":1,"SubmissionCouncilName":"Conseil national","SubmissionCouncilAbbreviation":"CN","SubmissionSession":5214,"SubmissionLegislativePeriod":52,"FirstCouncil1":1,"FirstCouncil1Name":"Conseil national","FirstCouncil1Abbreviation":"CN","FirstCouncil2":null,"FirstCouncil2Name":null,"FirstCouncil2Abbreviation":null,"TagNames":"Sant\u00e9"}}