{"d":{"__metadata":{"id":"https://ws.parlament.ch/OData.svc/Business(ID=20263807,Language='FR')","uri":"https://ws.parlament.ch/OData.svc/Business(ID=20263807,Language='FR')","type":"itsystems.Pd.DataServices.DataModel.Business"},"BusinessResponsibilities":{"__deferred":{"uri":"https://ws.parlament.ch/OData.svc/Business(ID=20263807,Language='FR')/BusinessResponsibilities"}},"RelatedBusinesses":{"__deferred":{"uri":"https://ws.parlament.ch/OData.svc/Business(ID=20263807,Language='FR')/RelatedBusinesses"}},"BusinessRoles":{"__deferred":{"uri":"https://ws.parlament.ch/OData.svc/Business(ID=20263807,Language='FR')/BusinessRoles"}},"Publications":{"__deferred":{"uri":"https://ws.parlament.ch/OData.svc/Business(ID=20263807,Language='FR')/Publications"}},"LegislativePeriods":{"__deferred":{"uri":"https://ws.parlament.ch/OData.svc/Business(ID=20263807,Language='FR')/LegislativePeriods"}},"Sessions":{"__deferred":{"uri":"https://ws.parlament.ch/OData.svc/Business(ID=20263807,Language='FR')/Sessions"}},"Preconsultations":{"__deferred":{"uri":"https://ws.parlament.ch/OData.svc/Business(ID=20263807,Language='FR')/Preconsultations"}},"Bills":{"__deferred":{"uri":"https://ws.parlament.ch/OData.svc/Business(ID=20263807,Language='FR')/Bills"}},"Councils":{"__deferred":{"uri":"https://ws.parlament.ch/OData.svc/Business(ID=20263807,Language='FR')/Councils"}},"BusinessTypes":{"__deferred":{"uri":"https://ws.parlament.ch/OData.svc/Business(ID=20263807,Language='FR')/BusinessTypes"}},"Votes":{"__deferred":{"uri":"https://ws.parlament.ch/OData.svc/Business(ID=20263807,Language='FR')/Votes"}},"SubjectsBusiness":{"__deferred":{"uri":"https://ws.parlament.ch/OData.svc/Business(ID=20263807,Language='FR')/SubjectsBusiness"}},"BusinessStates":{"__deferred":{"uri":"https://ws.parlament.ch/OData.svc/Business(ID=20263807,Language='FR')/BusinessStates"}},"Council":{"__deferred":{"uri":"https://ws.parlament.ch/OData.svc/Business(ID=20263807,Language='FR')/Council"}},"Transcripts":{"__deferred":{"uri":"https://ws.parlament.ch/OData.svc/Business(ID=20263807,Language='FR')/Transcripts"}},"ID":20263807,"Language":"FR","BusinessShortNumber":"26.3807","BusinessType":8,"BusinessTypeName":"Interpellation","BusinessTypeAbbreviation":"Ip.","Title":"Transition \u00e9nerg\u00e9tique. Privil\u00e9gier le refroidissement au gaspillage pour le bien des personnes, de la sant\u00e9 et de l'\u00e9conomie","Description":null,"InitialSituation":null,"Proceedings":null,"DraftText":null,"SubmittedText":"<p>Le Conseil f\u00e9d\u00e9ral est pri\u00e9 de bien vouloir r\u00e9pondre aux questions suivantes&nbsp;:</p><ol style=\"list-style-type:decimal;\"><li>Reconna\u00eet-il que les groupes vuln\u00e9rables, notamment les personnes \u00e2g\u00e9es, les malades et les enfants, ainsi que certaines cat\u00e9gories professionnelles, par exemple le personnel soignant et le corps enseignant, ne sont pas suffisamment prot\u00e9g\u00e9s face \u00e0 la multiplication des vagues de chaleur dues au changement climatique ?</li><li>La Conf\u00e9d\u00e9ration prend d\u00e9j\u00e0 une s\u00e9rie de mesures pour prot\u00e9ger la population contre la chaleur (voir la r\u00e9ponse au postulat 22.4248). Le recours accru au refroidissement actif gr\u00e2ce aux syst\u00e8mes de climatisation ne semble toutefois gu\u00e8re jouer de r\u00f4le \u00e0 cet \u00e9gard. Quelles en sont les raisons ?</li><li>Le Conseil f\u00e9d\u00e9ral partage-t-il l\u2019avis selon lequel les syst\u00e8mes de climatisation peuvent contribuer de mani\u00e8re significative \u00e0 la protection contre la chaleur, qu\u2019ils sont acceptables, voire avantageux, des points de vue \u00e9nerg\u00e9tique, \u00e9conomique et climatique, et qu\u2019ils peuvent d\u00e9montrer \u00e0 la population la plus-value concr\u00e8te qu\u2019offre le d\u00e9veloppement des \u00e9nergies renouvelables, en particulier l\u2019\u00e9nergie solaire ?</li><li>Quelles possibilit\u00e9s voit-il pour encourager l\u2019utilisation cibl\u00e9e des syst\u00e8mes de climatisation afin de prot\u00e9ger la population et d\u2019aider les cantons en la mati\u00e8re ?</li></ol>","ReasonText":"<p>La chaleur constitue un risque sanitaire s\u00e9rieux, en particulier pour les groupes vuln\u00e9rables que sont notamment les personnes \u00e2g\u00e9es et les malades : il est prouv\u00e9 que l\u2019augmentation des temp\u00e9ratures int\u00e9rieures entra\u00eene chez ces personnes une hausse critique de la morbidit\u00e9 et de la mortalit\u00e9. La chaleur constitue en outre un risque \u00e9conomique : une \u00e9tude arrive \u00e0 la conclusion qu\u2019une seule et unique vague de chaleur pourrait co\u00fbter \u00e0 l\u2019Europe jusqu\u2019\u00e0 0,5&nbsp;% de son PIB, soit un pr\u00e9judice comparable aux r\u00e9percussions, estim\u00e9es par le KOF, des droits de douane am\u00e9ricains initiaux sur l\u2019\u00e9conomie suisse. De plus, la chaleur nuit \u00e0 la qualit\u00e9 de vie de l\u2019ensemble de la population, en particulier dans les b\u00e2timents mal r\u00e9nov\u00e9s ou difficiles \u00e0 r\u00e9nover, tels que les immeubles anciens, ou dans les \u00e9tablissements accueillant des personnes vuln\u00e9rables, par exemple les h\u00f4pitaux mal climatis\u00e9s.</p><p>La Conf\u00e9d\u00e9ration prend certes une s\u00e9rie de mesures de protection contre la chaleur, mais l\u2019utilisation des syst\u00e8mes de climatisation n\u2019est gu\u00e8re prise en compte. Cette attitude est surprenante, car, au vu de l\u2019exc\u00e9dent croissant d\u2019\u00e9lectricit\u00e9 pendant les mois d\u2019\u00e9t\u00e9 et des progr\u00e8s technologiques, l\u2019utilisation de syst\u00e8mes de climatisation semble aujourd\u2019hui tout \u00e0 fait acceptable. Dans le meilleur des cas, les syst\u00e8mes de climatisation pourraient m\u00eame apporter une plus-value, par exemple en contribuant \u00e0 r\u00e9duire les prix n\u00e9gatifs de l\u2019\u00e9lectricit\u00e9 en \u00e9t\u00e9 ou en rendant visible pour la population l\u2019int\u00e9r\u00eat concret de la strat\u00e9gie \u00e9nerg\u00e9tique de la Conf\u00e9d\u00e9ration et du d\u00e9veloppement de l\u2019\u00e9nergie solaire.</p>","DocumentationText":null,"MotionText":null,"FederalCouncilResponseText":"<p>1) Le Conseil f\u00e9d\u00e9ral est au fait de la probl\u00e9matique de l\u2019accentuation des fortes chaleurs. Selon l\u2019analyse des risques climatiques publi\u00e9e par l\u2019Office f\u00e9d\u00e9ral de l\u2019environnement (OFEV) le 5&nbsp;juin&nbsp;2025, les atteintes \u00e0 la sant\u00e9 humaine caus\u00e9es par la hausse des temp\u00e9ratures repr\u00e9sentent le plus grand risque climatique auquel la Suisse doit faire face. Non seulement les temp\u00e9ratures \u00e9lev\u00e9es nuisent au bien-\u00eatre et \u00e0 la productivit\u00e9, mais elles entra\u00eenent \u00e9galement une hausse de la morbidit\u00e9 et de la mortalit\u00e9. La responsabilit\u00e9 de prot\u00e9ger la population contre l\u2019accentuation des fortes chaleurs revient principalement aux cantons et aux communes. La Conf\u00e9d\u00e9ration les soutient \u00e0 l\u2019aide de ressources telles que la \u00ab&nbsp;Bo\u00eete \u00e0 outils 2021 de mesures contre la chaleur&nbsp;\u00bb (Office f\u00e9d\u00e9ral de la sant\u00e9 publique) et d\u2019aides \u00e0 la planification telles que \u00ab&nbsp;Quand la ville surchauffe&nbsp;\u00bb et \u00ab&nbsp;Eau de pluie dans l\u2019espace urbain&nbsp;\u00bb (OFEV et Office f\u00e9d\u00e9ral du d\u00e9veloppement territorial [ARE]), ou encore \u00ab&nbsp;Pour un d\u00e9veloppement urbain adapt\u00e9 au climat dans les communes&nbsp;\u00bb (ARE). En ce qui concerne la protection des travailleurs contre la chaleur excessive, la comp\u00e9tence revient \u00e0 l\u2019Inspection f\u00e9d\u00e9rale du travail du Secr\u00e9tariat d\u2019\u00c9tat \u00e0 l\u2019\u00e9conomie et aux inspections cantonales du travail. La protection de la sant\u00e9 est r\u00e9gl\u00e9e dans l\u2019ordonnance&nbsp;3 relative \u00e0 la loi sur le travail (RS&nbsp;822.113). </p><p>&nbsp;</p><p>2) et 3) L\u2019autorisation d\u2019\u00e9quiper les b\u00e2timents de syst\u00e8mes de climatisation est du ressort des cantons et des communes. Le Conseil f\u00e9d\u00e9ral partage l\u2019avis selon lequel les syst\u00e8mes de climatisation peuvent fortement contribuer \u00e0 la protection des groupes de population particuli\u00e8rement vuln\u00e9rables dans les b\u00e2timents touch\u00e9s par la chaleur (h\u00f4pitaux, \u00e9tablissements m\u00e9dico-sociaux, \u00e9coles, etc.). Il adopte en la mati\u00e8re une approche int\u00e9gr\u00e9e, qui consiste \u00e0 instaurer en premier lieu des mesures passives et des mesures de construction, telles qu\u2019un ombrage ext\u00e9rieur, pour \u00e9viter la chaleur excessive dans les b\u00e2timents. Lorsque ces mesures n\u2019ont pas l\u2019effet escompt\u00e9 et qu\u2019un refroidissement actif s\u2019av\u00e8re n\u00e9cessaire, il peut \u00eatre judicieux de recourir, \u00e0 titre compl\u00e9mentaire, \u00e0 des appareils efficaces sur le plan \u00e9nerg\u00e9tique. Il convient toutefois de tenir compte du fait que les installations de climatisation consomment de l\u2019\u00e9lectricit\u00e9 et requi\u00e8rent une production d\u2019\u00e9lectricit\u00e9 fiable. </p><p>&nbsp;</p><p>4) La Conf\u00e9d\u00e9ration soutient les mesures d\u2019adaptation aux changements climatiques prises par les cantons, les communes et les particuliers \u00e0 l\u2019aide du programme Adapt+. Les demandes sont \u00e9valu\u00e9es et prioris\u00e9es en fonction de leur impact et de leur contribution \u00e0 la r\u00e9duction des risques \u00e0 long terme. Il n\u2019est pas pr\u00e9vu d\u2019encourager le refroidissement actif. En revanche, un soutien est accord\u00e9 aux mesures efficaces \u00e0 long terme pour le refroidissement passif des b\u00e2timents et des locaux publics (ombrage, v\u00e9g\u00e9talisation, ventilation).</p>","FederalCouncilProposal":null,"FederalCouncilProposalText":null,"FederalCouncilProposalDate":"\/Date(1786492800000)\/","SubmittedBy":"H\u00e4ssig Patrick","BusinessStatus":203,"BusinessStatusText":"L\u2019avis relatif \u00e0 l\u2019intervention est disponible","BusinessStatusDate":"\/Date(1786532619000)\/","ResponsibleDepartment":9,"ResponsibleDepartmentName":"D\u00e9partement  de l'environnement, des transports, de l'\u00e9nergie et de la communication","ResponsibleDepartmentAbbreviation":"DETEC","IsLeadingDepartment":true,"Tags":"15|52|66|2841","Category":null,"Modified":"\/Date(1786619034477)\/","SubmissionDate":"\/Date(1781740800000)\/","SubmissionCouncil":1,"SubmissionCouncilName":"Conseil national","SubmissionCouncilAbbreviation":"CN","SubmissionSession":5214,"SubmissionLegislativePeriod":52,"FirstCouncil1":1,"FirstCouncil1Name":"Conseil national","FirstCouncil1Abbreviation":"CN","FirstCouncil2":null,"FirstCouncil2Name":null,"FirstCouncil2Abbreviation":null,"TagNames":"\u00c9conomie|Environnement|\u00c9nergie|Sant\u00e9"}}