{"d":{"__metadata":{"id":"https://ws.parlament.ch/OData.svc/Business(ID=20263827,Language='FR')","uri":"https://ws.parlament.ch/OData.svc/Business(ID=20263827,Language='FR')","type":"itsystems.Pd.DataServices.DataModel.Business"},"BusinessResponsibilities":{"__deferred":{"uri":"https://ws.parlament.ch/OData.svc/Business(ID=20263827,Language='FR')/BusinessResponsibilities"}},"RelatedBusinesses":{"__deferred":{"uri":"https://ws.parlament.ch/OData.svc/Business(ID=20263827,Language='FR')/RelatedBusinesses"}},"BusinessRoles":{"__deferred":{"uri":"https://ws.parlament.ch/OData.svc/Business(ID=20263827,Language='FR')/BusinessRoles"}},"Publications":{"__deferred":{"uri":"https://ws.parlament.ch/OData.svc/Business(ID=20263827,Language='FR')/Publications"}},"LegislativePeriods":{"__deferred":{"uri":"https://ws.parlament.ch/OData.svc/Business(ID=20263827,Language='FR')/LegislativePeriods"}},"Sessions":{"__deferred":{"uri":"https://ws.parlament.ch/OData.svc/Business(ID=20263827,Language='FR')/Sessions"}},"Preconsultations":{"__deferred":{"uri":"https://ws.parlament.ch/OData.svc/Business(ID=20263827,Language='FR')/Preconsultations"}},"Bills":{"__deferred":{"uri":"https://ws.parlament.ch/OData.svc/Business(ID=20263827,Language='FR')/Bills"}},"Councils":{"__deferred":{"uri":"https://ws.parlament.ch/OData.svc/Business(ID=20263827,Language='FR')/Councils"}},"BusinessTypes":{"__deferred":{"uri":"https://ws.parlament.ch/OData.svc/Business(ID=20263827,Language='FR')/BusinessTypes"}},"Votes":{"__deferred":{"uri":"https://ws.parlament.ch/OData.svc/Business(ID=20263827,Language='FR')/Votes"}},"SubjectsBusiness":{"__deferred":{"uri":"https://ws.parlament.ch/OData.svc/Business(ID=20263827,Language='FR')/SubjectsBusiness"}},"BusinessStates":{"__deferred":{"uri":"https://ws.parlament.ch/OData.svc/Business(ID=20263827,Language='FR')/BusinessStates"}},"Council":{"__deferred":{"uri":"https://ws.parlament.ch/OData.svc/Business(ID=20263827,Language='FR')/Council"}},"Transcripts":{"__deferred":{"uri":"https://ws.parlament.ch/OData.svc/Business(ID=20263827,Language='FR')/Transcripts"}},"ID":20263827,"Language":"FR","BusinessShortNumber":"26.3827","BusinessType":8,"BusinessTypeName":"Interpellation","BusinessTypeAbbreviation":"Ip.","Title":"O\u00f9 en est le cinqui\u00e8me Plan d'action national relatif \u00e0 la mise en oeuvre, en Suisse, de la r\u00e9solution du Conseil de s\u00e9curit\u00e9 de l'ONU sur les femmes, la paix et la s\u00e9curit\u00e9 ?","Description":null,"InitialSituation":null,"Proceedings":null,"DraftText":null,"SubmittedText":"<p>La r\u00e9solution 1325 du Conseil de s\u00e9curit\u00e9 des Nations unies pose les fondements du programme \u00ab Femmes, paix et s\u00e9curit\u00e9 \u00bb (WPS), par lequel les \u00c9tats membres s\u2019engagent \u00e0 garantir la participation des femmes, sur un pied d\u2019\u00e9galit\u00e9, \u00e0 la promotion de la paix et au r\u00e8glement des diff\u00e9rends, ainsi qu\u2019\u00e0 la pr\u00e9vention de la violence sexiste dans les conflits. Depuis 2007, la Suisse s\u2019est dot\u00e9e de quatre plans d\u2019action nationaux (PAN), dont le dernier est arriv\u00e9 \u00e0 \u00e9ch\u00e9ance il y a plus d\u2019un an.</p><p>&nbsp;</p><p>L'urgence d'un nouveau PAN est incontestable : selon le Secr\u00e9taire g\u00e9n\u00e9ral de l'ONU, 676 millions de femmes vivent dans un rayon de 50 km autour de zones de conflit, chiffre qui n'avait plus \u00e9t\u00e9 atteint depuis les ann\u00e9es 1990. La violence sexiste dans les conflits prend rapidement de l\u2019ampleur, tandis que les coupes budg\u00e9taires \u00e0 l'\u00e9chelle mondiale mettent en p\u00e9ril les mesures de protection et de pr\u00e9vention.</p><p>&nbsp;</p><p>La Suisse s\u2019est fermement engag\u00e9e \u00e0 l\u2019international en faveur du programme WPS. En 2022, elle a codirig\u00e9 avec l\u2019Afrique du Sud le R\u00e9seau mondial des points focaux WPS, en 2023-2024, elle a fait du WPS une priorit\u00e9 au Conseil de s\u00e9curit\u00e9 de l\u2019ONU et en octobre 2024, la conseill\u00e8re f\u00e9d\u00e9rale Viola Amherd y a pr\u00e9sid\u00e9 le d\u00e9bat public consacr\u00e9 \u00e0 ce programme. Depuis lors, plus aucune information n\u2019a \u00e9t\u00e9 communiqu\u00e9e sur l\u2019\u00e9tat d\u2019avancement du nouveau PAN. Il est toutefois int\u00e9ressant de noter que le site du DFAE mentionne les priorit\u00e9s d\u2019un cinqui\u00e8me PAN, donnant ainsi l\u2019impression qu\u2019il existe d\u00e9j\u00e0.&nbsp;&nbsp;</p><p>&nbsp;</p><p>Au printemps 2024, des recommandations d\u00e9taill\u00e9es concernant le cinqui\u00e8me PAN ont \u00e9t\u00e9 remises \u00e0 la Conf\u00e9d\u00e9ration. Elles pr\u00e9conisent de s'attaquer aux causes structurelles des conflits, de pr\u00e9venir la violence \u00e0 l'\u00e9gard des femmes, des filles et des personnes altersexuelles, et de renforcer leur participation aux processus de paix.</p><p>&nbsp;</p><p>Je prie le Conseil f\u00e9d\u00e9ral de r\u00e9pondre aux questions suivantes :</p><ol style=\"list-style-type:decimal;\"><li>O\u00f9 en est actuellement le cinqui\u00e8me PAN relatif \u00e0 la mise en \u0153uvre du programme \u00ab Femmes, paix et s\u00e9curit\u00e9 \u00bb en Suisse et quand sera-t-il publi\u00e9 ?&nbsp;</li><li>Pourquoi le site du DFAE donne-t-il l\u2019impression qu\u2019un cinqui\u00e8me PAN existe d\u00e9j\u00e0, alors qu\u2019il n\u2019a pas \u00e9t\u00e9 publi\u00e9 ?</li><li>Comment la Suisse compte-t-elle contrer la r\u00e9duction globale des moyens consacr\u00e9s \u00e0 la pr\u00e9vention de la violence sexiste dans les conflits arm\u00e9s et promouvoir la participation des femmes aux processus de paix, afin d\u2019assumer pleinement son r\u00f4le de pionni\u00e8re dans ce domaine ?</li><li>Quelles mesures le Conseil f\u00e9d\u00e9ral compte-t-il prendre pour \u00e9viter que l'absence d\u2019un PAN \u00e0 jour ne suspende de facto les engagements de la Suisse dans le cadre du programme WPS et ne nuise \u00e0 sa cr\u00e9dibilit\u00e9 internationale ?</li></ol>","ReasonText":null,"DocumentationText":null,"MotionText":null,"FederalCouncilResponseText":"<p>1. Les travaux relatifs au cinqui\u00e8me Plan d\u2019action national (PAN) pour la mise en \u0153uvre de l\u2019agenda \u00ab Femmes, paix et s\u00e9curit\u00e9 \u00bb sont en cours. La publication est pr\u00e9vue pour le premier trimestre 2027.</p><p>&nbsp;</p><p>2. Les informations figurant sur le site du D\u00e9partement f\u00e9d\u00e9ral des affaires \u00e9trang\u00e8res (DFAE) visent \u00e0 pr\u00e9senter les priorit\u00e9s de la Suisse dans le domaine \u00ab Femmes, paix et s\u00e9curit\u00e9 \u00bb ainsi que les orientations pour le prochain PAN. </p><p>&nbsp;</p><p>3. La Suisse poursuivra son action en faveur de la pr\u00e9vention des violences sexuelles et des violences fond\u00e9es sur le genre, notamment \u00e0 l\u2019encontre des femmes et des filles, dans les contextes de conflit. Elle continuera \u00e9galement de contribuer \u00e0 la lutte contre les causes profondes des conflits et au renforcement de la participation des femmes aux processus de paix. Ces efforts se concr\u00e9tisent notamment par son action diplomatique au sein des organisations multilat\u00e9rales mais aussi son soutien \u00e0 des partenaires internationaux et locaux dans des processus de pourparlers concrets. </p><p>&nbsp;</p><p>4. La Suisse est li\u00e9e par les r\u00e9solutions du Conseil de s\u00e9curit\u00e9 des Nations Unies, par ses engagements internationaux en mati\u00e8re de droits humains ainsi que par les orientations de sa politique ext\u00e9rieure. Le futur PAN vise \u00e0 renforcer la coh\u00e9rence, la visibilit\u00e9 et l\u2019efficacit\u00e9 de la mise en \u0153uvre de ces engagements. </p>","FederalCouncilProposal":null,"FederalCouncilProposalText":null,"FederalCouncilProposalDate":"\/Date(1787702400000)\/","SubmittedBy":"Arslan Sibel","BusinessStatus":203,"BusinessStatusText":"L\u2019avis relatif \u00e0 l\u2019intervention est disponible","BusinessStatusDate":"\/Date(1787729835000)\/","ResponsibleDepartment":3,"ResponsibleDepartmentName":"D\u00e9partement des affaires \u00e9trang\u00e8res","ResponsibleDepartmentAbbreviation":"DFAE","IsLeadingDepartment":true,"Tags":"9|28|1231","Category":null,"Modified":"\/Date(1787816250673)\/","SubmissionDate":"\/Date(1781740800000)\/","SubmissionCouncil":1,"SubmissionCouncilName":"Conseil national","SubmissionCouncilAbbreviation":"CN","SubmissionSession":5214,"SubmissionLegislativePeriod":52,"FirstCouncil1":1,"FirstCouncil1Name":"Conseil national","FirstCouncil1Abbreviation":"CN","FirstCouncil2":null,"FirstCouncil2Name":null,"FirstCouncil2Abbreviation":null,"TagNames":"Politique de s\u00e9curit\u00e9|Questions sociales|Droit international"}}