{"d":{"__metadata":{"id":"https://ws.parlament.ch/OData.svc/Business(ID=20263854,Language='FR')","uri":"https://ws.parlament.ch/OData.svc/Business(ID=20263854,Language='FR')","type":"itsystems.Pd.DataServices.DataModel.Business"},"BusinessResponsibilities":{"__deferred":{"uri":"https://ws.parlament.ch/OData.svc/Business(ID=20263854,Language='FR')/BusinessResponsibilities"}},"RelatedBusinesses":{"__deferred":{"uri":"https://ws.parlament.ch/OData.svc/Business(ID=20263854,Language='FR')/RelatedBusinesses"}},"BusinessRoles":{"__deferred":{"uri":"https://ws.parlament.ch/OData.svc/Business(ID=20263854,Language='FR')/BusinessRoles"}},"Publications":{"__deferred":{"uri":"https://ws.parlament.ch/OData.svc/Business(ID=20263854,Language='FR')/Publications"}},"LegislativePeriods":{"__deferred":{"uri":"https://ws.parlament.ch/OData.svc/Business(ID=20263854,Language='FR')/LegislativePeriods"}},"Sessions":{"__deferred":{"uri":"https://ws.parlament.ch/OData.svc/Business(ID=20263854,Language='FR')/Sessions"}},"Preconsultations":{"__deferred":{"uri":"https://ws.parlament.ch/OData.svc/Business(ID=20263854,Language='FR')/Preconsultations"}},"Bills":{"__deferred":{"uri":"https://ws.parlament.ch/OData.svc/Business(ID=20263854,Language='FR')/Bills"}},"Councils":{"__deferred":{"uri":"https://ws.parlament.ch/OData.svc/Business(ID=20263854,Language='FR')/Councils"}},"BusinessTypes":{"__deferred":{"uri":"https://ws.parlament.ch/OData.svc/Business(ID=20263854,Language='FR')/BusinessTypes"}},"Votes":{"__deferred":{"uri":"https://ws.parlament.ch/OData.svc/Business(ID=20263854,Language='FR')/Votes"}},"SubjectsBusiness":{"__deferred":{"uri":"https://ws.parlament.ch/OData.svc/Business(ID=20263854,Language='FR')/SubjectsBusiness"}},"BusinessStates":{"__deferred":{"uri":"https://ws.parlament.ch/OData.svc/Business(ID=20263854,Language='FR')/BusinessStates"}},"Council":{"__deferred":{"uri":"https://ws.parlament.ch/OData.svc/Business(ID=20263854,Language='FR')/Council"}},"Transcripts":{"__deferred":{"uri":"https://ws.parlament.ch/OData.svc/Business(ID=20263854,Language='FR')/Transcripts"}},"ID":20263854,"Language":"FR","BusinessShortNumber":"26.3854","BusinessType":5,"BusinessTypeName":"Motion","BusinessTypeAbbreviation":"Mo.","Title":"Cr\u00e9er un fonds pour financer une politique de s\u00e9curit\u00e9 d\u2019envergure","Description":null,"InitialSituation":null,"Proceedings":null,"DraftText":null,"SubmittedText":"<p>Compte tenu de la situation exceptionnelle en mati\u00e8re de politique de s\u00e9curit\u00e9, le Conseil f\u00e9d\u00e9ral est charg\u00e9 de mettre en \u0153uvre les mesures suivantes :</p><ol><li>cr\u00e9ation d\u2019un fonds dot\u00e9 d\u2019une capacit\u00e9 d\u2019endettement et destin\u00e9 \u00e0 financer une politique de s\u00e9curit\u00e9 d\u2019envergure, et notamment l\u2019augmentation des d\u00e9penses de l\u2019arm\u00e9e \u00e0 1&nbsp;% du PIB d\u00e9cid\u00e9e par le Parlement et l\u2019injection d\u2019au moins 0,7&nbsp;% du revenu national brut dans la coop\u00e9ration internationale&nbsp;;</li><li>versement des recettes extraordinaires provenant des b\u00e9n\u00e9fices de la Banque nationale suisse et des \u00e9ventuels exc\u00e9dents budg\u00e9taires dans ce fonds plut\u00f4t qu\u2019au compte d\u2019amortissement pendant dix ans et, partant, \u00e9talement du remboursement des dettes li\u00e9es \u00e0 la pand\u00e9mie de COVID-19&nbsp;;</li><li>r\u00e9duction des co\u00fbts de l\u2019arm\u00e9e \u00e0 partir de 2027 par des r\u00e9formes structurelles, des gains d\u2019efficacit\u00e9, un recentrage des ressources sur des sc\u00e9narios de menace plausibles et l\u2019approfondissement de la coop\u00e9ration en mati\u00e8re de politique de s\u00e9curit\u00e9 avec l\u2019Europe.</li></ol>","ReasonText":"<p>La guerre d\u2019agression men\u00e9e par la Russie contre l\u2019Ukraine, les menaces hybrides, les cyberattaques, les campagnes de d\u00e9sinformation et la course effr\u00e9n\u00e9e au d\u00e9veloppement technologique placent la Suisse devant de nouveaux d\u00e9fis. La s\u00e9curit\u00e9 n\u2019est cependant pas qu\u2019une question militaire&nbsp;; elle englobe la coop\u00e9ration internationale en ce que celle-ci contribue \u00e0 la r\u00e9silience mondiale et \u00e0 la pr\u00e9vention des crises.</p><p>Le Parlement a d\u00e9cid\u00e9 de porter les d\u00e9penses de l\u2019arm\u00e9e \u00e0 1&nbsp;% du PIB. La politique de s\u00e9curit\u00e9 exige par ailleurs que la Suisse consacre au moins 0,7&nbsp;% du revenu national brut \u00e0 la coop\u00e9ration internationale, selon un objectif d\u00e9fini \u00e0 l\u2019\u00e9chelon international. Ces deux secteurs sont indissociables.&nbsp;</p><p>Le caract\u00e8re exceptionnel de la situation actuelle justifie de les financer pendant une dur\u00e9e limit\u00e9e au moyen d\u2019un fonds dot\u00e9 d\u2019une capacit\u00e9 d\u2019endettement. L\u2019id\u00e9e est de verser les recettes extraordinaires provenant des b\u00e9n\u00e9fices de la BNS et les \u00e9ventuels exc\u00e9dents budg\u00e9taires dans ce fonds pendant dix ans, tout en \u00e9talant le remboursement des dettes li\u00e9es \u00e0 la pand\u00e9mie de COVID-19.</p><p>Dans le m\u00eame temps, l\u2019arm\u00e9e aura sa contribution \u00e0 fournir&nbsp;: elle devra consacrer des ressources suppl\u00e9mentaires \u00e0 des r\u00e9formes structurelles, \u00e0 des gains d\u2019efficacit\u00e9, \u00e0 un recentrage sur des sc\u00e9narios de menace plausibles et \u00e0 l\u2019approfondissement de la coop\u00e9ration en mati\u00e8re de politique de s\u00e9curit\u00e9 avec l\u2019Europe.</p>","DocumentationText":null,"MotionText":null,"FederalCouncilResponseText":"<p>Le Conseil f\u00e9d\u00e9ral entend cr\u00e9er un fonds pour l\u2019armement pr\u00e9sentant une capacit\u00e9 d\u2019endettement pour renforcer la s\u00e9curit\u00e9 et la d\u00e9fense de la Suisse. Il a approuv\u00e9 le 12 ao\u00fbt 2026 le <a href=\"https://www.vbs.admin.ch/fr/newnsb/oGUkWkIOK86tJ_eqjt5Ng\"><u>message sur le financement de d\u00e9penses d\u2019armement de l\u2019arm\u00e9e au moyen d\u2019un rel\u00e8vement de la taxe sur la valeur ajout\u00e9e et sur la cr\u00e9ation d\u2019un fonds pour l\u2019armement</u></a>. Il est pr\u00e9vu de financer int\u00e9gralement les d\u00e9penses d\u2019armement \u00e0 l\u2019aide de ce fonds. Le Conseil f\u00e9d\u00e9ral rejette l\u2019id\u00e9e de cr\u00e9er un fonds destin\u00e9 \u00e0 financer une politique de s\u00e9curit\u00e9 d\u2019envergure, et ainsi de financer par le m\u00eame instrument la politique de coop\u00e9ration internationale et l\u2019arm\u00e9e. Cela reviendrait \u00e0 abaisser le niveau de transparence dans ces deux domaines d\u2019activit\u00e9 de la Conf\u00e9d\u00e9ration. Par ailleurs, l\u2019arm\u00e9e fournit d\u00e9j\u00e0 une contribution \u00e0 la r\u00e9silience mondiale et \u00e0 la pr\u00e9vention des crises dans le cadre de la promotion de la paix.</p><p>&nbsp;</p><p>Les recettes extraordinaires tir\u00e9es des distributions de la Banque nationale suisse sont destin\u00e9es \u00e0 la r\u00e9duction de la dette li\u00e9e \u00e0 la pand\u00e9mie de COVID-19. Comme le Conseil f\u00e9d\u00e9ral l\u2019a d\u00e9j\u00e0 mentionn\u00e9 dans sa r\u00e9ponse \u00e0 la motion&nbsp;<a href=\"https://www.parlament.ch/fr/ratsbetrieb/suche-curia-vista/geschaeft?AffairId=20263070\"><u>26.3070</u></a>, le fait d\u2019affecter ces ressources \u00e0 une autre utilisation risquerait de nuire aux efforts entrepris. De plus, le Parlement a d\u00e9j\u00e0 prolong\u00e9 le d\u00e9lai pour r\u00e9sorber cette dette jusqu\u2019en&nbsp;2035, avec la possibilit\u00e9 de le prolonger une derni\u00e8re fois jusqu\u2019en&nbsp;2039. Une prolongation suppl\u00e9mentaire saperait toutefois le caract\u00e8re contraignant du remboursement de la dette et affaiblirait le frein \u00e0 l\u2019endettement.</p><p>&nbsp;</p><p>Comme il l\u2019a indiqu\u00e9 dans sa r\u00e9ponse \u00e0 la motion&nbsp;<a href=\"https://www.parlament.ch/fr/ratsbetrieb/suche-curia-vista/geschaeft?AffairId=20263266\"><u>26.3266</u></a>, le Conseil f\u00e9d\u00e9ral convient qu\u2019il faudrait donner la priorit\u00e9 \u00e0 la d\u00e9fense plut\u00f4t qu\u2019aux t\u00e2ches accessoires ou administratives du DDPS. \u00c0 cet effet, le d\u00e9partement a lanc\u00e9 un programme d\u2019\u00e9conomies interne dans les domaines de la communication, du personnel et des finances, qui devrait \u00eatre mis en \u0153uvre d\u2019ici fin&nbsp;2028. En outre, le Conseil f\u00e9d\u00e9ral a, dans le cadre du <a href=\"https://www.parlament.ch/fr/ratsbetrieb/suche-curia-vista/geschaeft?AffairId=20260025\"><u>message sur l\u2019arm\u00e9e&nbsp;2026</u></a>, entrepris une modification des priorit\u00e9s en ce qui concerne les sc\u00e9narios de menace probables. Il a \u00e9galement pr\u00e9sent\u00e9 des r\u00e9formes structurelles de l\u2019arm\u00e9e dans ses <a href=\"https://www.vtg.admin.ch/fr/lignesdirectrices-conseillerfederal-defense\"><u>lignes directrices en mati\u00e8re de d\u00e9fense</u></a>.</p><p><br><br>Le Conseil f\u00e9d\u00e9ral propose de rejeter la motion.</p>","FederalCouncilProposal":45,"FederalCouncilProposalText":"Rejet","FederalCouncilProposalDate":"\/Date(1787702400000)\/","SubmittedBy":"Groupe socialiste","BusinessStatus":203,"BusinessStatusText":"L\u2019avis relatif \u00e0 l\u2019intervention est disponible","BusinessStatusDate":"\/Date(1787733741000)\/","ResponsibleDepartment":6,"ResponsibleDepartmentName":"D\u00e9partement de la d\u00e9fense, de la protection de la population et des sports","ResponsibleDepartmentAbbreviation":"DDPS","IsLeadingDepartment":true,"Tags":"9|24","Category":null,"Modified":"\/Date(1787906553843)\/","SubmissionDate":"\/Date(1781740800000)\/","SubmissionCouncil":1,"SubmissionCouncilName":"Conseil national","SubmissionCouncilAbbreviation":"CN","SubmissionSession":5214,"SubmissionLegislativePeriod":52,"FirstCouncil1":1,"FirstCouncil1Name":"Conseil national","FirstCouncil1Abbreviation":"CN","FirstCouncil2":null,"FirstCouncil2Name":null,"FirstCouncil2Abbreviation":null,"TagNames":"Politique de s\u00e9curit\u00e9|Finances"}}