{"d":{"__metadata":{"id":"https://ws.parlament.ch/OData.svc/Business(ID=20263858,Language='FR')","uri":"https://ws.parlament.ch/OData.svc/Business(ID=20263858,Language='FR')","type":"itsystems.Pd.DataServices.DataModel.Business"},"BusinessResponsibilities":{"__deferred":{"uri":"https://ws.parlament.ch/OData.svc/Business(ID=20263858,Language='FR')/BusinessResponsibilities"}},"RelatedBusinesses":{"__deferred":{"uri":"https://ws.parlament.ch/OData.svc/Business(ID=20263858,Language='FR')/RelatedBusinesses"}},"BusinessRoles":{"__deferred":{"uri":"https://ws.parlament.ch/OData.svc/Business(ID=20263858,Language='FR')/BusinessRoles"}},"Publications":{"__deferred":{"uri":"https://ws.parlament.ch/OData.svc/Business(ID=20263858,Language='FR')/Publications"}},"LegislativePeriods":{"__deferred":{"uri":"https://ws.parlament.ch/OData.svc/Business(ID=20263858,Language='FR')/LegislativePeriods"}},"Sessions":{"__deferred":{"uri":"https://ws.parlament.ch/OData.svc/Business(ID=20263858,Language='FR')/Sessions"}},"Preconsultations":{"__deferred":{"uri":"https://ws.parlament.ch/OData.svc/Business(ID=20263858,Language='FR')/Preconsultations"}},"Bills":{"__deferred":{"uri":"https://ws.parlament.ch/OData.svc/Business(ID=20263858,Language='FR')/Bills"}},"Councils":{"__deferred":{"uri":"https://ws.parlament.ch/OData.svc/Business(ID=20263858,Language='FR')/Councils"}},"BusinessTypes":{"__deferred":{"uri":"https://ws.parlament.ch/OData.svc/Business(ID=20263858,Language='FR')/BusinessTypes"}},"Votes":{"__deferred":{"uri":"https://ws.parlament.ch/OData.svc/Business(ID=20263858,Language='FR')/Votes"}},"SubjectsBusiness":{"__deferred":{"uri":"https://ws.parlament.ch/OData.svc/Business(ID=20263858,Language='FR')/SubjectsBusiness"}},"BusinessStates":{"__deferred":{"uri":"https://ws.parlament.ch/OData.svc/Business(ID=20263858,Language='FR')/BusinessStates"}},"Council":{"__deferred":{"uri":"https://ws.parlament.ch/OData.svc/Business(ID=20263858,Language='FR')/Council"}},"Transcripts":{"__deferred":{"uri":"https://ws.parlament.ch/OData.svc/Business(ID=20263858,Language='FR')/Transcripts"}},"ID":20263858,"Language":"FR","BusinessShortNumber":"26.3858","BusinessType":8,"BusinessTypeName":"Interpellation","BusinessTypeAbbreviation":"Ip.","Title":"Crise des PFAS. Que fait concr\u00e8tement le Conseil f\u00e9d\u00e9ral pour soutenir les services d'approvisionnement en eau potable ?","Description":null,"InitialSituation":null,"Proceedings":null,"DraftText":null,"SubmittedText":"<p>Le Conseil f\u00e9d\u00e9ral a r\u00e9pondu \u00e0 ma question 26.7496, sur la r\u00e9solution sur les PFAS publi\u00e9e par les associations actives dans les domaines de la p\u00eache, de l\u2019eau potable et de la protection des eaux, que quelques-unes des revendications formul\u00e9es \u00e9taient d\u00e9j\u00e0 mises en \u0153uvre. La r\u00e9solution pose les revendications suivantes&nbsp;:&nbsp;</p><ol style=\"list-style-type:lower-alpha;\"><li>une r\u00e9duction rapide et efficace des PFAS \u00e0 la source;&nbsp;</li><li>une surveillance syst\u00e9matique des eaux, des s\u00e9diments, des sols, des denr\u00e9es alimentaires et de l\u2019eau potable [\u2026] pour rep\u00e9rer les contaminations le plus t\u00f4t possible;&nbsp;</li><li>l'application du principe du pollueur-payeur, afin que les co\u00fbts li\u00e9s aux analyses, aux mesures prises et aux dommages cons\u00e9cutifs soient imput\u00e9s de mani\u00e8re appropri\u00e9e aux acteurs responsables, en particulier aux fabricants de PFAS, et pris en charge par ces derniers (par exemple, une indemnisation financi\u00e8re ad\u00e9quate pour les p\u00eacheurs professionnels concern\u00e9s, ainsi que pour les r\u00e9seaux d'approvisionnement en eau potable et les stations d'\u00e9puration, en vue de la restauration de la qualit\u00e9 de l'eau);&nbsp;</li><li>la promotion d\u2019alternatives pratiques et fiables afin que les secteurs concern\u00e9s puissent remplacer progressivement les substances les plus probl\u00e9matiques;&nbsp;</li><li>l\u2019\u2019implication active des associations concern\u00e9es dans l\u2019\u00e9laboration et la mise en \u0153uvre d\u2019un plan d\u2019action national consacr\u00e9 aux PFAS; [\u2026] des informations transparentes [\u2026] ainsi que des rapports r\u00e9guliers [\u2026], au moins tous les six mois.&nbsp;</li></ol><p>Je prie le Conseil f\u00e9d\u00e9ral de bien vouloir r\u00e9pondre aux questions suivantes:&nbsp;</p><ol style=\"list-style-type:decimal;\"><li>Quelles revendications de la r\u00e9solution sont-elles d\u00e9j\u00e0 mises en \u0153uvre et lesquelles en sont au stade de la planification&nbsp;? Lesquelles ne seront pas mises et \u0153uvre, et pourquoi&nbsp;?&nbsp;</li><li>Dans son communiqu\u00e9 du 27 mai 2026, le Conseil f\u00e9d\u00e9ral d\u00e9clare avoir d\u00e9cid\u00e9 de \u00ab&nbsp;soutenir financi\u00e8rement, dans les cas de rigueur, les exploitations agricoles [...] en raison de la pollution [...] par les PFAS&nbsp;\u00bb, ce qui concerne donc uniquement les exploitations agricoles. Les services d\u2019approvisionnement en eau potable sont-ils exclus du soutien financier pour cas de rigueur&nbsp;? Si oui, comment le gouvernement justifie-t-il cette in\u00e9galit\u00e9 de traitement au vu des investissements consid\u00e9rables \u00e0 la charge de ces services&nbsp;?&nbsp;</li><li>Comment ces services seront-ils impliqu\u00e9s dans l\u2019\u00e9laboration du plan d\u2019action&nbsp;? Comment le Conseil f\u00e9d\u00e9ral s\u2019assurera-t-il que l\u2019impact qu\u2019ils subissent sera suffisamment pris en compte&nbsp;?&nbsp;</li><li>Que fait-il concr\u00e8tement pour que les co\u00fbts de la d\u00e9pollution ne p\u00e8sent pas durablement sur les services d\u2019approvisionnement en eau potable, les communes et les collectivit\u00e9s et qu\u2019ils seront factur\u00e9s autant que possible aux pollueurs&nbsp;?&nbsp;</li></ol>","ReasonText":null,"DocumentationText":null,"MotionText":null,"FederalCouncilResponseText":"<p>1) Le Conseil f\u00e9d\u00e9ral r\u00e9pond comme suit aux questions concernant les revendications de la r\u00e9solution sur les PFAS que mentionne l\u2019autrice de la pr\u00e9sente interpellation. </p><p>a) Le Conseil f\u00e9d\u00e9ral est lui aussi d\u2019avis que la mesure la plus efficace r\u00e9side dans la r\u00e9duction des PFAS \u00e0 la source. L\u2019Union europ\u00e9enne (UE) pr\u00e9voit d\u2019adopter en 2027 un projet de restriction g\u00e9n\u00e9rale. Le Conseil f\u00e9d\u00e9ral suit de pr\u00e8s l\u2019\u00e9volution de la r\u00e9glementation au sein de l\u2019UE et examinera en temps opportun la possibilit\u00e9 de transposer ces restrictions dans le droit suisse.</p><p>b) La Conf\u00e9d\u00e9ration et les cantons \u00e9tudient la pr\u00e9sence de PFAS dans divers milieux, notamment dans les eaux de surface et les eaux souterraines.</p><p>c) Les co\u00fbts li\u00e9s aux analyses et aux mesures doivent en principe \u00eatre pris en charge par les perturbateurs par comportement et les perturbateurs par situation. Les co\u00fbts li\u00e9s aux dommages cons\u00e9cutifs peuvent, selon les cas de figure, \u00eatre trait\u00e9s dans le cadre du droit de la responsabilit\u00e9 civile ou du droit d\u2019indemnisation. S\u2019il n\u2019est pas possible d\u2019identifier sans \u00e9quivoque le responsable direct, par exemple dans le cas d\u2019une pollution diffuse, il se peut que la collectivit\u00e9 publique doive assumer ces co\u00fbts. Les droits de p\u00eache relevant de la comp\u00e9tence des cantons, la Conf\u00e9d\u00e9ration ne pr\u00e9voit pas d\u2019aide pour les p\u00eacheurs professionnels.</p><p>d) Le Conseil f\u00e9d\u00e9ral renvoie \u00e0 ses avis portant sur la <a href=\"https://www.parlament.ch/fr/ratsbetrieb/suche-curia-vista/geschaeft?AffairId=20253835\"><u>motion</u><u>&nbsp;</u><u>25.3835 d\u00e9pos\u00e9e par le conseiller national Andri</u><u>&nbsp;</u><u>Silberschmidt</u></a> et sur la <a href=\"https://www.parlament.ch/fr/ratsbetrieb/suche-curia-vista/geschaeft?AffairId=20253855\"><u>motion</u><u>&nbsp;</u><u>25.3855 du conseiller aux \u00c9tats Benjamin</u><u>&nbsp;</u><u>M\u00fchlemann</u>.</a></p><p>e) Les associations participent \u00e0 l\u2019\u00e9laboration du plan d\u2019action notamment par le biais d\u2019\u00e9v\u00e9nements destin\u00e9s aux parties prenantes.</p><p>&nbsp;</p><p>2) Le Conseil f\u00e9d\u00e9ral a charg\u00e9 le D\u00e9partement f\u00e9d\u00e9ral de l\u2019\u00e9conomie, de la formation et de la recherche (DEFR) d\u2019\u00e9laborer un projet de consultation pour une loi sp\u00e9ciale temporaire visant \u00e0 g\u00e9rer les cas de rigueur \u00e9conomiques dans l\u2019agriculture. Le DEFR consultera \u00e0 cet effet le D\u00e9partement f\u00e9d\u00e9ral de l\u2019int\u00e9rieur, le D\u00e9partement f\u00e9d\u00e9ral de l\u2019environnement, des transports, de l\u2019\u00e9nergie et de la communication ainsi que le D\u00e9partement f\u00e9d\u00e9ral des finances. Les distributeurs d\u2019eau potable ne rel\u00e8vent pas du champ d\u2019application de cette loi sp\u00e9ciale. En vertu du mandat constitutionnel explicite confi\u00e9 \u00e0 la Conf\u00e9d\u00e9ration dans le domaine de l\u2019agriculture (art.&nbsp;104 de la Constitution&nbsp;; RS&nbsp;101), le Conseil f\u00e9d\u00e9ral a d\u00e9cid\u00e9 d\u2019\u00e9laborer une r\u00e9glementation des cas de rigueur sp\u00e9cifique \u00e0 l\u2019agriculture.</p><p>&nbsp;</p><p>3) L\u2019Association pour l\u2019eau, le gaz et la chaleur (SVGW), qui repr\u00e9sente notamment les distributeurs d\u2019eau potable, a \u00e9t\u00e9 consult\u00e9e dans le cadre de l\u2019enqu\u00eate r\u00e9alis\u00e9e aupr\u00e8s de parties prenantes lors de l\u2019\u00e9laboration du rapport en ex\u00e9cution du <a href=\"https://www.parlament.ch/fr/ratsbetrieb/suche-curia-vista/geschaeft?AffairId=20224585\"><u>postulat Moser</u><u>&nbsp;</u><u>22.4585</u></a>. Les \u00e9changes avec elle se poursuivront lors de l\u2019\u00e9tablissement du plan d\u2019action (cf. r\u00e9ponse \u00e0 la question&nbsp;1e). </p><p>&nbsp;</p><p>4) Les distributeurs d\u2019eau sont tenus de respecter les valeurs maximales fix\u00e9es par la loi. Si celles-ci sont d\u00e9pass\u00e9es, des mesures appropri\u00e9es doivent \u00eatre prises, par exemple la dilution de l\u2019eau pollu\u00e9e par l\u2019ajout d\u2019eau qui ne l\u2019est pas ou la mise hors service temporaire des captages contamin\u00e9s. Pour le Conseil f\u00e9d\u00e9ral, la protection pr\u00e9ventive des eaux souterraines rev\u00eat une importance capitale. Le traitement technique de l\u2019eau constitue alors l\u2019ultima ratio et ne doit \u00eatre appliqu\u00e9 qu\u2019\u00e0 titre temporaire. Le Conseil f\u00e9d\u00e9ral est oppos\u00e9 \u00e0 une modification du financement de l\u2019approvisionnement en eau, comme il l\u2019a d\u00e9j\u00e0 fait savoir dans son rapport en ex\u00e9cution du <a href=\"https://www.parlament.ch/fr/ratsbetrieb/suche-curia-vista/geschaeft?AffairId=20204087\"><u>postulat Clivaz</u><u>&nbsp;</u><u>20.4087</u></a>.</p>","FederalCouncilProposal":null,"FederalCouncilProposalText":null,"FederalCouncilProposalDate":"\/Date(1787097600000)\/","SubmittedBy":"Portmann Barbara","BusinessStatus":203,"BusinessStatusText":"L\u2019avis relatif \u00e0 l\u2019intervention est disponible","BusinessStatusDate":"\/Date(1787156674503)\/","ResponsibleDepartment":9,"ResponsibleDepartmentName":"D\u00e9partement  de l'environnement, des transports, de l'\u00e9nergie et de la communication","ResponsibleDepartmentAbbreviation":"DETEC","IsLeadingDepartment":true,"Tags":"52|55|2841","Category":null,"Modified":"\/Date(1787156686173)\/","SubmissionDate":"\/Date(1781740800000)\/","SubmissionCouncil":1,"SubmissionCouncilName":"Conseil national","SubmissionCouncilAbbreviation":"CN","SubmissionSession":5214,"SubmissionLegislativePeriod":52,"FirstCouncil1":1,"FirstCouncil1Name":"Conseil national","FirstCouncil1Abbreviation":"CN","FirstCouncil2":null,"FirstCouncil2Name":null,"FirstCouncil2Abbreviation":null,"TagNames":"Environnement|Agriculture|Sant\u00e9"}}