{"d":{"__metadata":{"id":"https://ws.parlament.ch/OData.svc/Business(ID=20263880,Language='DE')","uri":"https://ws.parlament.ch/OData.svc/Business(ID=20263880,Language='DE')","type":"itsystems.Pd.DataServices.DataModel.Business"},"BusinessResponsibilities":{"__deferred":{"uri":"https://ws.parlament.ch/OData.svc/Business(ID=20263880,Language='DE')/BusinessResponsibilities"}},"RelatedBusinesses":{"__deferred":{"uri":"https://ws.parlament.ch/OData.svc/Business(ID=20263880,Language='DE')/RelatedBusinesses"}},"BusinessRoles":{"__deferred":{"uri":"https://ws.parlament.ch/OData.svc/Business(ID=20263880,Language='DE')/BusinessRoles"}},"Publications":{"__deferred":{"uri":"https://ws.parlament.ch/OData.svc/Business(ID=20263880,Language='DE')/Publications"}},"LegislativePeriods":{"__deferred":{"uri":"https://ws.parlament.ch/OData.svc/Business(ID=20263880,Language='DE')/LegislativePeriods"}},"Sessions":{"__deferred":{"uri":"https://ws.parlament.ch/OData.svc/Business(ID=20263880,Language='DE')/Sessions"}},"Preconsultations":{"__deferred":{"uri":"https://ws.parlament.ch/OData.svc/Business(ID=20263880,Language='DE')/Preconsultations"}},"Bills":{"__deferred":{"uri":"https://ws.parlament.ch/OData.svc/Business(ID=20263880,Language='DE')/Bills"}},"Councils":{"__deferred":{"uri":"https://ws.parlament.ch/OData.svc/Business(ID=20263880,Language='DE')/Councils"}},"BusinessTypes":{"__deferred":{"uri":"https://ws.parlament.ch/OData.svc/Business(ID=20263880,Language='DE')/BusinessTypes"}},"Votes":{"__deferred":{"uri":"https://ws.parlament.ch/OData.svc/Business(ID=20263880,Language='DE')/Votes"}},"SubjectsBusiness":{"__deferred":{"uri":"https://ws.parlament.ch/OData.svc/Business(ID=20263880,Language='DE')/SubjectsBusiness"}},"BusinessStates":{"__deferred":{"uri":"https://ws.parlament.ch/OData.svc/Business(ID=20263880,Language='DE')/BusinessStates"}},"Council":{"__deferred":{"uri":"https://ws.parlament.ch/OData.svc/Business(ID=20263880,Language='DE')/Council"}},"Transcripts":{"__deferred":{"uri":"https://ws.parlament.ch/OData.svc/Business(ID=20263880,Language='DE')/Transcripts"}},"ID":20263880,"Language":"DE","BusinessShortNumber":"26.3880","BusinessType":6,"BusinessTypeName":"Postulat","BusinessTypeAbbreviation":"Po.","Title":"Datengrundlage zur Umsetzung der Kinderrechte verbessern","Description":null,"InitialSituation":null,"Proceedings":null,"DraftText":null,"SubmittedText":"<p>Der Bundesrat wird beauftragt, in einem Bericht aufzuzeigen, wie die Grundlagen geschaffen oder angepasst werden k\u00f6nnen, damit schweizweit vergleichbare Daten zur Umsetzung der Kinderrechte erhoben werden k\u00f6nnen. Dabei ist insbesondere darzulegen,</p><ul style=\"list-style-type:disc;\"><li>welche Datenl\u00fccken hinsichtlich der Lebenssituationen von Kindern und Jugendlichen in der Schweiz bestehen;</li><li>wie bestehende Datenerhebungen im Bereich der Kinder- und Jugendhilfe sowie des Kindesschutzes schweizweit harmonisiert werden k\u00f6nnen und welche rechtlichen Grundlagen daf\u00fcr notwendig sind; und</li><li>wie eine schweizweit vergleichbare Datengrundlage geschaffen werden kann, die verl\u00e4ssliche Aussagen \u00fcber die Entwicklung, den Schutz und die Beteiligung von Kindern und Jugendlichen erm\u00f6glicht..</li></ul>","ReasonText":"<p>Die Schweiz verf\u00fcgt in zahlreichen Bereichen der Kinderrechte weiterhin nicht \u00fcber verl\u00e4ssliche, vergleichbare und l\u00fcckenlose Daten zur Lebenssituation von Kindern und Jugendlichen.&nbsp;</p><p>Bereits die Motion 22.4505 verlangte die Schaffung der Grundlagen f\u00fcr schweizweit vergleichbare Daten zur Umsetzung der Kinderrechte. Der Vorstoss wurde im Nationalrat zweimal angenommen und im St\u00e4nderat in der ersten Beratung als Postulat angenommen, in der zweiten Beratung als Motion nur knapp abgelehnt. Dies zeigt den breiten politischen Willen, die Datenlage im Bereich der Kinderrechte zu verbessern.</p><p>Die zust\u00e4ndige Kommission f\u00fcr Wissenschaft, Bildung und Kultur des St\u00e4nderates (WBK-S) bedauerte in ihrer Medienmitteilung vom 16. Januar 2026, dass die Motion nicht in einen Pr\u00fcfauftrag umgewandelt wurde und unterstrich die Bedeutung verl\u00e4sslicher Datengrundlagen f\u00fcr eine koh\u00e4rente Kinder- und Jugendpolitik. Zudem hat der UN-Kinderrechtsausschuss der Schweiz wiederholt empfohlen, die Datenerhebung zu kinderrechtlich relevanten Themen zu verbessern.<br>Ausgehend von dieser Ausgangslage ist es angezeigt, die bestehenden L\u00fccken in Bezug auf die Datenerhebung zu den Kinderrechten nun zu schliessen. Dies bezweckt das vorliegende Postulat.</p>","DocumentationText":null,"MotionText":null,"FederalCouncilResponseText":"<p>Kinder- und jugendpolitische F\u00f6rder- und Schutzmassnahmen obliegen in der Schweiz in aller Regel den Kantonen. Entsprechend werden aufgrund des f\u00f6deralen Systems auch die Daten zur Situation von Kindern und Jugendlichen in der Schweiz meistens durch die Kantone und Gemeinden erhoben. Der Bund verf\u00fcgt zudem nicht \u00fcber eine entsprechende Verfassungsgrundlage, weshalb er keine umfassenden Daten zur Kinder- und Jugendhilfe erheben kann (siehe Bericht in Erf\u00fcllung des Po. <a href=\"https://www.parlament.ch/de/ratsbetrieb/suche-curia-vista/geschaeft?AffairId=20193119\"><u>19.3119</u></a> Feri Yvonne \u00abWissen zu Kindeswohlgef\u00e4hrdungen b\u00fcndeln, damit die Unterst\u00fctzungsleistung passt\u00bb). </p><p>Trotz einer gewissen Fragmentierung besteht mittlerweile eine breite Datenbasis. Zu erw\u00e4hnen ist neben den in der Stellungnahme des Bundesrates zur Motion <a href=\"https://www.parlament.ch/de/ratsbetrieb/suche-curia-vista/geschaeft?AffairId=20224505\"><u>22.4505</u></a> M\u00fcller-Altermatt \u00abDatenlage zur Umsetzung der Kinderrechte verbessern\u00bb erw\u00e4hnten Fortschritten auch das neue Bundesgesetz \u00fcber die Unterst\u00fctzung der institutionellen familienerg\u00e4nzenden Kinderbetreuung (UKibeG). Es wurde am 19.&nbsp;Dezember 2025 verabschiedet und f\u00fchrt im Familienzulagengesetz (FamZG; SR&nbsp;<em>836.2</em>) einen neuen Artikel&nbsp;21<em>j</em> zur schweizweiten Statistik zur institutionellen familienerg\u00e4nzenden Kinderbetreuung ein.</p><p>Bereits heute existieren zudem mehrere Datenerhebungen zu Gesundheit, Bildung und sozialer Lage von Kindern und Jugendlichen auf nationaler Ebene, wie beispielsweise der erste Monitoring-Bericht KidsHealthCH vom Juni 2026 (www.bag.admin.ch &gt; Krankheiten &gt; Nicht\u00fcbertragbare Krankheiten &gt; Gesundheitsf\u00f6rderung &amp; Pr\u00e4vention &gt; Gesundheit in Kindheit und Jugend &gt; Monitoring-System: KidsHealthCH) und das Armutsmonitoring (<a href=\"http://www.armutsmonitoring.ch/de\"><u>www.armutsmonitoring.ch</u></a>). </p><p>Zudem hat der Bundesrat am 5.&nbsp;Dezember 2025 die Botschaft zur \u00c4nderung des schweizerischen Zivilgesetzbuchs (Erwachsenenschutz; Gesch\u00e4ft des Bundesrates <a href=\"https://www.parlament.ch/de/ratsbetrieb/suche-curia-vista/geschaeft?AffairId=20250096\"><u>25.096</u></a>, BBl&nbsp;2026&nbsp;37) verabschiedet, die die Schaffung einer schweizweiten Statistik \u00fcber die Massnahmen des Kindes- und Erwachsenenschutzes vorschl\u00e4gt (vgl. Art.&nbsp;441<em>a</em> E-ZGB). Schliesslich wird die Datengrundlage auch im Rahmen der Ausarbeitung einer Nationalen Strategie Kinder- und Jugendpolitik thematisiert werden (siehe Po. <a href=\"https://www.parlament.ch/de/ratsbetrieb/suche-curia-vista/geschaeft?AffairId=20253139\"><u>25.3139</u></a> Bulliard-Marbach \u00abNationale Strategie f\u00fcr Kinder und Jugendliche\u00bb sowie gleichlautende Postulate <a href=\"https://www.parlament.ch/de/ratsbetrieb/suche-curia-vista/geschaeft?AffairId=20253332\"><u>25.3332</u></a> Fehr D\u00fcsel, <a href=\"https://www.parlament.ch/de/ratsbetrieb/suche-curia-vista/geschaeft?AffairId=20253333\"><u>25.3333</u></a> Rosenwasser, <a href=\"https://www.parlament.ch/de/ratsbetrieb/suche-curia-vista/geschaeft?AffairId=20253334\"><u>25.3334</u></a> Christ und <a href=\"https://www.parlament.ch/de/ratsbetrieb/suche-curia-vista/geschaeft?AffairId=20253335\"><u>25.3335</u></a> [Fivaz Fabien] Brenzikofer \u00abNationale Strategie f\u00fcr Kinder- und Jugendpolitik\u00bb).</p><p>Insgesamt ist die Datenbasis zur Situation von Kindern und Jugendlichen in der Schweiz trotz f\u00f6deraler Zust\u00e4ndigkeiten breit abgest\u00fctzt. Der Bundesrat erachtet deshalb einen zus\u00e4tzlichen Bericht zur Schaffung oder Anpassung der entsprechenden Grundlagen nicht als erforderlich.</p><br><br>Der Bundesrat beantragt die Ablehnung des Postulates.","FederalCouncilProposal":45,"FederalCouncilProposalText":"Ablehnung","FederalCouncilProposalDate":"\/Date(1786492800000)\/","SubmittedBy":"M\u00fcller-Altermatt Stefan","BusinessStatus":203,"BusinessStatusText":"Stellungnahme zum Vorstoss liegt vor","BusinessStatusDate":"\/Date(1786530010000)\/","ResponsibleDepartment":4,"ResponsibleDepartmentName":"Departement des Innern","ResponsibleDepartmentAbbreviation":"EDI","IsLeadingDepartment":true,"Tags":"1211","Category":null,"Modified":"\/Date(1787902909653)\/","SubmissionDate":"\/Date(1781827200000)\/","SubmissionCouncil":1,"SubmissionCouncilName":"Nationalrat","SubmissionCouncilAbbreviation":"NR","SubmissionSession":5214,"SubmissionLegislativePeriod":52,"FirstCouncil1":1,"FirstCouncil1Name":"Nationalrat","FirstCouncil1Abbreviation":"NR","FirstCouncil2":null,"FirstCouncil2Name":null,"FirstCouncil2Abbreviation":null,"TagNames":"Zivilrecht"}}