{"d":{"__metadata":{"id":"https://ws.parlament.ch/OData.svc/Business(ID=20263893,Language='FR')","uri":"https://ws.parlament.ch/OData.svc/Business(ID=20263893,Language='FR')","type":"itsystems.Pd.DataServices.DataModel.Business"},"BusinessResponsibilities":{"__deferred":{"uri":"https://ws.parlament.ch/OData.svc/Business(ID=20263893,Language='FR')/BusinessResponsibilities"}},"RelatedBusinesses":{"__deferred":{"uri":"https://ws.parlament.ch/OData.svc/Business(ID=20263893,Language='FR')/RelatedBusinesses"}},"BusinessRoles":{"__deferred":{"uri":"https://ws.parlament.ch/OData.svc/Business(ID=20263893,Language='FR')/BusinessRoles"}},"Publications":{"__deferred":{"uri":"https://ws.parlament.ch/OData.svc/Business(ID=20263893,Language='FR')/Publications"}},"LegislativePeriods":{"__deferred":{"uri":"https://ws.parlament.ch/OData.svc/Business(ID=20263893,Language='FR')/LegislativePeriods"}},"Sessions":{"__deferred":{"uri":"https://ws.parlament.ch/OData.svc/Business(ID=20263893,Language='FR')/Sessions"}},"Preconsultations":{"__deferred":{"uri":"https://ws.parlament.ch/OData.svc/Business(ID=20263893,Language='FR')/Preconsultations"}},"Bills":{"__deferred":{"uri":"https://ws.parlament.ch/OData.svc/Business(ID=20263893,Language='FR')/Bills"}},"Councils":{"__deferred":{"uri":"https://ws.parlament.ch/OData.svc/Business(ID=20263893,Language='FR')/Councils"}},"BusinessTypes":{"__deferred":{"uri":"https://ws.parlament.ch/OData.svc/Business(ID=20263893,Language='FR')/BusinessTypes"}},"Votes":{"__deferred":{"uri":"https://ws.parlament.ch/OData.svc/Business(ID=20263893,Language='FR')/Votes"}},"SubjectsBusiness":{"__deferred":{"uri":"https://ws.parlament.ch/OData.svc/Business(ID=20263893,Language='FR')/SubjectsBusiness"}},"BusinessStates":{"__deferred":{"uri":"https://ws.parlament.ch/OData.svc/Business(ID=20263893,Language='FR')/BusinessStates"}},"Council":{"__deferred":{"uri":"https://ws.parlament.ch/OData.svc/Business(ID=20263893,Language='FR')/Council"}},"Transcripts":{"__deferred":{"uri":"https://ws.parlament.ch/OData.svc/Business(ID=20263893,Language='FR')/Transcripts"}},"ID":20263893,"Language":"FR","BusinessShortNumber":"26.3893","BusinessType":8,"BusinessTypeName":"Interpellation","BusinessTypeAbbreviation":"Ip.","Title":"G\u00e9rer l'immigration et am\u00e9liorer la mise en oeuvre de l'Accord sur la libre circulation des personnes","Description":null,"InitialSituation":null,"Proceedings":null,"DraftText":null,"SubmittedText":"<p>Je prie le Conseil f\u00e9d\u00e9ral de r\u00e9pondre aux questions qui suivent&nbsp;:</p><p>&nbsp;</p><ol><li>Douze ans ont pass\u00e9 depuis la publication du rapport \u00ab&nbsp;Clarification des raisons des diff\u00e9rences dans la mise en \u0153uvre de l\u2019Accord sur la libre circulation des personnes par les cantons&nbsp;\u00bb en r\u00e9ponse au postulat de la CDG-N. Toutes les recommandations qui y \u00e9taient formul\u00e9es ont-elles \u00e9t\u00e9 mises en \u0153uvre&nbsp;?</li><li>Quel bilan le Conseil f\u00e9d\u00e9ral tire-t-il des possibilit\u00e9s de piloter l\u2019immigration au moyen du retrait ou de la limitation dans le temps de l\u2019autorisation de s\u00e9jour&nbsp;?&nbsp;</li><li>Combien d\u2019autorisations de s\u00e9jour ont depuis lors \u00e9t\u00e9 r\u00e9voqu\u00e9es ou n\u2019ont pas \u00e9t\u00e9 prolong\u00e9es parce que les conditions du s\u00e9jour d\u00e9finies dans l\u2019ALCP n\u2019\u00e9taient plus remplies&nbsp;? Quels sont les chiffres ventil\u00e9s par canton et constate-t-on des diff\u00e9rences de pratique entre les cantons&nbsp;?</li><li>Pour quels motifs la r\u00e9vocation ou la non-prolongation ont-elles \u00e9t\u00e9 prononc\u00e9es&nbsp;?</li><li>Le Conseil f\u00e9d\u00e9ral dispose-t-il d\u2019un relev\u00e9 du nombre des autorisations de s\u00e9jour qui ont \u00e9t\u00e9 r\u00e9voqu\u00e9es dans les cantons et du nombre des autorisations d\u2019\u00e9tablissement (permis&nbsp;C) qui ont \u00e9t\u00e9 r\u00e9trograd\u00e9es en autorisation de s\u00e9jour (permis&nbsp;B)&nbsp;?</li><li>Le Conseil f\u00e9d\u00e9ral estime-t-il toujours qu\u2019il faut renforcer la surveillance exerc\u00e9e par la Conf\u00e9d\u00e9ration afin de garantir une pratique uniforme en mati\u00e8re d\u2019octroi et de retrait des autorisations de s\u00e9jour&nbsp;?&nbsp;</li></ol>","ReasonText":"<p>En 2014, le Conseil f\u00e9d\u00e9ral avait conclu qu\u2019il existait entre les cantons des diff\u00e9rences d\u2019application de l\u2019ALCP qu\u2019un renforcement de la surveillance exerc\u00e9e par la Conf\u00e9d\u00e9ration permettrait de r\u00e9duire. Dans le m\u00eame temps, il avait constat\u00e9 que le retrait ou la limitation de la dur\u00e9e des autorisations de s\u00e9jour ne permettrait de g\u00e9rer l\u2019immigration que de mani\u00e8re restreinte, car ces outils ne peuvent \u00eatre utilis\u00e9s que si la personne concern\u00e9e ne peut plus se pr\u00e9valoir, \u00e0 aucun titre, d\u2019un droit de s\u00e9jour en vertu des dispositions de l\u2019ALCP. Il avait cependant convenu que la r\u00e9vocation ou la non-prolongation des autorisations de s\u00e9jour lorsque les conditions de ce s\u00e9jour ne sont plus remplies devraient \u00eatre utilis\u00e9es de la mani\u00e8re la plus uniforme possible.</p>","DocumentationText":null,"MotionText":null,"FederalCouncilResponseText":"<p>1. Une grande partie des mesures pr\u00e9sent\u00e9es dans le rapport du Conseil f\u00e9d\u00e9ral du 21&nbsp;mars 2016 ont \u00e9t\u00e9 mises en \u0153uvre (voir le rapport du Conseil f\u00e9d\u00e9ral en r\u00e9ponse au <a href=\"https://www.parlament.ch/fr/ratsbetrieb/suche-curia-vista/geschaeft?AffairId=20144005\"><u>postulat 14.4005 \u00ab</u><u>&nbsp;</u><u>Clarification des raisons des diff\u00e9rences dans la mise en \u0153uvre de l\u2019Accord sur la libre circulation des personnes par les cantons</u><u>&nbsp;</u><u>\u00bb d\u00e9pos\u00e9 par la Commission de gestion du Conseil national</u></a> le 6 novembre 2014). Afin d\u2019att\u00e9nuer les diff\u00e9rences de pratique entre les cantons, la loi f\u00e9d\u00e9rale sur les \u00e9trangers et l\u2019int\u00e9gration (LEI, RS&nbsp;142.20) a \u00e9t\u00e9 compl\u00e9t\u00e9e par des dispositions qui concr\u00e9tisent davantage l\u2019application de l\u2019accord sur la libre circulation des personnes (ALCP, RS&nbsp;0.142.112.681&nbsp;; p.&nbsp;ex. perte du droit de s\u00e9jour en cas de ch\u00f4mage involontaire, RO&nbsp;2018 733). Qui plus est, les directives pertinentes ont \u00e9t\u00e9 modifi\u00e9es, des formations ont \u00e9t\u00e9 organis\u00e9es et des pr\u00e9cisions ont \u00e9t\u00e9 apport\u00e9es (p.&nbsp;ex. sur la qualit\u00e9 de travailleur et sur la proc\u00e9dure en cas de soci\u00e9t\u00e9s bo\u00eete aux lettres). Des \u00e9changes r\u00e9guliers continuent d\u2019avoir lieu avec les autorit\u00e9s cantonales comp\u00e9tentes. </p><p>Le renouvellement du syst\u00e8me d\u2019information central sur la migration (SYMIC) contribue lui aussi \u00e0 renforcer la fonction de surveillance de la Conf\u00e9d\u00e9ration ainsi qu\u2019\u00e0 uniformiser les pratiques cantonales et \u00e0 am\u00e9liorer leur efficacit\u00e9. </p><p>&nbsp;</p><p>2. Le Conseil f\u00e9d\u00e9ral tire un bilan positif des mesures qui ont \u00e9t\u00e9 prises et estime qu\u2019elles permettent \u00e9galement d\u2019uniformiser la proc\u00e9dure de retrait et de limitation dans le temps des autorisations de s\u00e9jour au sein du syst\u00e8me f\u00e9d\u00e9ral. Une ex\u00e9cution plus efficace et plus uniforme d\u00e9pend non seulement de la mise en \u0153uvre de ces mesures, mais aussi des moyens dont disposent les cantons. </p><p>&nbsp;</p><p>3. et 4. Ces donn\u00e9es ne sont pas saisies dans le SYMIC. </p><p>&nbsp;</p><p>5. Il n\u2019existe aucune statistique relative au retrait des autorisations de s\u00e9jour (cf. r\u00e9ponses 3 et 4). Selon le SYMIC, le nombre annuel de r\u00e9trogradations prononc\u00e9es dans le domaine de l\u2019ALCP \u00e9volue comme suit depuis 2019 :</p><p>&nbsp;</p><table><tbody><tr><td><p><strong>Ann\u00e9e</strong></p></td><td><p><strong>2019</strong></p></td><td><p><strong>2020</strong></p></td><td><p><strong>2021</strong></p></td><td><p><strong>2022</strong></p></td><td><p><strong>2023</strong></p></td><td><p><strong>2024</strong></p></td><td><p><strong>2025</strong></p></td></tr><tr><td><p>Nombre de r\u00e9trogradations</p></td><td><p>9</p></td><td><p>48</p></td><td><p>44</p></td><td><p>53</p></td><td><p>111</p></td><td><p>115</p></td><td><p>151</p></td></tr></tbody></table><p>&nbsp;</p><p>6. Oui, le Conseil f\u00e9d\u00e9ral est toujours du m\u00eame avis et rel\u00e8ve que la fonction de surveillance a \u00e9t\u00e9 renforc\u00e9e au moyen des mesures mentionn\u00e9es dans la r\u00e9ponse&nbsp;1. Une fonction de surveillance plus active n\u00e9cessite toutefois des ressources suppl\u00e9mentaires. Or en raison de diverses mesures d\u2019\u00e9conomies, les ressources de la section comp\u00e9tente du Secr\u00e9tariat d\u2019\u00c9tat aux migrations n\u2019ont pas pu \u00eatre augment\u00e9es. </p>","FederalCouncilProposal":null,"FederalCouncilProposalText":null,"FederalCouncilProposalDate":"\/Date(1787702400000)\/","SubmittedBy":"G\u00f6ssi Petra","BusinessStatus":203,"BusinessStatusText":"L\u2019avis relatif \u00e0 l\u2019intervention est disponible","BusinessStatusDate":"\/Date(1787732440000)\/","ResponsibleDepartment":5,"ResponsibleDepartmentName":"D\u00e9partement de justice et police","ResponsibleDepartmentAbbreviation":"DFJP","IsLeadingDepartment":true,"Tags":"10|2811","Category":null,"Modified":"\/Date(1787905254433)\/","SubmissionDate":"\/Date(1781827200000)\/","SubmissionCouncil":2,"SubmissionCouncilName":"Conseil des Etats","SubmissionCouncilAbbreviation":"CE","SubmissionSession":5214,"SubmissionLegislativePeriod":52,"FirstCouncil1":2,"FirstCouncil1Name":"Conseil des Etats","FirstCouncil1Abbreviation":"CE","FirstCouncil2":null,"FirstCouncil2Name":null,"FirstCouncil2Abbreviation":null,"TagNames":"Politique europ\u00e9enne|Politique migratoire"}}