{"d":{"__metadata":{"id":"https://ws.parlament.ch/OData.svc/Business(ID=20263895,Language='FR')","uri":"https://ws.parlament.ch/OData.svc/Business(ID=20263895,Language='FR')","type":"itsystems.Pd.DataServices.DataModel.Business"},"BusinessResponsibilities":{"__deferred":{"uri":"https://ws.parlament.ch/OData.svc/Business(ID=20263895,Language='FR')/BusinessResponsibilities"}},"RelatedBusinesses":{"__deferred":{"uri":"https://ws.parlament.ch/OData.svc/Business(ID=20263895,Language='FR')/RelatedBusinesses"}},"BusinessRoles":{"__deferred":{"uri":"https://ws.parlament.ch/OData.svc/Business(ID=20263895,Language='FR')/BusinessRoles"}},"Publications":{"__deferred":{"uri":"https://ws.parlament.ch/OData.svc/Business(ID=20263895,Language='FR')/Publications"}},"LegislativePeriods":{"__deferred":{"uri":"https://ws.parlament.ch/OData.svc/Business(ID=20263895,Language='FR')/LegislativePeriods"}},"Sessions":{"__deferred":{"uri":"https://ws.parlament.ch/OData.svc/Business(ID=20263895,Language='FR')/Sessions"}},"Preconsultations":{"__deferred":{"uri":"https://ws.parlament.ch/OData.svc/Business(ID=20263895,Language='FR')/Preconsultations"}},"Bills":{"__deferred":{"uri":"https://ws.parlament.ch/OData.svc/Business(ID=20263895,Language='FR')/Bills"}},"Councils":{"__deferred":{"uri":"https://ws.parlament.ch/OData.svc/Business(ID=20263895,Language='FR')/Councils"}},"BusinessTypes":{"__deferred":{"uri":"https://ws.parlament.ch/OData.svc/Business(ID=20263895,Language='FR')/BusinessTypes"}},"Votes":{"__deferred":{"uri":"https://ws.parlament.ch/OData.svc/Business(ID=20263895,Language='FR')/Votes"}},"SubjectsBusiness":{"__deferred":{"uri":"https://ws.parlament.ch/OData.svc/Business(ID=20263895,Language='FR')/SubjectsBusiness"}},"BusinessStates":{"__deferred":{"uri":"https://ws.parlament.ch/OData.svc/Business(ID=20263895,Language='FR')/BusinessStates"}},"Council":{"__deferred":{"uri":"https://ws.parlament.ch/OData.svc/Business(ID=20263895,Language='FR')/Council"}},"Transcripts":{"__deferred":{"uri":"https://ws.parlament.ch/OData.svc/Business(ID=20263895,Language='FR')/Transcripts"}},"ID":20263895,"Language":"FR","BusinessShortNumber":"26.3895","BusinessType":8,"BusinessTypeName":"Interpellation","BusinessTypeAbbreviation":"Ip.","Title":"Faut-il cr\u00e9er une base l\u00e9gale pour utiliser efficacement les ressources \u00e9nerg\u00e9tiques de centres de calcul ?","Description":null,"InitialSituation":null,"Proceedings":null,"DraftText":null,"SubmittedText":"<p>En 2024, les centres de calcul suisses ont consomm\u00e9 environ 2,1 t\u00e9rawattheures d'\u00e9lectricit\u00e9, soit 3,6 % de la consommation nationale. D\u2019apr\u00e8s un rapport succinct de l\u2019Office f\u00e9d\u00e9ral de l\u2019\u00e9nergie (SuisseEnergie / TEP Energy, mai 2026), on s\u2019attend \u00e0 une hausse de la consommation d\u2019\u00e9nergie comprise entre 2,5 et 3,2 t\u00e9rawattheures d\u2019ici \u00e0 2030, voire de 3,5 t\u00e9rawattheures dans le cas le plus extr\u00eame. Il s\u2019agirait d\u2019un accroissement de 70&nbsp;% par rapport \u00e0 aujourd\u2019hui. Le m\u00eame rapport a identifi\u00e9 dans les centres de calcul internes des entreprises un potentiel inutilis\u00e9 d\u2019efficacit\u00e9 \u00e9nerg\u00e9tique de quelque 38&nbsp;% par rapport \u00e0 la consommation actuelle. Concernant les m\u00e9nages et les industries, les prescriptions sur l\u2019efficacit\u00e9 \u00e9nerg\u00e9tique sont contraignantes&nbsp;; il n\u2019existe pas de telles prescriptions pour les centres de calcul. En 2023, l\u2019Allemagne s\u2019est dot\u00e9e d\u2019une loi sur l\u2019efficacit\u00e9 \u00e9nerg\u00e9tique, assortie de r\u00e8gles contraignantes, et l\u2019Union europ\u00e9enne travaille sur un dispositif similaire.</p><p>&nbsp;</p><ol><li>Que pense le Conseil f\u00e9d\u00e9ral de l\u2019\u00e9volution de la consommation \u00e9lectrique des centres de calcul sous l\u2019angle de la s\u00e9curit\u00e9 de l\u2019approvisionnement et des objectifs de la politique \u00e9nerg\u00e9tique suisse&nbsp;?</li><li>Quelles mesures entend-il prendre pour exploiter le potentiel d\u2019efficacit\u00e9 de 38&nbsp;% indiqu\u00e9 dans le rapport&nbsp;?</li><li>Est-il dispos\u00e9 \u00e0 instaurer des r\u00e8gles de transparence contraignantes, applicables aux grands centres de calcul, en mati\u00e8re de consommation d\u2019eau et d\u2019\u00e9lectricit\u00e9&nbsp;?</li><li>Que fait-il pour \u00e9viter que les centres de calcul \u00e0 forte consommation d\u2019\u00e9nergie ne viennent s\u2019implanter en Suisse en raison de lacunes dans la r\u00e9glementation&nbsp;?</li><li>Pr\u00e9voit-il d\u2019\u00e9dicter des prescriptions applicables aux centres de calcul sur la r\u00e9cup\u00e9ration de chaleur et le recours aux \u00e9nergies renouvelables&nbsp;? Dans la n\u00e9gative, pourquoi&nbsp;?</li></ol>","ReasonText":null,"DocumentationText":null,"MotionText":null,"FederalCouncilResponseText":"<p>1. Le rapport de l\u2019Office f\u00e9d\u00e9ral de l\u2019\u00e9nergie (OFEN) montre que la multiplication des centres de donn\u00e9es entra\u00eene une augmentation de la consommation d'\u00e9lectricit\u00e9. Cette hausse est toutefois moins importante en Suisse qu'aux \u00c9tats-Unis ou encore dans des villes europ\u00e9ennes telles que Francfort, Londres, Amsterdam, Paris ou Dublin, qui se distinguent par une densit\u00e9 \u00e9lev\u00e9e de centres de donn\u00e9es. Le Conseil f\u00e9d\u00e9ral abordera la question de l'\u00e9volution de la consommation d'\u00e9lectricit\u00e9 des centres de donn\u00e9es au regard de la s\u00e9curit\u00e9 d'approvisionnement et des objectifs de la Suisse en mati\u00e8re de politique \u00e9nerg\u00e9tique dans le cadre de sa r\u00e9ponse au Po. 24.4679 Fivaz \u00ab La consommation \u00e9lectrique des IAs met-elle en danger la strat\u00e9gie \u00e9nerg\u00e9tique 2050&nbsp;?&nbsp;\u00bb.</p><p>&nbsp;</p><p>2. L\u2019\u00e9tude de mai 2026 sur les centres de donn\u00e9es a mis en \u00e9vidence des gains d\u2019efficacit\u00e9 \u00e9nerg\u00e9tiques significatifs depuis 2019. Ceux-ci r\u00e9sultent notamment de l\u2019am\u00e9lioration de l\u2019efficacit\u00e9 \u00e9nerg\u00e9tique des \u00e9quipements informatiques modernes et du transfert des salles de serveurs et des centres de donn\u00e9es internes des entreprises vers des centres de donn\u00e9es en colocation ou des services cloud. Pour ces derniers, les co\u00fbts \u00e9nerg\u00e9tiques repr\u00e9sentent g\u00e9n\u00e9ralement une part non n\u00e9gligeable des co\u00fbts d\u2019exploitation et les optimisations \u00e9nerg\u00e9tiques apportent \u00e9galement des avantages \u00e9conomiques. D'autres gains d'efficacit\u00e9 sont envisageables dans le cadre des instruments de politique publique existants. Il s\u2019agit des exigences cantonales relatives aux b\u00e2timents, ainsi que des exigences grands consommateurs. Au niveau f\u00e9d\u00e9ral ce sont les exigences d\u2019efficacit\u00e9 relatives aux appareils \u00e9lectriques, notamment aux serveurs, aux ventilateurs et aux transformateurs, et les soutiens aux mesures volontaires de la branche \u00e0 travers les programmes ProKilowatt et SuisseEnergie. Les fournisseurs d\u2019\u00e9lectricit\u00e9 peuvent fournir des services sp\u00e9cifiques dans le cadre de leurs objectifs d\u2019efficacit\u00e9 \u00e9nerg\u00e9tique annuels.</p><p>&nbsp;</p><p>3. et 4. Les exigences \u00e9nerg\u00e9tiques applicables aux grands consommateurs et relatives aux b\u00e2timents ainsi que les exigences relatives \u00e0 la consommation de l\u2019eau, rel\u00e8vent en principe de la comp\u00e9tence des cantons. En plus, le cadre l\u00e9gal suisse comporte d\u00e9j\u00e0 des exigences \u00e9nerg\u00e9tiques qui s\u2019appliquent aussi \u00e0 la construction et \u00e0 l\u2019exploitation durable de centres de donn\u00e9es. Les cantons et les communes peuvent renforcer leurs prescriptions afin de r\u00e9pondre aux d\u00e9fis pos\u00e9s par les infrastructures particuli\u00e8rement \u00e9nergivores. Ou afin de s\u2019aligner sur des standards internationaux.</p><p>&nbsp;</p><p>5. Dans son rapport au Po. 23.3020 de la Commission de l\u2019environnement, de l\u2019am\u00e9nagement du territoire et de l\u2019\u00e9nergie du Conseil national (CEATE-N) \u00ab&nbsp;Utiliser les grandes quantit\u00e9s de chaleur r\u00e9siduelle&nbsp;\u00bb, le Conseil f\u00e9d\u00e9ral a estim\u00e9 qu\u2019une obligation directe d\u2019utiliser les rejets de chaleur dans le droit f\u00e9d\u00e9ral ne semble pas possible, faute de comp\u00e9tence constitutionnelle. En ce qui concerne une possible obligation de consommer de l'\u00e9nergie renouvelable, la loi en vigueur sur l'approvisionnement en \u00e9lectricit\u00e9 laisse aux grands consommateurs la libert\u00e9 de choisir leur fournisseur d'\u00e9lectricit\u00e9. </p>","FederalCouncilProposal":null,"FederalCouncilProposalText":null,"FederalCouncilProposalDate":"\/Date(1787097600000)\/","SubmittedBy":"Schlatter Marionna","BusinessStatus":203,"BusinessStatusText":"L\u2019avis relatif \u00e0 l\u2019intervention est disponible","BusinessStatusDate":"\/Date(1787156497190)\/","ResponsibleDepartment":9,"ResponsibleDepartmentName":"D\u00e9partement  de l'environnement, des transports, de l'\u00e9nergie et de la communication","ResponsibleDepartmentAbbreviation":"DETEC","IsLeadingDepartment":true,"Tags":"15|34|66","Category":null,"Modified":"\/Date(1787156505243)\/","SubmissionDate":"\/Date(1781827200000)\/","SubmissionCouncil":1,"SubmissionCouncilName":"Conseil national","SubmissionCouncilAbbreviation":"CN","SubmissionSession":5214,"SubmissionLegislativePeriod":52,"FirstCouncil1":1,"FirstCouncil1Name":"Conseil national","FirstCouncil1Abbreviation":"CN","FirstCouncil2":null,"FirstCouncil2Name":null,"FirstCouncil2Abbreviation":null,"TagNames":"\u00c9conomie|M\u00e9dias et communication|\u00c9nergie"}}