{"d":{"__metadata":{"id":"https://ws.parlament.ch/OData.svc/Business(ID=20263903,Language='FR')","uri":"https://ws.parlament.ch/OData.svc/Business(ID=20263903,Language='FR')","type":"itsystems.Pd.DataServices.DataModel.Business"},"BusinessResponsibilities":{"__deferred":{"uri":"https://ws.parlament.ch/OData.svc/Business(ID=20263903,Language='FR')/BusinessResponsibilities"}},"RelatedBusinesses":{"__deferred":{"uri":"https://ws.parlament.ch/OData.svc/Business(ID=20263903,Language='FR')/RelatedBusinesses"}},"BusinessRoles":{"__deferred":{"uri":"https://ws.parlament.ch/OData.svc/Business(ID=20263903,Language='FR')/BusinessRoles"}},"Publications":{"__deferred":{"uri":"https://ws.parlament.ch/OData.svc/Business(ID=20263903,Language='FR')/Publications"}},"LegislativePeriods":{"__deferred":{"uri":"https://ws.parlament.ch/OData.svc/Business(ID=20263903,Language='FR')/LegislativePeriods"}},"Sessions":{"__deferred":{"uri":"https://ws.parlament.ch/OData.svc/Business(ID=20263903,Language='FR')/Sessions"}},"Preconsultations":{"__deferred":{"uri":"https://ws.parlament.ch/OData.svc/Business(ID=20263903,Language='FR')/Preconsultations"}},"Bills":{"__deferred":{"uri":"https://ws.parlament.ch/OData.svc/Business(ID=20263903,Language='FR')/Bills"}},"Councils":{"__deferred":{"uri":"https://ws.parlament.ch/OData.svc/Business(ID=20263903,Language='FR')/Councils"}},"BusinessTypes":{"__deferred":{"uri":"https://ws.parlament.ch/OData.svc/Business(ID=20263903,Language='FR')/BusinessTypes"}},"Votes":{"__deferred":{"uri":"https://ws.parlament.ch/OData.svc/Business(ID=20263903,Language='FR')/Votes"}},"SubjectsBusiness":{"__deferred":{"uri":"https://ws.parlament.ch/OData.svc/Business(ID=20263903,Language='FR')/SubjectsBusiness"}},"BusinessStates":{"__deferred":{"uri":"https://ws.parlament.ch/OData.svc/Business(ID=20263903,Language='FR')/BusinessStates"}},"Council":{"__deferred":{"uri":"https://ws.parlament.ch/OData.svc/Business(ID=20263903,Language='FR')/Council"}},"Transcripts":{"__deferred":{"uri":"https://ws.parlament.ch/OData.svc/Business(ID=20263903,Language='FR')/Transcripts"}},"ID":20263903,"Language":"FR","BusinessShortNumber":"26.3903","BusinessType":5,"BusinessTypeName":"Motion","BusinessTypeAbbreviation":"Mo.","Title":"Emp\u00eacher les incitations financi\u00e8res \u00e0 la surproduction m\u00e9dicale dans les structures financ\u00e9es par l'assurance obligatoire des soins","Description":null,"InitialSituation":null,"Proceedings":null,"DraftText":null,"SubmittedText":"<p>Le CF est charg\u00e9 de soumettre au Parlement des modifications l\u00e9gislatives afin que les prestations financ\u00e9es par l'AOS ne puissent plus \u00eatre r\u00e9alis\u00e9es dans des structures m\u00e9dicales appliquant des syst\u00e8mes de r\u00e9mun\u00e9ration qui incitent \u00e0 l'augmentation du volume d'actes factur\u00e9s.</p><p>Il examinera notamment les mesures suivantes :</p><ol><li>interdire les bonus ou r\u00e9mun\u00e9rations variables li\u00e9s au chiffre d'affaires, au nombre d'actes ou au volume de prestations r\u00e9alis\u00e9es dans les structures qui facturent \u00e0 charge de l'AOS&nbsp;</li><li>imposer aux fournisseurs de prestations une transparence compl\u00e8te concernant leurs m\u00e9canismes de r\u00e9mun\u00e9ration, leur structure de propri\u00e9t\u00e9 et leurs b\u00e9n\u00e9ficiaires \u00e9conomiques&nbsp;</li><li>soumettre \u00e0 des exigences particuli\u00e8res de gouvernance les groupes m\u00e9dicaux contr\u00f4l\u00e9s par des investisseurs non m\u00e9dicaux, afin de garantir l'ind\u00e9pendance des d\u00e9cisions cliniques&nbsp;</li><li>pr\u00e9voir des sanctions pouvant aller jusqu'au retrait de facturer \u00e0 charge de l'AOS en cas de violation de ces r\u00e8gles.</li></ol>","ReasonText":"<p>Les r\u00e9v\u00e9lations r\u00e9centes concernant un groupe de radiologie romand ont mis en lumi\u00e8re des m\u00e9canismes de r\u00e9mun\u00e9ration probl\u00e9matiques. Selon des documents internes rendus publics, des m\u00e9decins salari\u00e9s per\u00e7oivent un salaire annuel pouvant atteindre 420'000 francs, auquel s'ajoutent des bonus calcul\u00e9s sur le d\u00e9passement d'objectifs de chiffre d'affaires qui peuvent atteindre 200'000 francs par an.</p><p>M\u00eame si ces pratiques sont actuellement l\u00e9gales, elles sont difficilement conciliables avec les principes de l'AOS. Une r\u00e9mun\u00e9ration d\u00e9pendant du volume de prestations factur\u00e9es cr\u00e9e une incitation \u00e9conomique \u00e0 produire davantage d'actes m\u00e9dicaux, alors que l'indication d'un examen ou d'un traitement devrait reposer exclusivement sur l'int\u00e9r\u00eat du patient.</p><p>Ceci est d'autant plus pr\u00e9occupant que ces prestations sont financ\u00e9es par des primes obligatoires qui p\u00e8sent toujours plus lourdement sur les m\u00e9nages. Plus d'un tiers de la population b\u00e9n\u00e9ficie aujourd'hui d'une aide publique pour les payer.</p><p>L'objectif de cette motion n'est pas de remettre en cause une r\u00e9mun\u00e9ration ad\u00e9quate des m\u00e9decins ni de fragiliser les cabinets ind\u00e9pendants, mais de garantir que l'AOS ne serve pas \u00e0 alimenter des m\u00e9canismes de r\u00e9mun\u00e9ration encourageant la croissance du volume d'actes plut\u00f4t que leur pertinence. &nbsp;Les d\u00e9cisions m\u00e9dicales doivent \u00eatre ind\u00e9pendantes d'int\u00e9r\u00eats financiers li\u00e9s \u00e0 la production de prestations.&nbsp;</p>","DocumentationText":null,"MotionText":null,"FederalCouncilResponseText":"<p>Le Conseil f\u00e9d\u00e9ral juge probl\u00e9matiques les syst\u00e8mes d\u2019incitations \u00e9conomiques susceptibles d\u2019entra\u00eener une augmentation du volume des prestations m\u00e9dicalement non justifi\u00e9es \u00e0 la charge de l\u2019assurance obligatoire des soins (AOS) (cf.&nbsp;notamment la r\u00e9ponse \u00e0 l\u2019interpellation&nbsp;22.3704 Estermann \u00ab&nbsp;Correctifs n\u00e9cessaires dans le syst\u00e8me de sant\u00e9&nbsp;? (1)&nbsp;\u00bb, qui renvoie elle-m\u00eame \u00e0 d\u2019autres interventions). </p><p>Il partage l\u2019objectif principal de la motion, selon lequel seules les prestations m\u00e9dicalement n\u00e9cessaires soient prises en charge par l\u2019AOS. Les fournisseurs de prestations sont tenus par la loi de fournir des prestations efficaces, appropri\u00e9es et \u00e9conomiques (art.&nbsp;32, al.&nbsp;1, de la loi f\u00e9d\u00e9rale sur l\u2019assurance-maladie [LAMal&nbsp;; RS&nbsp;<em>832.10</em>]). En cas d\u2019infraction, ils s\u2019exposent aujourd\u2019hui d\u00e9j\u00e0 \u00e0 des sanctions pouvant aller jusqu\u2019\u00e0 l\u2019exclusion de l\u2019activit\u00e9 \u00e0 la charge de l\u2019AOS (cf.&nbsp;point&nbsp;4). </p><p>&nbsp;</p><p>Le Conseil f\u00e9d\u00e9ral est dispos\u00e9 \u00e0 examiner des mesures suppl\u00e9mentaires allant dans le sens de la motion. Dans le cadre des mesures l\u00e9gislatives \u00e0 proposer, il veillera en particulier \u00e0 leur constitutionnalit\u00e9 et tiendra compte de leur applicabilit\u00e9 ainsi que de la charge de travail n\u00e9cessaire pour les mettre en \u0153uvre.</p><br><br>Le Conseil f\u00e9d\u00e9ral propose d'accepter la motion.","FederalCouncilProposal":44,"FederalCouncilProposalText":"Adoption","FederalCouncilProposalDate":"\/Date(1788307200000)\/","SubmittedBy":"Crottaz Brigitte","BusinessStatus":203,"BusinessStatusText":"L\u2019avis relatif \u00e0 l\u2019intervention est disponible","BusinessStatusDate":"\/Date(1788340064000)\/","ResponsibleDepartment":4,"ResponsibleDepartmentName":"D\u00e9partement de l'int\u00e9rieur","ResponsibleDepartmentAbbreviation":"DFI","IsLeadingDepartment":true,"Tags":"44|2841","Category":null,"Modified":"\/Date(1788426477390)\/","SubmissionDate":"\/Date(1781827200000)\/","SubmissionCouncil":1,"SubmissionCouncilName":"Conseil national","SubmissionCouncilAbbreviation":"CN","SubmissionSession":5214,"SubmissionLegislativePeriod":52,"FirstCouncil1":1,"FirstCouncil1Name":"Conseil national","FirstCouncil1Abbreviation":"CN","FirstCouncil2":null,"FirstCouncil2Name":null,"FirstCouncil2Abbreviation":null,"TagNames":"Emploi et travail|Sant\u00e9"}}