{"d":{"__metadata":{"id":"https://ws.parlament.ch/OData.svc/Business(ID=20263935,Language='DE')","uri":"https://ws.parlament.ch/OData.svc/Business(ID=20263935,Language='DE')","type":"itsystems.Pd.DataServices.DataModel.Business"},"BusinessResponsibilities":{"__deferred":{"uri":"https://ws.parlament.ch/OData.svc/Business(ID=20263935,Language='DE')/BusinessResponsibilities"}},"RelatedBusinesses":{"__deferred":{"uri":"https://ws.parlament.ch/OData.svc/Business(ID=20263935,Language='DE')/RelatedBusinesses"}},"BusinessRoles":{"__deferred":{"uri":"https://ws.parlament.ch/OData.svc/Business(ID=20263935,Language='DE')/BusinessRoles"}},"Publications":{"__deferred":{"uri":"https://ws.parlament.ch/OData.svc/Business(ID=20263935,Language='DE')/Publications"}},"LegislativePeriods":{"__deferred":{"uri":"https://ws.parlament.ch/OData.svc/Business(ID=20263935,Language='DE')/LegislativePeriods"}},"Sessions":{"__deferred":{"uri":"https://ws.parlament.ch/OData.svc/Business(ID=20263935,Language='DE')/Sessions"}},"Preconsultations":{"__deferred":{"uri":"https://ws.parlament.ch/OData.svc/Business(ID=20263935,Language='DE')/Preconsultations"}},"Bills":{"__deferred":{"uri":"https://ws.parlament.ch/OData.svc/Business(ID=20263935,Language='DE')/Bills"}},"Councils":{"__deferred":{"uri":"https://ws.parlament.ch/OData.svc/Business(ID=20263935,Language='DE')/Councils"}},"BusinessTypes":{"__deferred":{"uri":"https://ws.parlament.ch/OData.svc/Business(ID=20263935,Language='DE')/BusinessTypes"}},"Votes":{"__deferred":{"uri":"https://ws.parlament.ch/OData.svc/Business(ID=20263935,Language='DE')/Votes"}},"SubjectsBusiness":{"__deferred":{"uri":"https://ws.parlament.ch/OData.svc/Business(ID=20263935,Language='DE')/SubjectsBusiness"}},"BusinessStates":{"__deferred":{"uri":"https://ws.parlament.ch/OData.svc/Business(ID=20263935,Language='DE')/BusinessStates"}},"Council":{"__deferred":{"uri":"https://ws.parlament.ch/OData.svc/Business(ID=20263935,Language='DE')/Council"}},"Transcripts":{"__deferred":{"uri":"https://ws.parlament.ch/OData.svc/Business(ID=20263935,Language='DE')/Transcripts"}},"ID":20263935,"Language":"DE","BusinessShortNumber":"26.3935","BusinessType":6,"BusinessTypeName":"Postulat","BusinessTypeAbbreviation":"Po.","Title":"Hassreden und demokratische Teilhabe","Description":null,"InitialSituation":null,"Proceedings":null,"DraftText":null,"SubmittedText":"<p>Der Bundesrat wird beauftragt, in einem Bericht die Entwicklung von Hassreden (Hate Speech) in der \u00f6ffentlichen und politischen Debatte in der Schweiz zu untersuchen und ihre Auswirkungen auf die demokratische Teilhabe abzusch\u00e4tzen.</p><p>Im Bericht sollen insbesondere die folgenden Punkte untersucht werden:</p><ul style=\"list-style-type:disc;\"><li>die Verbreitung von Hassreden und Einsch\u00fcchterungskampagnen im Netz, die sich gegen Personen richten, welche sich in der Politik, in den Medien, in der Zivilgesellschaft und in den Institutionen engagieren;</li><li>die Auswirkungen dieses Ph\u00e4nomens auf die Teilnahme an der \u00f6ffentlichen Debatte und die Wahrnehmung der politischen Rechte;</li><li>die spezifischen Folgen f\u00fcr Frauen, Jugendliche, Minderheiten und andere besonders betroffene Personengruppen;</li><li>die Massnahmen, die andere demokratische L\u00e4nder ergriffen haben;</li><li>Massnahmen zur Vorbeugung, zur Sensibilisierung und zur Unterst\u00fctzung der Betroffenen.</li></ul>","ReasonText":"<p>Die Qualit\u00e4t der Demokratie h\u00e4ngt davon ab, dass alle Menschen die M\u00f6glichkeit haben, sich in der politischen Debatte frei zu \u00e4ussern.</p><p>In den letzten Jahren l\u00e4sst sich jedoch beobachten, dass der Ton in den politischen Diskussionen, insbesondere in den sozialen Medien und auf den digitalen Plattformen, zunehmend aggressiv wird. Immer mehr Menschen, die sich im \u00f6ffentlichen Leben engagieren, sind von Drohungen, Beleidigungen, koordinierten Einsch\u00fcchterungskampagnen und anderen Formen von Gewalt und Hass im Netz betroffen.</p><p>Dieses Ph\u00e4nomen betrifft nicht nur die direkt Betroffenen. Es kann weit mehr Menschen abschrecken, sie von der politischen Teilhabe abhalten und so die Vielfalt der Stimmen in der demokratischen Debatte einschr\u00e4nken.</p><p>Besonders beunruhigend ist die Tatsache, dass diese Entwicklung unverh\u00e4ltnism\u00e4ssig oft Frauen, Jugendliche, Angeh\u00f6rige von Minderheiten und andere Personengruppen, die in den Entscheidungsgremien ohnehin schon untervertreten sind, trifft.</p><p>Das Ziel dieses Postulats besteht weder darin, die Meinungs\u00e4usserungsfreiheit einzuschr\u00e4nken, noch darin, neue Einschr\u00e4nkungen f\u00fcr die politische Debatte einzuf\u00fchren. Es geht vielmehr darum, die Tragweite dieses Ph\u00e4nomens und die Auswirkungen auf das Funktionieren der Schweizer Demokratie besser zu verstehen sowie die m\u00f6glichen Massnahmen zur Vorbeugung und zur Sensibilisierung zu erkennen.</p><p>Eine solide Wissensgrundlage ist unerl\u00e4sslich, um zu gew\u00e4hrleisten, dass die demokratische Debatte allen zug\u00e4nglich, vielf\u00e4ltig und respektvoll bleibt.</p>","DocumentationText":null,"MotionText":null,"FederalCouncilResponseText":"<p>Die geforderten Analysen und Massnahmen sind in den letzten Jahren bereits in umfassender Weise an die Hand genommen worden.</p><p>Die Verbreitung von Hassrede und die Auswirkungen auf die demokratische Teilhabe waren Gegenstand des Berichts \u00abIntermedi\u00e4re und Kommunikationsplattformen\u00bb (www.bakom.admin.ch &gt; Digital &gt; Digitale Kommunikation &gt; Intermedi\u00e4re und Kommunikationsplattformen) sowie des Berichts \u00abHassreden. Bestehen gesetzliche L\u00fccken?\u00bb in Erf\u00fcllung des Postulats <a href=\"https://www.parlament.ch/de/ratsbetrieb/suche-curia-vista/geschaeft?AffairId=20213450\"><u>21.3450</u></a> der Sicherheitspolitischen Kommission des St\u00e4nderats (SiK-S). In der Folge hat der Bundesrat einen Vorentwurf zu einem Bundesgesetz \u00fcber Kommunikationsplattformen und Suchmaschinen in die Vernehmlassung gegeben. Zudem hat das BAKOM Studien zum Thema digitale Hassrede unterst\u00fctzt (www.bakom.admin.ch &gt; Grundlagenforschung). Das Eidgen\u00f6ssische Justiz- und Polizeidepartement (EJPD) hat zudem eine Studie finanziert, die Anfeindungen gegen\u00fcber politischen Akteurinnen und Akteuren sowie deren Auswirkungen auf die politische T\u00e4tigkeit untersucht. </p><p>Verschiedene Bundesstellen analysieren die Betroffenheit einzelner Gruppen im Rahmen ihrer Zust\u00e4ndigkeiten und bieten zudem Sensibilisierungs- und Pr\u00e4ventionsangebote an: Das BAKOM hat zwei Call for Projects zum Thema digitale Hassrede durchgef\u00fchrt; die daraus hervorgegangenen Studien und weitere unterst\u00fctzte Forschungsprojekte untersuchen insbesondere die Verbreitung digitaler Hassrede, betroffene Gruppen, Erscheinungsformen sowie m\u00f6gliche Gegenmassnahmen (www.bakom.admin.ch &gt; Medien &gt; Grundlagenforschung &gt; Digitale \u00d6ffentlichkeit). Die vom Bundesrat verabschiedete nationale Strategie gegen Rassismus und Antisemitismus definiert gemeinsame Ziele und Handlungsans\u00e4tze f\u00fcr die Pr\u00e4vention und Bek\u00e4mpfung von Rassismus und Antisemitismus. Die Fachstelle f\u00fcr Rassismusbek\u00e4mpfung (FRB) koordiniert die Umsetzung in Form eines Aktionsplans (www.frb.admin.ch &gt; Strategie und Aktionsplan). Die FRB stellt mit dem Rassismus-Monitoring (<a href=\"http://www.rassismus-in-zahlen.ch\"><u>www.rassismus-in-zahlen.ch</u></a>) zudem Grundlagen zur Analyse rassistischer Diskriminierung und Hassrede zur Verf\u00fcgung. Das Eidgen\u00f6ssische B\u00fcro f\u00fcr die Gleichstellung von Menschen mit Behinderungen (EBGB) analysiert im Rahmen des Postulats <a href=\"https://www.parlament.ch/de/ratsbetrieb/suche-curia-vista/geschaeft?AffairId=20243001\"><u>24.3001</u></a> \u00abPr\u00fcfung von Massnahmen zur Verbesserung der politischen Teilhabe von Menschen mit Behinderungen\u00bb der Staatspolitischen Kommission des Nationalrats (SPK-N) die politische Teilhabe von Menschen mit Behinderungen und hat dazu einen politikwissenschaftlichen und juristischen Forschungsbericht in Auftrag gegeben. Das Eidgen\u00f6ssische B\u00fcro f\u00fcr die Gleichstellung von Frau und Mann (EBG) erarbeitet in Co-Federf\u00fchrung mit dem Bundesamt f\u00fcr Justiz (BJ) gemeinsam mit Kantonen, St\u00e4dten und Gemeinden aktuell eine nationale Strategie gegen h\u00e4usliche, sexualisierte und geschlechtsbezogene Gewalt mit Pr\u00fcfung der digitalen Dimension. Die Direktion f\u00fcr V\u00f6lkerrecht (DV) arbeitet daran, neue und anhaltende Herausforderungen im Zusammenhang mit Online-Hassrede gegen religi\u00f6se Gruppen und Minderheiten zu identifizieren sowie Good Practices und praktische Ans\u00e4tze zur St\u00e4rkung der Umsetzung des Rabat Plan of Action (RPA) im digitalen Kontext aufzuzeigen. Die Eidgen\u00f6ssische Kommission gegen Rassismus (EKR) unterh\u00e4lt die Meldeplattform f\u00fcr rassistische Online-Hassrede (https://www.reportonlineracism.ch/), das Bundesamt f\u00fcr Sozialversicherungen (BSV) stellt mit der Plattform \u00abJugend und Medien\u00bb verschiedene Angebote in den Bereichen Sensibilisierung und Pr\u00e4vention bereit.</p><p>Vor diesem Hintergrund erachtet es der Bundesrat als nicht angezeigt, einen weiteren Bericht im Sinne des Postulats zu erarbeiten. Die geforderten Analysen liegen bereits weitgehend vor; mit den laufenden regulatorischen Arbeiten sind die Beobachtung und Weiterentwicklung in diesem Bereich sichergestellt.</p><br><br>Der Bundesrat beantragt die Ablehnung des Postulates.","FederalCouncilProposal":45,"FederalCouncilProposalText":"Ablehnung","FederalCouncilProposalDate":"\/Date(1787097600000)\/","SubmittedBy":"Gysin Greta","BusinessStatus":203,"BusinessStatusText":"Stellungnahme zum Vorstoss liegt vor","BusinessStatusDate":"\/Date(1787154217853)\/","ResponsibleDepartment":9,"ResponsibleDepartmentName":"Departement f\u00fcr Umwelt, Verkehr, Energie und Kommunikation","ResponsibleDepartmentAbbreviation":"UVEK","IsLeadingDepartment":true,"Tags":"4|28","Category":null,"Modified":"\/Date(1787154227087)\/","SubmissionDate":"\/Date(1781827200000)\/","SubmissionCouncil":1,"SubmissionCouncilName":"Nationalrat","SubmissionCouncilAbbreviation":"NR","SubmissionSession":5214,"SubmissionLegislativePeriod":52,"FirstCouncil1":1,"FirstCouncil1Name":"Nationalrat","FirstCouncil1Abbreviation":"NR","FirstCouncil2":null,"FirstCouncil2Name":null,"FirstCouncil2Abbreviation":null,"TagNames":"Staatspolitik|Soziale Fragen"}}