{"d":{"__metadata":{"id":"https://ws.parlament.ch/OData.svc/Business(ID=20263938,Language='FR')","uri":"https://ws.parlament.ch/OData.svc/Business(ID=20263938,Language='FR')","type":"itsystems.Pd.DataServices.DataModel.Business"},"BusinessResponsibilities":{"__deferred":{"uri":"https://ws.parlament.ch/OData.svc/Business(ID=20263938,Language='FR')/BusinessResponsibilities"}},"RelatedBusinesses":{"__deferred":{"uri":"https://ws.parlament.ch/OData.svc/Business(ID=20263938,Language='FR')/RelatedBusinesses"}},"BusinessRoles":{"__deferred":{"uri":"https://ws.parlament.ch/OData.svc/Business(ID=20263938,Language='FR')/BusinessRoles"}},"Publications":{"__deferred":{"uri":"https://ws.parlament.ch/OData.svc/Business(ID=20263938,Language='FR')/Publications"}},"LegislativePeriods":{"__deferred":{"uri":"https://ws.parlament.ch/OData.svc/Business(ID=20263938,Language='FR')/LegislativePeriods"}},"Sessions":{"__deferred":{"uri":"https://ws.parlament.ch/OData.svc/Business(ID=20263938,Language='FR')/Sessions"}},"Preconsultations":{"__deferred":{"uri":"https://ws.parlament.ch/OData.svc/Business(ID=20263938,Language='FR')/Preconsultations"}},"Bills":{"__deferred":{"uri":"https://ws.parlament.ch/OData.svc/Business(ID=20263938,Language='FR')/Bills"}},"Councils":{"__deferred":{"uri":"https://ws.parlament.ch/OData.svc/Business(ID=20263938,Language='FR')/Councils"}},"BusinessTypes":{"__deferred":{"uri":"https://ws.parlament.ch/OData.svc/Business(ID=20263938,Language='FR')/BusinessTypes"}},"Votes":{"__deferred":{"uri":"https://ws.parlament.ch/OData.svc/Business(ID=20263938,Language='FR')/Votes"}},"SubjectsBusiness":{"__deferred":{"uri":"https://ws.parlament.ch/OData.svc/Business(ID=20263938,Language='FR')/SubjectsBusiness"}},"BusinessStates":{"__deferred":{"uri":"https://ws.parlament.ch/OData.svc/Business(ID=20263938,Language='FR')/BusinessStates"}},"Council":{"__deferred":{"uri":"https://ws.parlament.ch/OData.svc/Business(ID=20263938,Language='FR')/Council"}},"Transcripts":{"__deferred":{"uri":"https://ws.parlament.ch/OData.svc/Business(ID=20263938,Language='FR')/Transcripts"}},"ID":20263938,"Language":"FR","BusinessShortNumber":"26.3938","BusinessType":8,"BusinessTypeName":"Interpellation","BusinessTypeAbbreviation":"Ip.","Title":"Qu'en est-il de la promesse du Conseil f\u00e9d\u00e9ral d'\"augmenter la transparence et la v\u00e9rit\u00e9 des co\u00fbts\" dans le cadre des futures politiques agricoles ?","Description":null,"InitialSituation":null,"Proceedings":null,"DraftText":null,"SubmittedText":"<p>Je prie le Conseil f\u00e9d\u00e9ral de r\u00e9pondre aux questions suivantes&nbsp;:<br>&nbsp;</p><ol style=\"list-style-type:decimal;\"><li>Est-il d\u2019usage, au niveau national, et compatible avec la loi sur le Parlement, que le Conseil f\u00e9d\u00e9ral s\u2019oppose \u00e0 la demande expresse d\u2019une chambre de r\u00e9diger un rapport en ex\u00e9cution d\u2019un postulat&nbsp;? Si oui, pourquoi et quels exemples existe-t-il&nbsp;? Si non, comment le Conseil f\u00e9d\u00e9ral justifie-t-il sa d\u00e9marche et dans quel d\u00e9lai r\u00e9digera-t-il le rapport en question&nbsp;?</li><li>Le domaine d\u2019action \u00ab&nbsp;Augmenter la transparence et la v\u00e9rit\u00e9 des co\u00fbts&nbsp;\u00bb fait-il partie des quatre domaines centraux de la PA30+&nbsp;? Si oui, quelles sont les diff\u00e9rences en comparaison avec le rapport du Conseil f\u00e9d\u00e9ral sur l\u2019orientation future de la politique agricole&nbsp;? Si non, pourquoi&nbsp;?</li><li>\u00c0 partir de quand et dans quels d\u00e9lais \u00ab&nbsp;la transparence et la v\u00e9rit\u00e9 des co\u00fbts&nbsp;\u00bb seront-elles augment\u00e9es dans le secteur alimentaire suisse&nbsp;?&nbsp;</li></ol>","ReasonText":"<p>Selon <a href=\"https://emea01.safelinks.protection.outlook.com/?url=https%3A%2F%2Fwww.parlament.ch%2Fcenters%2Feparl%2Fcuria%2F2020%2F20203931%2FBericht%2520BR%2520D.pdf&amp;data=05%7C02%7C%7C7cf170ba368d4183ccd508decd46c22b%7C84df9e7fe9f640afb435aaaaaaaaaaaa%7C1%7C0%7C639173900935850921%7CUnknown%7CTWFpbGZsb3d8eyJFbXB0eU1hcGkiOnRydWUsIlYiOiIwLjAuMDAwMCIsIlAiOiJXaW4zMiIsIkFOIjoiTWFpbCIsIldUIjoyfQ%3D%3D%7C0%7C%7C%7C&amp;sdata=B8YRyk6nTwYX7mk1I%2BLTah5onst97Flv5F1lswXcwCI%3D&amp;reserved=0\"><u>le rapport du Conseil f\u00e9d\u00e9ral du&nbsp;22&nbsp;juin&nbsp;2022 sur l\u2019orientation future de la politique agricole</u></a>, \u00ab&nbsp;augmenter la transparence et la v\u00e9rit\u00e9 des co\u00fbts&nbsp;\u00bb constitue l\u2019un des quatre domaines d\u2019action centraux pour la r\u00e9alisation de la projection \u00e0 l\u2019horizon&nbsp;2050. Il aura un impact sur les quatre axes strat\u00e9giques de la PA30+, en ce qui concerne le syst\u00e8me alimentaire.</p><p>Dans sa r\u00e9ponse \u00e0 mon postulat 22.4556 \u00ab&nbsp;Am\u00e9liorer la transparence et la v\u00e9rit\u00e9 des prix&nbsp;\u00bb et au postulat 22.4440&nbsp;Giacometti du m\u00eame titre, tous deux transmis par le Conseil national au Conseil f\u00e9d\u00e9ral, ce dernier \u00e9crit&nbsp;: \u00ab&nbsp;Le Conseil f\u00e9d\u00e9ral projette de mener en&nbsp;2026 une consultation sur l\u2019orientation future de la politique agricole. \u00c0 cette occasion, il soumettra \u00e0 la discussion des mesures concr\u00e8tes concernant la transparence et la v\u00e9rit\u00e9 des co\u00fbts.&nbsp;\u00bb&nbsp;</p><p>Finalement, dans sa r\u00e9ponse \u00e0 la question 24.7112&nbsp;Michaud Gigon, il \u00e9crit&nbsp;: \u00ab&nbsp;Les postulats 22.4440 et 22.4556 ne feront pas l\u2019objet d\u2019un rapport de postulat sp\u00e9cifique. \u00bb</p>","DocumentationText":null,"MotionText":null,"FederalCouncilResponseText":"<p>1. Conform\u00e9ment \u00e0 l\u2019art. 124, al. 3, de la loi sur le Parlement (LParl ; RS 171.10), un postulat transmis par l\u2019une des Chambres oblige le Conseil f\u00e9d\u00e9ral \u00e0 rendre compte de ce qui lui est demand\u00e9, soit au moyen d\u2019un rapport ad hoc, soit dans son rapport de gestion, soit dans le message sur un projet d\u2019acte de l\u2019Assembl\u00e9e f\u00e9d\u00e9rale. Comme il l\u2019a indiqu\u00e9 dans son rapport sur les motions et postulats de 2025 (FF 2026 1163), le Conseil f\u00e9d\u00e9ral a l\u2019intention de lancer \u00e0 l\u2019automne 2026 une proc\u00e9dure de consultation sur la future orientation de la Politique agricole \u00e0 partir de 2030 (PA30+). \u00c0 cette occasion, il soumettra \u00e0 la discussion la concr\u00e9tisation des mesures relatives \u00e0 la transparence et \u00e0 la v\u00e9rit\u00e9 des co\u00fbts. Le message sera vraisemblablement adopt\u00e9 au dernier trimestre 2027. Le classement des postulats <a href=\"https://www.parlament.ch/fr/ratsbetrieb/suche-curia-vista/geschaeft?AffairId=20224440\">22.4440</a> et <a href=\"https://www.parlament.ch/fr/ratsbetrieb/suche-curia-vista/geschaeft?AffairId=20224556\">22.4556</a> sera propos\u00e9 lors de la pr\u00e9sentation du message sur la PA30+.</p><p>2 et 3. Lors de la discussion de f\u00e9vrier 2026, le Conseil f\u00e9d\u00e9ral a d\u00e9fini les quatre grandes lignes de la PA30+ : (1) accro\u00eetre la marge de man\u0153uvre et r\u00e9duire la charge administrative, (2) soutenir le bon fonctionnement des march\u00e9s, (3) am\u00e9liorer les bases de production et l\u2019utilisation efficiente des ressources et (4) promouvoir la durabilit\u00e9 de la cha\u00eene de cr\u00e9ation de valeur. Le Conseil f\u00e9d\u00e9ral envisage, pour les grandes lignes (2) et (4), la prise de mesures concr\u00e8tes visant \u00e0 am\u00e9liorer la transparence et la v\u00e9rit\u00e9 des co\u00fbts, comme le d\u00e9veloppement cibl\u00e9 de l\u2019observation du march\u00e9, le renforcement de la transparence lors de la fixation de prix indicatifs, l\u2019introduction de conventions d\u2019objectifs avec les d\u00e9taillants ou l\u2019\u00e9tablissement d\u2019une base l\u00e9gale obligeant \u00e0 fournir des preuves pour l\u2019\u00e9tiquetage des produits d\u2019origine animale import\u00e9s. Le lancement de la proc\u00e9dure de consultation sur la PA30+ est pr\u00e9vu pour l\u2019automne 2026. Les mesures d\u00e9cid\u00e9es entreront vraisemblablement en vigueur le 1<sup>er</sup> janvier 2030.</p>","FederalCouncilProposal":null,"FederalCouncilProposalText":null,"FederalCouncilProposalDate":"\/Date(1787702400000)\/","SubmittedBy":"Schneider Meret","BusinessStatus":203,"BusinessStatusText":"L\u2019avis relatif \u00e0 l\u2019intervention est disponible","BusinessStatusDate":"\/Date(1787737246000)\/","ResponsibleDepartment":8,"ResponsibleDepartmentName":"D\u00e9partement de l'\u00e9conomie, de la formation et de la recherche","ResponsibleDepartmentAbbreviation":"DEFR","IsLeadingDepartment":true,"Tags":"24|55","Category":null,"Modified":"\/Date(1787910075347)\/","SubmissionDate":"\/Date(1781827200000)\/","SubmissionCouncil":1,"SubmissionCouncilName":"Conseil national","SubmissionCouncilAbbreviation":"CN","SubmissionSession":5214,"SubmissionLegislativePeriod":52,"FirstCouncil1":1,"FirstCouncil1Name":"Conseil national","FirstCouncil1Abbreviation":"CN","FirstCouncil2":null,"FirstCouncil2Name":null,"FirstCouncil2Abbreviation":null,"TagNames":"Finances|Agriculture"}}