{"d":{"__metadata":{"id":"https://ws.parlament.ch/OData.svc/Business(ID=20263965,Language='IT')","uri":"https://ws.parlament.ch/OData.svc/Business(ID=20263965,Language='IT')","type":"itsystems.Pd.DataServices.DataModel.Business"},"BusinessResponsibilities":{"__deferred":{"uri":"https://ws.parlament.ch/OData.svc/Business(ID=20263965,Language='IT')/BusinessResponsibilities"}},"RelatedBusinesses":{"__deferred":{"uri":"https://ws.parlament.ch/OData.svc/Business(ID=20263965,Language='IT')/RelatedBusinesses"}},"BusinessRoles":{"__deferred":{"uri":"https://ws.parlament.ch/OData.svc/Business(ID=20263965,Language='IT')/BusinessRoles"}},"Publications":{"__deferred":{"uri":"https://ws.parlament.ch/OData.svc/Business(ID=20263965,Language='IT')/Publications"}},"LegislativePeriods":{"__deferred":{"uri":"https://ws.parlament.ch/OData.svc/Business(ID=20263965,Language='IT')/LegislativePeriods"}},"Sessions":{"__deferred":{"uri":"https://ws.parlament.ch/OData.svc/Business(ID=20263965,Language='IT')/Sessions"}},"Preconsultations":{"__deferred":{"uri":"https://ws.parlament.ch/OData.svc/Business(ID=20263965,Language='IT')/Preconsultations"}},"Bills":{"__deferred":{"uri":"https://ws.parlament.ch/OData.svc/Business(ID=20263965,Language='IT')/Bills"}},"Councils":{"__deferred":{"uri":"https://ws.parlament.ch/OData.svc/Business(ID=20263965,Language='IT')/Councils"}},"BusinessTypes":{"__deferred":{"uri":"https://ws.parlament.ch/OData.svc/Business(ID=20263965,Language='IT')/BusinessTypes"}},"Votes":{"__deferred":{"uri":"https://ws.parlament.ch/OData.svc/Business(ID=20263965,Language='IT')/Votes"}},"SubjectsBusiness":{"__deferred":{"uri":"https://ws.parlament.ch/OData.svc/Business(ID=20263965,Language='IT')/SubjectsBusiness"}},"BusinessStates":{"__deferred":{"uri":"https://ws.parlament.ch/OData.svc/Business(ID=20263965,Language='IT')/BusinessStates"}},"Council":{"__deferred":{"uri":"https://ws.parlament.ch/OData.svc/Business(ID=20263965,Language='IT')/Council"}},"Transcripts":{"__deferred":{"uri":"https://ws.parlament.ch/OData.svc/Business(ID=20263965,Language='IT')/Transcripts"}},"ID":20263965,"Language":"IT","BusinessShortNumber":"26.3965","BusinessType":5,"BusinessTypeName":"Mozione","BusinessTypeAbbreviation":"Mo.","Title":"Priorit\u00e0 ai residenti in Svizzera nelle assunzioni presso l'amministrazione federale e le aziende controllate dalla Confederazione","Description":null,"InitialSituation":null,"Proceedings":null,"DraftText":null,"SubmittedText":"<p>Il Consiglio federale \u00e8 incaricato di emanare una direttiva vincolante applicabile all\u2019Amministrazione federale e alle aziende per le quali la Confederazione detiene la maggioranza del capitale o esercita un controllo determinante, affinch\u00e9 le persone residenti in Svizzera abbiano la priorit\u00e0 nelle assunzioni qualora le loro qualifiche corrispondano ai requisiti del posto.</p><p>Tale direttiva dovr\u00e0 in particolare prevedere che:</p><ul style=\"list-style-type:disc;\"><li>i posti vacanti siano proposti e assegnati in via prioritaria a persone residenti in Svizzera, qualora queste dispongano delle competenze richieste;</li><li>a parit\u00e0 di qualifiche ed esperienza, la priorit\u00e0 sia accordata ai candidati residenti in Svizzera;</li><li>le aziende interessate rendano conto periodicamente delle modalit\u00e0 di attuazione di tale priorit\u00e0;</li><li>restino possibili alcune eccezioni qualora le competenze richieste non siano disponibili sul mercato del lavoro svizzero.</li></ul>","ReasonText":"<p>La Confederazione e le aziende da essa controllate hanno una responsabilit\u00e0 particolare nei confronti della popolazione e dell\u2019economia del Paese. I posti di lavoro offerti sono finanziati direttamente o indirettamente dai contribuenti svizzeri e devono promuovere in via prioritaria il benessere di coloro che vivono e partecipano alla vita economica del nostro Paese.</p><p>In diverse regioni, in particolare in quelle di confine, la pressione esercitata sul mercato del lavoro da una maggiore concorrenza proveniente dall\u2019estero suscita crescenti preoccupazioni. Il numero di disoccupati nei cantoni di confine ne \u00e8 un chiaro esempio.</p><p>Senza mettere in discussione gli impegni internazionali assunti dalla Svizzera n\u00e9 la necessit\u00e0 di assumere i migliori profili quando sul mercato nazionale mancano le competenze necessarie, la Confederazione deve dare il buon esempio. Quest\u2019ultima deve avvalersi del margine di manovra di cui dispone al fine di valorizzare il potenziale della manodopera residente in Svizzera e rafforzare l\u2019integrazione professionale delle persone che vivono nel nostro Paese.</p><p>Una simile direttiva contribuirebbe a sostenere l\u2019occupazione dei residenti, a rafforzare l\u2019accettazione dell\u2019apertura economica e a soddisfare le legittime aspettative della popolazione in merito all\u2019impiego delle risorse pubbliche. Ci\u00f2 sancirebbe un principio semplice: a parit\u00e0 di competenze, i posti di lavoro che rientrano nella sfera di competenza della Confederazione devono essere assegnati in via prioritaria alle persone residenti in Svizzera.</p>","DocumentationText":null,"MotionText":null,"FederalCouncilResponseText":"<p>Anche il Consiglio federale intende sfruttare al meglio il potenziale della forza lavoro nazionale. Tuttavia, considerate la composizione dell\u2019organico dell\u2019Amministrazione federale e le condizioni quadro normative vigenti, non ritiene necessario emanare direttive ai sensi della mozione n\u00e9 dispone del margine di manovra giuridico che gli consentirebbe di farlo.</p><p>&nbsp;</p><p>Negli ultimi anni la percentuale di collaboratori dell\u2019Amministrazione federale non domiciliati in Svizzera \u00e8 rimasta costante, attestandosi al 3,6&nbsp;per cento circa dell\u2019organico totale (escluso il personale dei Servizi del Parlamento e dei tribunali nonch\u00e9 il personale locale del Dipartimento federale degli affari esteri, DFAE). Questa cifra comprende anche i collaboratori del DFAE che lavorano e vivono all\u2019estero. Escludendo questa categoria, la percentuale di collaboratori domiciliati all\u2019estero ammonta soltanto allo 0,9&nbsp;per&nbsp;cento circa. L\u2019Amministrazione federale non dispone di dati statistici comparabili relativi alle imprese parastatali che sottostanno alla legge sul personale federale (LPers; RS&nbsp;<em>172.220.1</em>) e alle imprese parastatali che non rientrano nel campo di applicazione della LPers.</p><p>&nbsp;</p><p>Accordare una priorit\u00e0 generale alle persone domiciliate in Svizzera nelle assunzioni effettuate dai datori di lavoro che sottostanno alla LPers non sarebbe lecito in base al divieto di discriminazione ai sensi dell\u2019accordo sulla libera circolazione delle persone in vigore tra la Svizzera e l\u2019UE (cfr. art.&nbsp;2 in combinato disposto con art.&nbsp;4 e 7 nonch\u00e9 all.&nbsp;I art.&nbsp;9 dell\u2019accordo del 21.6.1999 tra la Confederazione Svizzera, da una parte, e la Comunit\u00e0 europea e i suoi Stati membri, dall\u2019altra, sulla libera circolazione delle persone [ALC; RS&nbsp;<em>0.142.112.681</em>] e art.&nbsp;2 in combinato disposto con art.&nbsp;4 e 7 nonch\u00e9 all.&nbsp;K appendice&nbsp;1 art.&nbsp;9 della Convenzione istitutiva del&nbsp;4.1.1960 dell\u2019Associazione europea di libero scambio [Convenzione&nbsp;AELS; RS&nbsp;<em>0.632.31</em>]). Il principio della parit\u00e0 di trattamento vieta non solo la discriminazione diretta fondata sulla nazionalit\u00e0, ma anche quella indiretta che, attraverso l\u2019applicazione di altri criteri di differenziazione, in particolare quello della residenza, porta di fatto allo stesso risultato. Ai cittadini dell\u2019UE/AELS che esercitano un\u2019attivit\u00e0 dipendente pu\u00f2 inoltre essere rifiutato l\u2019accesso a un posto presso la pubblica amministrazione soltanto se l\u2019attivit\u00e0 in questione \u00e8 legata all\u2019esercizio della pubblica podest\u00e0 ed \u00e8 destinata a tutelare gli interessi generali dello Stato o di altre collettivit\u00e0 pubbliche (all.&nbsp;I&nbsp;art.&nbsp;10 ALC e all.&nbsp;K appendice&nbsp;1 art.&nbsp;10 Convenzione&nbsp;AELS).</p><p>&nbsp;</p><p>Il Consiglio federale ha precisato, a livello di ordinanza, quali posti sono accessibili esclusivamente a persone di nazionalit\u00e0 svizzera (art.&nbsp;23 cpv.&nbsp;1 dell\u2019ordinanza del 3&nbsp;luglio&nbsp;2001 sul personale federale; OPers; RS&nbsp;<em>172.220.111.3</em>). Una limitazione dell\u2019accesso ai posti \u00e8 ammessa solo nella misura in cui sia necessaria per l\u2019adempimento di compiti sovrani. Essa riguarda il personale impiegato nella lotta internazionale alla criminalit\u00e0, nella polizia, nel perseguimento penale, nella difesa nazionale, nel Servizio delle attivit\u00e0 informative della Confederazione, nel Corpo delle guardie di confine e nella rappresentanza della Svizzera all\u2019estero. Lo stesso vale per il personale che rappresenta la Svizzera nell\u2019ambito di negoziati internazionali.</p><p>&nbsp;</p><p>Inoltre, l\u2019obbligo per il personale di risiedere in un determinato luogo \u00e8 ammissibile solo se necessario per l\u2019adempimento dei compiti (art.&nbsp;21 cpv.&nbsp;1 lett.&nbsp;a LPers in combinato disposto con l\u2019art.&nbsp;89 OPers).</p><br><br>Il Consiglio federale propone di respingere la mozione.","FederalCouncilProposal":45,"FederalCouncilProposalText":"Respingere","FederalCouncilProposalDate":"\/Date(1787097600000)\/","SubmittedBy":"Golay Roger","BusinessStatus":203,"BusinessStatusText":"La dichiarazione sull\u2019intervento \u00e8 disponibile","BusinessStatusDate":"\/Date(1787146193230)\/","ResponsibleDepartment":7,"ResponsibleDepartmentName":"Dipartimento delle Finanze","ResponsibleDepartmentAbbreviation":"DFF","IsLeadingDepartment":true,"Tags":"4|15|44|2811","Category":null,"Modified":"\/Date(1787146203540)\/","SubmissionDate":"\/Date(1781827200000)\/","SubmissionCouncil":1,"SubmissionCouncilName":"Consiglio nazionale","SubmissionCouncilAbbreviation":"CN","SubmissionSession":5214,"SubmissionLegislativePeriod":52,"FirstCouncil1":1,"FirstCouncil1Name":"Consiglio nazionale","FirstCouncil1Abbreviation":"CN","FirstCouncil2":null,"FirstCouncil2Name":null,"FirstCouncil2Abbreviation":null,"TagNames":"Politica nazionale|Economia|Occupazione e lavoro|Migrazione"}}