{"d":{"__metadata":{"id":"https://ws.parlament.ch/OData.svc/Business(ID=20263969,Language='FR')","uri":"https://ws.parlament.ch/OData.svc/Business(ID=20263969,Language='FR')","type":"itsystems.Pd.DataServices.DataModel.Business"},"BusinessResponsibilities":{"__deferred":{"uri":"https://ws.parlament.ch/OData.svc/Business(ID=20263969,Language='FR')/BusinessResponsibilities"}},"RelatedBusinesses":{"__deferred":{"uri":"https://ws.parlament.ch/OData.svc/Business(ID=20263969,Language='FR')/RelatedBusinesses"}},"BusinessRoles":{"__deferred":{"uri":"https://ws.parlament.ch/OData.svc/Business(ID=20263969,Language='FR')/BusinessRoles"}},"Publications":{"__deferred":{"uri":"https://ws.parlament.ch/OData.svc/Business(ID=20263969,Language='FR')/Publications"}},"LegislativePeriods":{"__deferred":{"uri":"https://ws.parlament.ch/OData.svc/Business(ID=20263969,Language='FR')/LegislativePeriods"}},"Sessions":{"__deferred":{"uri":"https://ws.parlament.ch/OData.svc/Business(ID=20263969,Language='FR')/Sessions"}},"Preconsultations":{"__deferred":{"uri":"https://ws.parlament.ch/OData.svc/Business(ID=20263969,Language='FR')/Preconsultations"}},"Bills":{"__deferred":{"uri":"https://ws.parlament.ch/OData.svc/Business(ID=20263969,Language='FR')/Bills"}},"Councils":{"__deferred":{"uri":"https://ws.parlament.ch/OData.svc/Business(ID=20263969,Language='FR')/Councils"}},"BusinessTypes":{"__deferred":{"uri":"https://ws.parlament.ch/OData.svc/Business(ID=20263969,Language='FR')/BusinessTypes"}},"Votes":{"__deferred":{"uri":"https://ws.parlament.ch/OData.svc/Business(ID=20263969,Language='FR')/Votes"}},"SubjectsBusiness":{"__deferred":{"uri":"https://ws.parlament.ch/OData.svc/Business(ID=20263969,Language='FR')/SubjectsBusiness"}},"BusinessStates":{"__deferred":{"uri":"https://ws.parlament.ch/OData.svc/Business(ID=20263969,Language='FR')/BusinessStates"}},"Council":{"__deferred":{"uri":"https://ws.parlament.ch/OData.svc/Business(ID=20263969,Language='FR')/Council"}},"Transcripts":{"__deferred":{"uri":"https://ws.parlament.ch/OData.svc/Business(ID=20263969,Language='FR')/Transcripts"}},"ID":20263969,"Language":"FR","BusinessShortNumber":"26.3969","BusinessType":8,"BusinessTypeName":"Interpellation","BusinessTypeAbbreviation":"Ip.","Title":"Possibilit\u00e9s de licenciement du personnel de la Conf\u00e9d\u00e9ration. Le droit en vigueur r\u00e9pond-il aux exigences auxquelles doit r\u00e9pondre un \u00c9tat performant ?","Description":null,"InitialSituation":null,"Proceedings":null,"DraftText":null,"SubmittedText":"<p>La Conf\u00e9d\u00e9ration a besoin de personnel qualifi\u00e9 et performant. Elle est en concurrence avec le secteur priv\u00e9 et doit garantir au contribuable qu\u2019elle accomplit efficacement ses t\u00e2ches.</p><p>L\u2019art.&nbsp;10 de la loi sur le personnel de la Conf\u00e9d\u00e9ration (LPers) permet de mettre fin aux rapports de travail notamment en cas de \u00ab&nbsp;manquements dans les prestations ou le comportement&nbsp;\u00bb. De plus en plus d\u2019\u00e9l\u00e9ments indiquent cependant que les licenciements sont, dans les faits, difficiles \u00e0 mettre en \u0153uvre, en particulier lorsque les prestations ne sont pas \u00e0 la hauteur&nbsp;: les exigences formelles sont \u00e9lev\u00e9es et les proc\u00e9dures sont longues, sans compter les incertitudes juridiques et l\u2019aversion au risque des cadres.</p><p>Certains postes ne sont par cons\u00e9quent pas pourvus de mani\u00e8re optimale pendant une longue p\u00e9riode, ce qui nuit \u00e0 l\u2019efficacit\u00e9 et \u00e0 la performance de l\u2019administration f\u00e9d\u00e9rale.</p>","ReasonText":"<p>Je prie le Conseil f\u00e9d\u00e9ral de r\u00e9pondre aux questions suivantes&nbsp;:</p><ol><li>Combien de licenciements ont \u00e9t\u00e9 prononc\u00e9s ces dix derni\u00e8res ann\u00e9es (donner les chiffres par ann\u00e9e), notamment pour&nbsp;:<br>\u2013 prestations insuffisantes,<br>\u2013 comportement insatisfaisant,<br>\u2013 raisons organisationnelles&nbsp;?</li><li>Combien d\u2019entre eux ont fait l\u2019objet d\u2019un recours&nbsp;? Dans combien de cas le licenciement a-t-il \u00e9t\u00e9 annul\u00e9, une indemnit\u00e9 a-t-elle \u00e9t\u00e9 accord\u00e9e ou un accord amiable a-t-il \u00e9t\u00e9 conclu&nbsp;?</li><li>Quelle est la dur\u00e9e moyenne de ces proc\u00e9dures (en interne et devant les tribunaux)&nbsp;? \u00c0 combien le Conseil f\u00e9d\u00e9ral estime-t-il la charge administrative et financi\u00e8re par cas&nbsp;?</li><li>Quels sont, selon le Conseil f\u00e9d\u00e9ral, les obstacles concrets que pose la LPers pour les licenciements en cas de prestations insuffisantes ou de comportement insatisfaisant&nbsp;?</li><li>Des cadres renoncent-ils \u00e0 des licenciements par crainte des risques juridiques ou de la charge administrative qui en d\u00e9coulent&nbsp;? Le Conseil f\u00e9d\u00e9ral a-t-il connaissance de tels cas&nbsp;? Dans l\u2019affirmative, quelle est l\u2019ampleur du ph\u00e9nom\u00e8ne&nbsp;?</li><li>Les r\u00e8gles qui r\u00e9gissent les licenciements au sein de la Conf\u00e9d\u00e9ration sont-elles comparables \u00e0 celles qui s\u2019appliquent dans le secteur priv\u00e9 et dans les administrations cantonales&nbsp;? Qu\u2019en pense le Conseil f\u00e9d\u00e9ral&nbsp;?</li><li>Quelles cons\u00e9quences a la r\u00e9glementation actuelle sur la performance, les effectifs et l\u2019attrait de la Conf\u00e9d\u00e9ration en tant qu\u2019employeur&nbsp;?</li><li>Des \u00e9l\u00e9ments indiquent-ils que des collaborateurs performants d\u00e9missionnent en raison d\u2019un manque de comp\u00e9titivit\u00e9 au sein de la Conf\u00e9d\u00e9ration&nbsp;?</li><li>Le Conseil f\u00e9d\u00e9ral juge-t-il n\u00e9cessaire de modifier des lois ou des ordonnances&nbsp;?</li><li>Recourt-on \u00e0 d\u2019autres instruments tels que les transferts ou la gestion des prestations&nbsp;? Avec quelle efficacit\u00e9&nbsp;?</li><li>L\u2019administration f\u00e9d\u00e9rale a-t-elle d\u00e9velopp\u00e9 de bonnes pratiques pour g\u00e9rer ces cas&nbsp;?</li></ol>","DocumentationText":null,"MotionText":null,"FederalCouncilResponseText":"<p>1.&nbsp;Le nombre de licenciements prononc\u00e9s par l\u2019employeur varie d\u2019une ann\u00e9e \u00e0 l\u2019autre. Ainsi, au cours des dix derni\u00e8res ann\u00e9es, le nombre de personnes licenci\u00e9es par an \u00e9tait compris entre&nbsp;59 et&nbsp;117. Aucune donn\u00e9e d\u00e9taill\u00e9e n\u2019est disponible quant aux motifs de ces licenciements. </p><p>&nbsp;</p><p>2. et&nbsp;3.&nbsp;Il n\u2019existe pas de donn\u00e9es nationales relatives \u00e0 ces questions. </p><p>&nbsp;</p><p>4.&nbsp;La loi sur le personnel de la Conf\u00e9d\u00e9ration (LPers&nbsp;; RS&nbsp;<em>172.220.1</em>) pr\u00e9voit que l\u2019employeur peut r\u00e9silier le contrat de travail pour des motifs objectifs. Selon la jurisprudence, un licenciement fond\u00e9 sur des prestations insuffisantes ou un comportement insatisfaisant est en r\u00e8gle g\u00e9n\u00e9rale admissible lorsque la personne concern\u00e9e a \u00e9t\u00e9 pr\u00e9alablement inform\u00e9e des manquements constat\u00e9s et qu\u2019elle a eu la possibilit\u00e9 d\u2019y rem\u00e9dier. L\u2019employeur doit donc notamment lui indiquer les \u00e9l\u00e9ments qui lui sont reproch\u00e9s ainsi que les am\u00e9liorations attendues d\u2019elle, et lui accorder un d\u00e9lai raisonnable pour s\u2019am\u00e9liorer. \u00c0 cet \u00e9gard, la jurisprudence exige g\u00e9n\u00e9ralement qu\u2019un avertissement \u00e9crit soit adress\u00e9 \u00e0 la personne concern\u00e9e afin de lui offrir une derni\u00e8re possibilit\u00e9 de rem\u00e9dier \u00e0 la situation. Par ailleurs, l\u2019employeur est tenu de consigner par \u00e9crit les manquements constat\u00e9s, les mesures prises et les autres \u00e9l\u00e9ments pertinents. </p><p>&nbsp;</p><p>5.&nbsp;Le Conseil f\u00e9d\u00e9ral ne dispose pas d\u2019\u00e9l\u00e9ments syst\u00e9matiques qui lui permettraient de conclure que, en cas de prestations insuffisantes ou de comportement insatisfaisant, les sup\u00e9rieurs hi\u00e9rarchiques renonceraient aux mesures qui s\u2019imposent en vertu du droit du personnel.</p><p>&nbsp;</p><p>6.&nbsp;Contrairement aux employeurs du secteur priv\u00e9, la Conf\u00e9d\u00e9ration est soumise \u00e0 des exigences particuli\u00e8res en mati\u00e8re d\u2019\u00c9tat de droit, d\u2019\u00e9galit\u00e9 de traitement et de transparence, qui d\u00e9coulent des dispositions constitutionnelles applicables aux employeurs de droit public. En cons\u00e9quence, elle doit respecter des conditions relatives \u00e0 la motivation et \u00e0 la documentation des licenciements qui sont parfois plus strictes que celles qui s\u2019appliquent au secteur priv\u00e9. Ainsi, lorsque les rapports de travail ne sont pas r\u00e9sili\u00e9s d\u2019un commun accord, l\u2019employeur doit rendre une d\u00e9cision de r\u00e9siliation des rapports de travail et accorder pr\u00e9alablement au collaborateur concern\u00e9 un d\u00e9lai raisonnable pour exercer son droit d\u2019\u00eatre entendu. Le Conseil f\u00e9d\u00e9ral ne constate pas de diff\u00e9rences significatives entre la proc\u00e9dure de licenciement applicable \u00e0 l\u2019administration f\u00e9d\u00e9rale et celle des administrations cantonales. </p><p>&nbsp;</p><p>7.&nbsp;Le Conseil f\u00e9d\u00e9ral estime que les dispositions en vigueur \u00e9tablissent un juste \u00e9quilibre entre les int\u00e9r\u00eats de l\u2019employeur et la protection des collaborateurs. Les r\u00e9sultats de l\u2019enqu\u00eate&nbsp;2025 aupr\u00e8s du personnel de l\u2019administration f\u00e9d\u00e9rale confirment le fort engagement des collaborateurs et l\u2019attractivit\u00e9 de l\u2019employeur. Par ailleurs, dans son \u00e9tude annuelle sur la comp\u00e9titivit\u00e9 des pays, l\u2019<em>International Institute for Management Development</em> de Lausanne attribue \u00e0 l\u2019administration suisse d\u2019excellentes \u00e9valuations en mati\u00e8re d\u2019efficacit\u00e9. Dans l\u2019\u00e9dition&nbsp;2026, celle-ci occupe \u00e0 nouveau, comme l\u2019ann\u00e9e pr\u00e9c\u00e9dente, la premi\u00e8re place de cette cat\u00e9gorie parmi l\u2019ensemble des pays pris en compte.</p><p>&nbsp;</p><p>8. Le Conseil f\u00e9d\u00e9ral ne dispose d\u2019aucun \u00e9l\u00e9ment permettant de conclure qu\u2019un manque de comp\u00e9titivit\u00e9 de la Conf\u00e9d\u00e9ration en tant qu\u2019employeur constituerait une raison majeure de d\u00e9mission pour les collaborateurs performants. La fluctuation nette au sein de l\u2019administration f\u00e9d\u00e9rale (changements volontaires de postes vers d\u2019autres employeurs) s\u2019est \u00e9lev\u00e9e en moyenne \u00e0 3&nbsp;% au cours des derni\u00e8res ann\u00e9es. Les motifs de d\u00e9part sont multiples et comprennent notamment les possibilit\u00e9s d\u2019\u00e9volution professionnelle, les changements dans la situation personnelle ou des offres d\u2019emploi externes plus attractives.</p><p>&nbsp;</p><p>9.&nbsp;Le Conseil f\u00e9d\u00e9ral estime que les dispositions l\u00e9gales en vigueur sont appropri\u00e9es et conformes aux objectifs. Il est donc d\u2019avis qu\u2019il n\u2019y a actuellement pas lieu de les modifier.</p><p>&nbsp;</p><p>10.&nbsp;En cas de manquements dans les prestations ou le comportement, l\u2019employeur peut, si cela semble opportun, convenir de mesures de d\u00e9veloppement et d\u2019objectifs (art.&nbsp;32, al.&nbsp;1, de l\u2019ordonnance sur le personnel de la Conf\u00e9d\u00e9ration [OPers&nbsp;; RS&nbsp;<em>172.220.111.3</em>]). Si les manquements persistent, il peut r\u00e9silier les rapports de travail ou attribuer au collaborateur un poste moins exigeant pouvant \u00eatre affect\u00e9 \u00e0 une classe de salaire inf\u00e9rieure (art.&nbsp;32, al.&nbsp;3 et&nbsp;4, OPers). </p><p>&nbsp;</p><p>11.&nbsp;Les processus mis en place par l\u2019administration f\u00e9d\u00e9rale pour g\u00e9rer les probl\u00e8mes de prestations et de comportement comprennent notamment un dialogue r\u00e9gulier, des feedbacks fr\u00e9quents sur les prestations et le comportement, la documentation des \u00e9volutions significatives ainsi que, le cas \u00e9ch\u00e9ant, la d\u00e9finition d\u2019objectifs de d\u00e9veloppement. Les sup\u00e9rieurs hi\u00e9rarchiques disposent en outre, depuis le 1<sup>er</sup>&nbsp;janvier&nbsp;2026, d\u2019un nouveau syst\u00e8me informatique qui facilite la documentation des feedbacks.</p>","FederalCouncilProposal":null,"FederalCouncilProposalText":null,"FederalCouncilProposalDate":"\/Date(1787097600000)\/","SubmittedBy":"Grossen J\u00fcrg","BusinessStatus":203,"BusinessStatusText":"L\u2019avis relatif \u00e0 l\u2019intervention est disponible","BusinessStatusDate":"\/Date(1787146784807)\/","ResponsibleDepartment":7,"ResponsibleDepartmentName":"D\u00e9partement des finances","ResponsibleDepartmentAbbreviation":"DFF","IsLeadingDepartment":true,"Tags":"4","Category":null,"Modified":"\/Date(1787410112957)\/","SubmissionDate":"\/Date(1781827200000)\/","SubmissionCouncil":1,"SubmissionCouncilName":"Conseil national","SubmissionCouncilAbbreviation":"CN","SubmissionSession":5214,"SubmissionLegislativePeriod":52,"FirstCouncil1":1,"FirstCouncil1Name":"Conseil national","FirstCouncil1Abbreviation":"CN","FirstCouncil2":null,"FirstCouncil2Name":null,"FirstCouncil2Abbreviation":null,"TagNames":"Politique d'Etat"}}