{"d":{"__metadata":{"id":"https://ws.parlament.ch/OData.svc/Business(ID=20263974,Language='FR')","uri":"https://ws.parlament.ch/OData.svc/Business(ID=20263974,Language='FR')","type":"itsystems.Pd.DataServices.DataModel.Business"},"BusinessResponsibilities":{"__deferred":{"uri":"https://ws.parlament.ch/OData.svc/Business(ID=20263974,Language='FR')/BusinessResponsibilities"}},"RelatedBusinesses":{"__deferred":{"uri":"https://ws.parlament.ch/OData.svc/Business(ID=20263974,Language='FR')/RelatedBusinesses"}},"BusinessRoles":{"__deferred":{"uri":"https://ws.parlament.ch/OData.svc/Business(ID=20263974,Language='FR')/BusinessRoles"}},"Publications":{"__deferred":{"uri":"https://ws.parlament.ch/OData.svc/Business(ID=20263974,Language='FR')/Publications"}},"LegislativePeriods":{"__deferred":{"uri":"https://ws.parlament.ch/OData.svc/Business(ID=20263974,Language='FR')/LegislativePeriods"}},"Sessions":{"__deferred":{"uri":"https://ws.parlament.ch/OData.svc/Business(ID=20263974,Language='FR')/Sessions"}},"Preconsultations":{"__deferred":{"uri":"https://ws.parlament.ch/OData.svc/Business(ID=20263974,Language='FR')/Preconsultations"}},"Bills":{"__deferred":{"uri":"https://ws.parlament.ch/OData.svc/Business(ID=20263974,Language='FR')/Bills"}},"Councils":{"__deferred":{"uri":"https://ws.parlament.ch/OData.svc/Business(ID=20263974,Language='FR')/Councils"}},"BusinessTypes":{"__deferred":{"uri":"https://ws.parlament.ch/OData.svc/Business(ID=20263974,Language='FR')/BusinessTypes"}},"Votes":{"__deferred":{"uri":"https://ws.parlament.ch/OData.svc/Business(ID=20263974,Language='FR')/Votes"}},"SubjectsBusiness":{"__deferred":{"uri":"https://ws.parlament.ch/OData.svc/Business(ID=20263974,Language='FR')/SubjectsBusiness"}},"BusinessStates":{"__deferred":{"uri":"https://ws.parlament.ch/OData.svc/Business(ID=20263974,Language='FR')/BusinessStates"}},"Council":{"__deferred":{"uri":"https://ws.parlament.ch/OData.svc/Business(ID=20263974,Language='FR')/Council"}},"Transcripts":{"__deferred":{"uri":"https://ws.parlament.ch/OData.svc/Business(ID=20263974,Language='FR')/Transcripts"}},"ID":20263974,"Language":"FR","BusinessShortNumber":"26.3974","BusinessType":8,"BusinessTypeName":"Interpellation","BusinessTypeAbbreviation":"Ip.","Title":"Les gestionnaires de r\u00e9seau de distribution exploitent-ils les \"flexibilit\u00e9s existantes\" en violation de la loi ?","Description":null,"InitialSituation":null,"Proceedings":null,"DraftText":null,"SubmittedText":"<p>Depuis 2026, il existe une base l\u00e9gale r\u00e9gissant l\u2019utilisation des flexibilit\u00e9s par les gestionnaires de r\u00e9seau. Conform\u00e9ment \u00e0 l\u2019art.&nbsp;17c de la loi sur l\u2019approvisionnement en \u00e9lectricit\u00e9 (LApEl), le soutirage, le stockage ou l\u2019injection de l\u2019\u00e9lectricit\u00e9 peuvent \u00eatre g\u00e9r\u00e9s de mani\u00e8re \u00e0 soulager le r\u00e9seau (\u00ab&nbsp;au service du r\u00e9seau&nbsp;\u00bb). L\u2019utilisation de la flexibilit\u00e9 doit en principe faire l\u2019objet d\u2019un contrat entre les gestionnaires d\u2019un r\u00e9seau de distribution et les d\u00e9tenteurs de flexibilit\u00e9. Les utilisations de flexibilit\u00e9 en place avant le 1er&nbsp;janvier&nbsp;2026 constituent une exception \u00e0 ce principe. Elles peuvent se poursuivre sans contrat tant que les d\u00e9tenteurs de flexibilit\u00e9 ne s\u2019y opposent pas (art.&nbsp;17c, al.&nbsp;3, LApEl).&nbsp;</p><p>Ces flexibilit\u00e9s existantes (par exemple, les chauffages \u00e0 accumulation et les chauffe-eau \u00e9lectriques command\u00e9s \u00e0 distance de mani\u00e8re centralis\u00e9e) sont en place pour certaines depuis des d\u00e9cennies et ont \u00e9t\u00e9 introduites notamment pour d\u00e9caler la consommation d\u2019\u00e9lectricit\u00e9 vers la nuit. L\u2019objectif \u00e9tait de mieux exploiter l\u2019\u00e9lectricit\u00e9 produite par les centrales nucl\u00e9aires, dont la production d\u2019\u00e9nergie en ruban ne peut pas s\u2019adapter de mani\u00e8re flexible aux fluctuations de la demande. Ainsi, ces flexibilit\u00e9s existantes sont utilis\u00e9es au service du march\u00e9 et non au service du r\u00e9seau, comme le prescrit la loi. Dans la pratique, les gestionnaires de r\u00e9seau bloquent parfois la mise en marche d\u2019appareils, tels que les pompes \u00e0 chaleur, en milieu de journ\u00e9e, alors m\u00eame qu\u2019\u00e0 ce moment une grande quantit\u00e9 d\u2019\u00e9lectricit\u00e9 issue du photovolta\u00efque alimente le r\u00e9seau et que dans cette situation une consommation accrue permettrait de le soulager. Les chauffe-eau \u00e9lectriques sont mis en marche la nuit plut\u00f4t que pendant les p\u00e9riodes de forte production solaire. Cette situation va totalement \u00e0 l\u2019encontre de la loi, car dans cette situation, une utilisation de la flexibilit\u00e9 au service du r\u00e9seau est impossible.&nbsp;</p><p>&nbsp;</p><p>Le Conseil f\u00e9d\u00e9ral est pri\u00e9 de r\u00e9pondre aux questions suivantes&nbsp;:&nbsp;</p><ol><li>Les gestionnaires de r\u00e9seau ont, jusqu\u2019\u00e0 pr\u00e9sent, principalement utilis\u00e9 les flexibilit\u00e9s existantes au service du march\u00e9. Le Conseil f\u00e9d\u00e9ral partage-t-il cet avis&nbsp;?</li><li>Comment s\u2019assure-t-il, tant aujourd\u2019hui qu\u2019\u00e0 l\u2019avenir, que les gestionnaires utilisent les flexibilit\u00e9s existantes exclusivement au service du r\u00e9seau, conform\u00e9ment aux dispositions l\u00e9gales&nbsp;?&nbsp;</li><li>Les flexibilit\u00e9s existantes, dont la gestion est aujourd\u2019hui rigide, emp\u00eachent une gestion dynamique de la charge (par exemple en fonction de l\u2019injection d\u2019\u00e9lectricit\u00e9 issue du photovolta\u00efque) et imposent ainsi une charge suppl\u00e9mentaire au r\u00e9seau. Le Conseil f\u00e9d\u00e9ral partage-t-il cet avis&nbsp;?</li><li>Que fait-il pour que les flexibilit\u00e9s du r\u00e9seau suisse soient utilis\u00e9es de la mani\u00e8re la plus dynamique possible et pour soulager les r\u00e9seaux le plus possible&nbsp;?</li></ol>","ReasonText":null,"DocumentationText":null,"MotionText":null,"FederalCouncilResponseText":"<p>1. Le Conseil f\u00e9d\u00e9ral rel\u00e8ve qu\u2019une utilisation de la flexibilit\u00e9 influence tant le march\u00e9 de l\u2019\u00e9nergie que le r\u00e9seau. Par le pass\u00e9, les prix bas co\u00efncidaient g\u00e9n\u00e9ralement avec une faible sollicitation des r\u00e9seaux. Le report de la consommation vers ces p\u00e9riodes, historiquement la nuit, \u00e9tait ainsi la plupart du temps favorable tant au march\u00e9 qu\u2019au r\u00e9seau. </p><p>&nbsp;</p><p>2. L\u2019art. 17c de la Loi sur l'approvisionnement en \u00e9lectricit\u00e9 (LApEl ; RS 734.7) ainsi que les art. 19a, art. 19b, art.19c et art. 19d de l\u2019ordonnance sur l\u2019approvisionnement en \u00e9lectricit\u00e9</p><p>(OApEl ; RS734.71) r\u00e9cemment introduits fixent le cadre pour l\u2019utilisation des flexibilit\u00e9s et concr\u00e9tisent les cas d\u2019applications de l\u2019utilisation de flexibilit\u00e9 au service du r\u00e9seau (c.f. art. 19a let. a-d OApEl). Selon le principe de subsidiarit\u00e9, la branche est ensuite charg\u00e9e de mettre en \u0153uvre des solutions adapt\u00e9es&nbsp;; \u00e0 d\u00e9faut le Conseil f\u00e9d\u00e9ral peut intervenir. L\u2019art. 17c, al. 3 LApEl pr\u00e9voit que si l\u2019acc\u00e8s des gestionnaires de r\u00e9seau \u00e0 la flexibilit\u00e9 et leur utilisation effective entra\u00eenent une sous-exploitation du potentiel global, le Conseil f\u00e9d\u00e9ral peut prendre des mesures. Enfin, la Commission f\u00e9d\u00e9rale de l\u2019\u00e9lectricit\u00e9 veille au respect du cadre l\u00e9gal et statue notamment sur les utilisations garanties (art. 22 al. 2 let. d LApEl).</p><p>&nbsp;</p><p>3. Le Conseil f\u00e9d\u00e9ral reconna\u00eet que le pilotage rigide de certaines flexibilit\u00e9s existantes, tel que le blocage des chauffe-eau \u00e9lectriques \u00e0 midi en \u00e9t\u00e9 malgr\u00e9 une forte production photovolta\u00efque, peut limiter l\u2019optimisation du r\u00e9seau. Toutefois, la l\u00e9gislation n\u2019est en vigueur que depuis le 1er janvier 2026 et les nouvelles opportunit\u00e9s qu\u2019elle offre devraient favoriser des solutions plus adapt\u00e9es. Leur mise en \u0153uvre n\u00e9cessite toutefois une adaptation des pratiques et des investissements, mais doit intervenir rapidement pour r\u00e9pondre \u00e0 l\u2019\u00e9volution rapide des besoins du syst\u00e8me \u00e9lectrique.</p><p>&nbsp;</p><p>4. La mise en \u0153uvre de la nouvelle l\u00e9gislation requiert le d\u00e9veloppement de nouvelles pratiques. Le Conseil f\u00e9d\u00e9ral encourage le d\u00e9veloppement de nouvelles solutions et le partage des bonnes pratiques au travers la promotion de la recherche ainsi que par les projets pilotes et de d\u00e9monstration encore soutenus de l\u2019Office f\u00e9d\u00e9rale de l\u2019\u00e9nergie. Plusieurs projets \u00e9tudient l\u2019effet de tarifs dynamiques en conditions r\u00e9elles, contribuent au d\u00e9veloppement de solutions tirant parti de la num\u00e9risation des r\u00e9seaux, notamment pour optimiser l\u2019exploitation au moyen du pilotage direct de flexibilit\u00e9s, tandis que d\u2019autres visent \u00e0 mieux int\u00e9grer la flexibilit\u00e9 dans la planification des r\u00e9seaux.</p>","FederalCouncilProposal":null,"FederalCouncilProposalText":null,"FederalCouncilProposalDate":"\/Date(1786492800000)\/","SubmittedBy":"Grossen J\u00fcrg","BusinessStatus":203,"BusinessStatusText":"L\u2019avis relatif \u00e0 l\u2019intervention est disponible","BusinessStatusDate":"\/Date(1786532318000)\/","ResponsibleDepartment":9,"ResponsibleDepartmentName":"D\u00e9partement  de l'environnement, des transports, de l'\u00e9nergie et de la communication","ResponsibleDepartmentAbbreviation":"DETEC","IsLeadingDepartment":true,"Tags":"66","Category":null,"Modified":"\/Date(1786648304660)\/","SubmissionDate":"\/Date(1781827200000)\/","SubmissionCouncil":1,"SubmissionCouncilName":"Conseil national","SubmissionCouncilAbbreviation":"CN","SubmissionSession":5214,"SubmissionLegislativePeriod":52,"FirstCouncil1":1,"FirstCouncil1Name":"Conseil national","FirstCouncil1Abbreviation":"CN","FirstCouncil2":null,"FirstCouncil2Name":null,"FirstCouncil2Abbreviation":null,"TagNames":"\u00c9nergie"}}