{"d":{"__metadata":{"id":"https://ws.parlament.ch/OData.svc/Business(ID=20264005,Language='DE')","uri":"https://ws.parlament.ch/OData.svc/Business(ID=20264005,Language='DE')","type":"itsystems.Pd.DataServices.DataModel.Business"},"BusinessResponsibilities":{"__deferred":{"uri":"https://ws.parlament.ch/OData.svc/Business(ID=20264005,Language='DE')/BusinessResponsibilities"}},"RelatedBusinesses":{"__deferred":{"uri":"https://ws.parlament.ch/OData.svc/Business(ID=20264005,Language='DE')/RelatedBusinesses"}},"BusinessRoles":{"__deferred":{"uri":"https://ws.parlament.ch/OData.svc/Business(ID=20264005,Language='DE')/BusinessRoles"}},"Publications":{"__deferred":{"uri":"https://ws.parlament.ch/OData.svc/Business(ID=20264005,Language='DE')/Publications"}},"LegislativePeriods":{"__deferred":{"uri":"https://ws.parlament.ch/OData.svc/Business(ID=20264005,Language='DE')/LegislativePeriods"}},"Sessions":{"__deferred":{"uri":"https://ws.parlament.ch/OData.svc/Business(ID=20264005,Language='DE')/Sessions"}},"Preconsultations":{"__deferred":{"uri":"https://ws.parlament.ch/OData.svc/Business(ID=20264005,Language='DE')/Preconsultations"}},"Bills":{"__deferred":{"uri":"https://ws.parlament.ch/OData.svc/Business(ID=20264005,Language='DE')/Bills"}},"Councils":{"__deferred":{"uri":"https://ws.parlament.ch/OData.svc/Business(ID=20264005,Language='DE')/Councils"}},"BusinessTypes":{"__deferred":{"uri":"https://ws.parlament.ch/OData.svc/Business(ID=20264005,Language='DE')/BusinessTypes"}},"Votes":{"__deferred":{"uri":"https://ws.parlament.ch/OData.svc/Business(ID=20264005,Language='DE')/Votes"}},"SubjectsBusiness":{"__deferred":{"uri":"https://ws.parlament.ch/OData.svc/Business(ID=20264005,Language='DE')/SubjectsBusiness"}},"BusinessStates":{"__deferred":{"uri":"https://ws.parlament.ch/OData.svc/Business(ID=20264005,Language='DE')/BusinessStates"}},"Council":{"__deferred":{"uri":"https://ws.parlament.ch/OData.svc/Business(ID=20264005,Language='DE')/Council"}},"Transcripts":{"__deferred":{"uri":"https://ws.parlament.ch/OData.svc/Business(ID=20264005,Language='DE')/Transcripts"}},"ID":20264005,"Language":"DE","BusinessShortNumber":"26.4005","BusinessType":8,"BusinessTypeName":"Interpellation","BusinessTypeAbbreviation":"Ip.","Title":"Wo bleibt die Botschaft zur Plattformregulierung? ","Description":null,"InitialSituation":null,"Proceedings":null,"DraftText":null,"SubmittedText":"<ul><li>Wann genau wird der Bundesrat die Botschaft vorlegen?</li><li>Warum hat der Prozess bisher insgesamt so lange gedauert?&nbsp;</li><li>Warum verz\u00f6gert er sich auch nach Abschluss der Vernehmlassung weiterhin?&nbsp;</li><li>Welche unterschiedlichen Interessen haben im Bundesrat insgesamt zu dieser Verz\u00f6gerung gef\u00fchrt?&nbsp;</li><li>F\u00fcr wie dringlich erachtet der Bundesrat die Problematik? &nbsp;Aus welchen Gr\u00fcnden?</li><li>Was sagt der Bundesrat zur Feststellung, dass die Vorlage viel zu sp\u00e4t kommt?&nbsp;</li></ul>","ReasonText":"<p>Die Regulierung der Kommunikationsplattformen ist eine f\u00fcr unsere Gesellschaft bedeutende und mittlerweile sehr dringende Aufgabe. Es geht um nicht weniger als um die Rechte der Konsument:innen im digitalen Raum und um erhebliche Risiken f\u00fcr die Gesellschaft als Gesamtes. Trotzdem kommt das Projekt \u00e4usserst langsam voran. Die ihr zugrunde liegende Motion wurde im Nationalrat bereits 2018 und im St\u00e4nderat 2019 angenommen! Nun ist die Vernehmlassung abgeschlossen und die Schweiz wartet auf den Botschaft des Bundesrates.&nbsp;</p><p>Angesichts des langsamen Fortschreitens des Gesetzesprojekts stellen sich Fragen. Der Interpellant bittet den Bundesrat, die folgenden Fragen konkret und einzeln zu beantworten:&nbsp;</p>","DocumentationText":null,"MotionText":null,"FederalCouncilResponseText":"<p>Zu Frage 1:</p><p>Die Botschaft des Bundesrates wird voraussichtlich im Verlauf der ersten Jahresh\u00e4lfte 2027 dem Parlament vorgelegt werden. </p><p>&nbsp;</p><p>Zu Frage 2:</p><p>Der Bundesrat hat am 5. April 2023 das UVEK beauftragt, bis Ende M\u00e4rz 2024 eine Vernehmlassungsvorlage auszuarbeiten. Bei der Ausarbeitung der Vorlage hat sich gezeigt, dass vertiefte Abstimmungen erforderlich waren, um sicherzustellen, dass der Vorentwurf zum Bundesgesetz \u00fcber Kommunikationsplattformen und Suchmaschinen (VE-KomPG) allen rechtlichen Anforderungen entspricht. Daher haben die Arbeiten mehr Zeit in Anspruch genommen.</p><p>&nbsp;</p><p>Zu den Fragen 3, 5 und 6:</p><p>Dem Bundesrat ist es ein wichtiges Anliegen, die Rechte der Nutzerinnen und Nutzer im digitalen Raum zu st\u00e4rken sowie die sehr grossen Kommunikationsplattformen und Suchmaschinen zu mehr Transparenz zu verpflichten. Derzeit ist die Auswertung der am 16.&nbsp;Februar 2026 beendeten Vernehmlassung zum VE-KomPG noch in Gang. Der Bundesrat hat aufgrund der R\u00fcckmeldungen aus der Vernehmlassung bereits beschlossen, Jugendschutzmassnahmen in die Vorlage zu integrieren.</p><p>Der Gesetzgebungsprozess in der Schweiz ist stark auf Konsens und fr\u00fchzeitigen Einbezug der betroffenen Kreise ausgelegt. Dieser Prozess braucht seine Zeit.</p><p>&nbsp;</p><p>Zu Frage 4:</p><p>Die Inhalte der Diskussionen w\u00e4hrend den Bundesratssitzungen sind nicht \u00f6ffentlich. </p>","FederalCouncilProposal":null,"FederalCouncilProposalText":null,"FederalCouncilProposalDate":"\/Date(1787097600000)\/","SubmittedBy":"Schmezer Ueli","BusinessStatus":203,"BusinessStatusText":"Stellungnahme zum Vorstoss liegt vor","BusinessStatusDate":"\/Date(1787149862900)\/","ResponsibleDepartment":9,"ResponsibleDepartmentName":"Departement f\u00fcr Umwelt, Verkehr, Energie und Kommunikation","ResponsibleDepartmentAbbreviation":"UVEK","IsLeadingDepartment":true,"Tags":"15|34","Category":null,"Modified":"\/Date(1787149871343)\/","SubmissionDate":"\/Date(1781827200000)\/","SubmissionCouncil":1,"SubmissionCouncilName":"Nationalrat","SubmissionCouncilAbbreviation":"NR","SubmissionSession":5214,"SubmissionLegislativePeriod":52,"FirstCouncil1":1,"FirstCouncil1Name":"Nationalrat","FirstCouncil1Abbreviation":"NR","FirstCouncil2":null,"FirstCouncil2Name":null,"FirstCouncil2Abbreviation":null,"TagNames":"Wirtschaft|Medien und Kommunikation"}}