{"d":{"__metadata":{"id":"https://ws.parlament.ch/OData.svc/Business(ID=20264005,Language='FR')","uri":"https://ws.parlament.ch/OData.svc/Business(ID=20264005,Language='FR')","type":"itsystems.Pd.DataServices.DataModel.Business"},"BusinessResponsibilities":{"__deferred":{"uri":"https://ws.parlament.ch/OData.svc/Business(ID=20264005,Language='FR')/BusinessResponsibilities"}},"RelatedBusinesses":{"__deferred":{"uri":"https://ws.parlament.ch/OData.svc/Business(ID=20264005,Language='FR')/RelatedBusinesses"}},"BusinessRoles":{"__deferred":{"uri":"https://ws.parlament.ch/OData.svc/Business(ID=20264005,Language='FR')/BusinessRoles"}},"Publications":{"__deferred":{"uri":"https://ws.parlament.ch/OData.svc/Business(ID=20264005,Language='FR')/Publications"}},"LegislativePeriods":{"__deferred":{"uri":"https://ws.parlament.ch/OData.svc/Business(ID=20264005,Language='FR')/LegislativePeriods"}},"Sessions":{"__deferred":{"uri":"https://ws.parlament.ch/OData.svc/Business(ID=20264005,Language='FR')/Sessions"}},"Preconsultations":{"__deferred":{"uri":"https://ws.parlament.ch/OData.svc/Business(ID=20264005,Language='FR')/Preconsultations"}},"Bills":{"__deferred":{"uri":"https://ws.parlament.ch/OData.svc/Business(ID=20264005,Language='FR')/Bills"}},"Councils":{"__deferred":{"uri":"https://ws.parlament.ch/OData.svc/Business(ID=20264005,Language='FR')/Councils"}},"BusinessTypes":{"__deferred":{"uri":"https://ws.parlament.ch/OData.svc/Business(ID=20264005,Language='FR')/BusinessTypes"}},"Votes":{"__deferred":{"uri":"https://ws.parlament.ch/OData.svc/Business(ID=20264005,Language='FR')/Votes"}},"SubjectsBusiness":{"__deferred":{"uri":"https://ws.parlament.ch/OData.svc/Business(ID=20264005,Language='FR')/SubjectsBusiness"}},"BusinessStates":{"__deferred":{"uri":"https://ws.parlament.ch/OData.svc/Business(ID=20264005,Language='FR')/BusinessStates"}},"Council":{"__deferred":{"uri":"https://ws.parlament.ch/OData.svc/Business(ID=20264005,Language='FR')/Council"}},"Transcripts":{"__deferred":{"uri":"https://ws.parlament.ch/OData.svc/Business(ID=20264005,Language='FR')/Transcripts"}},"ID":20264005,"Language":"FR","BusinessShortNumber":"26.4005","BusinessType":8,"BusinessTypeName":"Interpellation","BusinessTypeAbbreviation":"Ip.","Title":"O\u00f9 en est le message sur la r\u00e9glementation des plateformes ? ","Description":null,"InitialSituation":null,"Proceedings":null,"DraftText":null,"SubmittedText":"<ul><li>Quand exactement le Conseil f\u00e9d\u00e9ral pr\u00e9sentera-t-il le message sur la r\u00e9glementation des plateformes&nbsp;?</li><li>Pourquoi ce processus a-t-il pris autant de temps&nbsp;?&nbsp;</li><li>Pourquoi continue-t-il de prendre du retard, alors que la proc\u00e9dure de consultation est termin\u00e9e&nbsp;?&nbsp;</li><li>Quels int\u00e9r\u00eats divergents au sein du Conseil f\u00e9d\u00e9ral ont men\u00e9 \u00e0 ce retard&nbsp;?&nbsp;</li><li>Dans quelle mesure le Conseil f\u00e9d\u00e9ral consid\u00e8re-t-il cette probl\u00e9matique comme urgente&nbsp;? &nbsp;Pour quelles raisons&nbsp;?</li><li>Que r\u00e9pond le Conseil f\u00e9d\u00e9ral \u00e0 ceux qui estiment que ce projet arrive bien trop tard&nbsp;?&nbsp;</li></ul>","ReasonText":"<p>La r\u00e9glementation des plateformes de communication est importante pour notre soci\u00e9t\u00e9, et rev\u00eat d\u00e9sormais un caract\u00e8re d\u2019urgence. Il s\u2019agit ni plus ni moins que de la sauvegarde des droits des consommateurs dans l\u2019espace num\u00e9rique et de la protection de la soci\u00e9t\u00e9 dans son ensemble contre les risques consid\u00e9rables auxquels elle fait face. Malgr\u00e9 tout, le projet avance extr\u00eamement lentement. La motion \u00e0 son origine a \u00e9t\u00e9 adopt\u00e9e par le Conseil national en&nbsp;2018 d\u00e9j\u00e0 et par le Conseil des \u00c9tats en&nbsp;2019. La proc\u00e9dure de consultation est d\u00e9sormais termin\u00e9e et la Suisse attend le message du Conseil f\u00e9d\u00e9ral.&nbsp;</p><p>Compte tenu de la lenteur avec laquelle avance le projet de loi, des questions se posent. Je prie le Conseil f\u00e9d\u00e9ral de r\u00e9pondre de mani\u00e8re concr\u00e8te et point par point aux questions suivantes&nbsp;:&nbsp;</p>","DocumentationText":null,"MotionText":null,"FederalCouncilResponseText":"<p>Question 1</p><p>Le message du Conseil f\u00e9d\u00e9ral devrait \u00eatre pr\u00e9sent\u00e9 au Parlement au cours du premier semestre 2027.</p><p>&nbsp;</p><p>Question 2</p><p>Le 5 avril 2023, le Conseil f\u00e9d\u00e9ral a charg\u00e9 le DETEC de pr\u00e9parer un projet de consultation pour fin mars 2024. Il est apparu lors de l\u2019\u00e9laboration du projet que des clarifications approfondies \u00e9taient n\u00e9cessaires, afin de garantir que l\u2019avant-projet de loi f\u00e9d\u00e9rale sur les plateformes de communication et les moteurs de recherche (AP-LPCom) remplissait toutes les exigences l\u00e9gales. Les travaux ont donc pris plus de temps que pr\u00e9vu.</p><p>&nbsp;</p><p>Questions 3, 5 et 6</p><p>Le Conseil f\u00e9d\u00e9ral est soucieux de renforcer les droits des utilisateurs dans l\u2019espace num\u00e9rique et de contraindre \u00e0 plus de transparence les tr\u00e8s grandes plateformes de communication et moteurs de recherche. La consultation sur l\u2019AP-LPCom, qui s\u2019est termin\u00e9e le 16 f\u00e9vrier 2026, est en cours d\u2019\u00e9valuation. En raison des avis formul\u00e9s pendant la consultation, le Conseil f\u00e9d\u00e9ral a d\u00e9j\u00e0 d\u00e9cid\u00e9 d\u2019int\u00e9grer des mesures relatives \u00e0 la protection de la jeunesse dans le projet.</p><p>En Suisse, le processus l\u00e9gislatif repose sur le consensus et l\u2019implication pr\u00e9coce des milieux concern\u00e9s. Un tel processus prend du temps.</p><p>&nbsp;</p><p>Question 4</p><p>Le contenu des discussions men\u00e9es lors des s\u00e9ances du Conseil f\u00e9d\u00e9ral n'est pas rendu public.</p>","FederalCouncilProposal":null,"FederalCouncilProposalText":null,"FederalCouncilProposalDate":"\/Date(1787097600000)\/","SubmittedBy":"Schmezer Ueli","BusinessStatus":203,"BusinessStatusText":"L\u2019avis relatif \u00e0 l\u2019intervention est disponible","BusinessStatusDate":"\/Date(1787149862900)\/","ResponsibleDepartment":9,"ResponsibleDepartmentName":"D\u00e9partement  de l'environnement, des transports, de l'\u00e9nergie et de la communication","ResponsibleDepartmentAbbreviation":"DETEC","IsLeadingDepartment":true,"Tags":"15|34","Category":null,"Modified":"\/Date(1787149871343)\/","SubmissionDate":"\/Date(1781827200000)\/","SubmissionCouncil":1,"SubmissionCouncilName":"Conseil national","SubmissionCouncilAbbreviation":"CN","SubmissionSession":5214,"SubmissionLegislativePeriod":52,"FirstCouncil1":1,"FirstCouncil1Name":"Conseil national","FirstCouncil1Abbreviation":"CN","FirstCouncil2":null,"FirstCouncil2Name":null,"FirstCouncil2Abbreviation":null,"TagNames":"\u00c9conomie|M\u00e9dias et communication"}}