{"d":{"__metadata":{"id":"https://ws.parlament.ch/OData.svc/Business(ID=20264027,Language='DE')","uri":"https://ws.parlament.ch/OData.svc/Business(ID=20264027,Language='DE')","type":"itsystems.Pd.DataServices.DataModel.Business"},"BusinessResponsibilities":{"__deferred":{"uri":"https://ws.parlament.ch/OData.svc/Business(ID=20264027,Language='DE')/BusinessResponsibilities"}},"RelatedBusinesses":{"__deferred":{"uri":"https://ws.parlament.ch/OData.svc/Business(ID=20264027,Language='DE')/RelatedBusinesses"}},"BusinessRoles":{"__deferred":{"uri":"https://ws.parlament.ch/OData.svc/Business(ID=20264027,Language='DE')/BusinessRoles"}},"Publications":{"__deferred":{"uri":"https://ws.parlament.ch/OData.svc/Business(ID=20264027,Language='DE')/Publications"}},"LegislativePeriods":{"__deferred":{"uri":"https://ws.parlament.ch/OData.svc/Business(ID=20264027,Language='DE')/LegislativePeriods"}},"Sessions":{"__deferred":{"uri":"https://ws.parlament.ch/OData.svc/Business(ID=20264027,Language='DE')/Sessions"}},"Preconsultations":{"__deferred":{"uri":"https://ws.parlament.ch/OData.svc/Business(ID=20264027,Language='DE')/Preconsultations"}},"Bills":{"__deferred":{"uri":"https://ws.parlament.ch/OData.svc/Business(ID=20264027,Language='DE')/Bills"}},"Councils":{"__deferred":{"uri":"https://ws.parlament.ch/OData.svc/Business(ID=20264027,Language='DE')/Councils"}},"BusinessTypes":{"__deferred":{"uri":"https://ws.parlament.ch/OData.svc/Business(ID=20264027,Language='DE')/BusinessTypes"}},"Votes":{"__deferred":{"uri":"https://ws.parlament.ch/OData.svc/Business(ID=20264027,Language='DE')/Votes"}},"SubjectsBusiness":{"__deferred":{"uri":"https://ws.parlament.ch/OData.svc/Business(ID=20264027,Language='DE')/SubjectsBusiness"}},"BusinessStates":{"__deferred":{"uri":"https://ws.parlament.ch/OData.svc/Business(ID=20264027,Language='DE')/BusinessStates"}},"Council":{"__deferred":{"uri":"https://ws.parlament.ch/OData.svc/Business(ID=20264027,Language='DE')/Council"}},"Transcripts":{"__deferred":{"uri":"https://ws.parlament.ch/OData.svc/Business(ID=20264027,Language='DE')/Transcripts"}},"ID":20264027,"Language":"DE","BusinessShortNumber":"26.4027","BusinessType":8,"BusinessTypeName":"Interpellation","BusinessTypeAbbreviation":"Ip.","Title":"Gespr\u00e4che USA\u2013Iran auf dem B\u00fcrgenstock. Wie viel kostet dieses Gipfeltreffen, das dann vertagt wurde (auf wann?), die Steuerzahlerinnen und Steuerzahler?","Description":null,"InitialSituation":null,"Proceedings":null,"DraftText":null,"SubmittedText":"<p>Das Eidgen\u00f6ssische Departement f\u00fcr ausw\u00e4rtige Angelegenheiten (EDA) hatte angek\u00fcndigt, auf dem B\u00fcrgenstock w\u00fcrden Gespr\u00e4che zwischen den Vereinigten Staaten, dem Iran, Katar und Pakistan organisiert. Um die Sicherheit der Veranstaltung zu gew\u00e4hrleisten, bewilligte der Bundesrat ein umfassendes Dispositiv, das unter anderem den subsidi\u00e4ren Einsatz der Armee (mit bis zu 2000 Armeeangeh\u00f6rigen), die Sperrung des Luftraums und weitreichende Sicherheitsmassnahmen beinhaltete.&nbsp;</p><p>Sp\u00e4ter wurde dann bekannt gegeben, dass die geplanten Gespr\u00e4che verschoben worden waren. Das EDA teilte mit, die Vorbereitungsarbeiten auf dem B\u00fcrgenstock w\u00fcrden trotzdem weitergef\u00fchrt.&nbsp;</p><p>Vor diesem Hintergrund bitte ich den Bundesrat, die folgenden Fragen zu beantworten:</p><ol style=\"list-style-type:decimal;\"><li>Wie hoch sind die Gesamtkosten des Bundes f\u00fcr die Vorbereitung des geplanten Treffens auf dem B\u00fcrgenstock?&nbsp;</li><li>Welche Betr\u00e4ge haben das EDA, das Eidgen\u00f6ssische Departement f\u00fcr Verteidigung, Bev\u00f6lkerungsschutz und Sport, die Armee, das Bundesamt f\u00fcr Polizei und die anderen involvierten Bundesstellen aufgewendet?&nbsp;</li><li>Wie viele Armeeangeh\u00f6rige wurden tats\u00e4chlich mobilisiert oder f\u00fcr den Assistenzdienst aufgeboten und welche Kosten sind dadurch entstanden?&nbsp;</li><li>Welche Ausgaben wurden f\u00fcr Sicherheitsmassnahmen, Sperrung des Luftraums, Logistik, Transport, Infrastruktur und andere Vorbereitungsarbeiten get\u00e4tigt?&nbsp;</li><li>Welcher Teil dieser Ausgaben erweist sich aufgrund der Verschiebung der Gespr\u00e4che nun definitiv als \u00fcberfl\u00fcssig?&nbsp;</li><li>Falls die Gespr\u00e4che gar nicht mehr auf dem B\u00fcrgenstock stattfinden: Wie hoch sind dann insgesamt die Nettokosten des Bundes?&nbsp;</li><li>Hat der Bund die M\u00f6glichkeit, sich die Kosten von den involvierten L\u00e4ndern oder Delegationen oder anderen Beteiligten ganz oder teilweise zur\u00fcckerstatten zu lassen? Wenn ja, in welchem Umfang?&nbsp;</li><li>Welche Massnahmen zieht der Bundesrat in Betracht, damit dem Bund k\u00fcnftig keine erheblichen organisatorischen Kosten f\u00fcr internationale Veranstaltungen entstehen, deren tats\u00e4chliche Durchf\u00fchrung noch nicht ausreichend gesichert ist?</li></ol>","ReasonText":null,"DocumentationText":null,"MotionText":null,"FederalCouncilResponseText":"<p>1-4: Die Gesamtkosten liegen noch nicht vor.</p><p>-&nbsp;Der Bund hat keine organisatorischen Kosten \u00fcbernommen, die innerhalb des B\u00fcrgenstock-Resorts im Zusammenhang mit Logistik oder \u00dcbernachtungen entstanden sind.</p><p>-&nbsp;Die Armee erbrachte im Rahmen des ordentlichen Budgets des VBS Leistungen in der H\u00f6he von ungef\u00e4hr 5,4 Millionen Franken. Es standen 1300 Armeeangeh\u00f6rige pro Tag im Einsatz.</p><p>-&nbsp;Der Bund kann sich auf Gesuch des Kantons Nidwalden an jenen Sicherheitskosten beteiligen, die ihm in Verbindung mit den Schutzauftr\u00e4gen des Bundes entstanden sind. Dazu liegen die definitiven Zahlen noch nicht vor.</p><p>-&nbsp;Dem EDA sind Kosten in der H\u00f6he von 33'000 Franken im Zusammenhang mit der Sicherstellung der medialen Dokumentation und Berichterstattung vor Ort entstanden.</p><p>&nbsp;</p><p>5-8: Der historische Gipfel zwischen den Vereinigten Staaten und dem Iran fand mit einer zweit\u00e4gigen Verz\u00f6gerung statt, was in komplexen Verhandlungskontexten nicht un\u00fcblich ist. Trotz des anspruchsvollen organisatorischen und sicherheitspolitischen Rahmens ist es erfolgreich gelungen, die zentralen Akteure f\u00fcr die Lancierung des Friedensprozesses in die Schweiz zu bringen.</p><p>&nbsp;</p><p>Der \u00abLake Lucerne Summit\u00bb erlangte weltweit grosse mediale Aufmerksamkeit. Die Schweiz wurde dabei \u00fcberwiegend als vertrauensw\u00fcrdige, diskrete und verl\u00e4ssliche Fazilitatorin wahrgenommen, deren Gute Dienste auch in einem zunehmend polarisierten geopolitischen Umfeld gefragt sind. Ausserdem verschaffte der Gipfel der Region Vierwaldst\u00e4ttersee und der gesamten Schweiz \u00fcber seine diplomatische Bedeutung hinaus internationale Sichtbarkeit.</p><p>&nbsp;</p><p>Schliesslich bleiben die Guten Dienste ein zentrales Instrument der Schweizer Aussenpolitik. Wird die Schweiz gebeten, diese zur Verf\u00fcgung zu stellen, erfolgt vor jeder Zusage jeweils eine sorgf\u00e4ltige Abw\u00e4gung der Risiken und Chancen. Diese Rolle erfordert Flexibilit\u00e4t und ist mit Kosten verbunden, was indessen zweifellos im Interesse der Schweiz liegt. Wie der Bundesrat in der Botschaft \u00fcber die Massnahmen zur St\u00e4rkung der Rolle der Schweiz als Gaststaat 2026\u20132029 dargelegt hat (BBI 2025 2205), soll sich die Schweiz auch weiterhin als Standort f\u00fcr wichtige Konferenzen positionieren.</p>","FederalCouncilProposal":null,"FederalCouncilProposalText":null,"FederalCouncilProposalDate":"\/Date(1788307200000)\/","SubmittedBy":"Quadri Lorenzo","BusinessStatus":203,"BusinessStatusText":"Stellungnahme zum Vorstoss liegt vor","BusinessStatusDate":"\/Date(1788338034000)\/","ResponsibleDepartment":3,"ResponsibleDepartmentName":"Departement f\u00fcr ausw\u00e4rtige Angelegenheiten","ResponsibleDepartmentAbbreviation":"EDA","IsLeadingDepartment":true,"Tags":"8|9|24","Category":null,"Modified":"\/Date(1788424447837)\/","SubmissionDate":"\/Date(1781827200000)\/","SubmissionCouncil":1,"SubmissionCouncilName":"Nationalrat","SubmissionCouncilAbbreviation":"NR","SubmissionSession":5214,"SubmissionLegislativePeriod":52,"FirstCouncil1":1,"FirstCouncil1Name":"Nationalrat","FirstCouncil1Abbreviation":"NR","FirstCouncil2":null,"FirstCouncil2Name":null,"FirstCouncil2Abbreviation":null,"TagNames":"Internationale Politik|Sicherheitspolitik|Finanzwesen"}}