{"d":{"__metadata":{"id":"https://ws.parlament.ch/OData.svc/Business(ID=20267300,Language='FR')","uri":"https://ws.parlament.ch/OData.svc/Business(ID=20267300,Language='FR')","type":"itsystems.Pd.DataServices.DataModel.Business"},"BusinessResponsibilities":{"__deferred":{"uri":"https://ws.parlament.ch/OData.svc/Business(ID=20267300,Language='FR')/BusinessResponsibilities"}},"RelatedBusinesses":{"__deferred":{"uri":"https://ws.parlament.ch/OData.svc/Business(ID=20267300,Language='FR')/RelatedBusinesses"}},"BusinessRoles":{"__deferred":{"uri":"https://ws.parlament.ch/OData.svc/Business(ID=20267300,Language='FR')/BusinessRoles"}},"Publications":{"__deferred":{"uri":"https://ws.parlament.ch/OData.svc/Business(ID=20267300,Language='FR')/Publications"}},"LegislativePeriods":{"__deferred":{"uri":"https://ws.parlament.ch/OData.svc/Business(ID=20267300,Language='FR')/LegislativePeriods"}},"Sessions":{"__deferred":{"uri":"https://ws.parlament.ch/OData.svc/Business(ID=20267300,Language='FR')/Sessions"}},"Preconsultations":{"__deferred":{"uri":"https://ws.parlament.ch/OData.svc/Business(ID=20267300,Language='FR')/Preconsultations"}},"Bills":{"__deferred":{"uri":"https://ws.parlament.ch/OData.svc/Business(ID=20267300,Language='FR')/Bills"}},"Councils":{"__deferred":{"uri":"https://ws.parlament.ch/OData.svc/Business(ID=20267300,Language='FR')/Councils"}},"BusinessTypes":{"__deferred":{"uri":"https://ws.parlament.ch/OData.svc/Business(ID=20267300,Language='FR')/BusinessTypes"}},"Votes":{"__deferred":{"uri":"https://ws.parlament.ch/OData.svc/Business(ID=20267300,Language='FR')/Votes"}},"SubjectsBusiness":{"__deferred":{"uri":"https://ws.parlament.ch/OData.svc/Business(ID=20267300,Language='FR')/SubjectsBusiness"}},"BusinessStates":{"__deferred":{"uri":"https://ws.parlament.ch/OData.svc/Business(ID=20267300,Language='FR')/BusinessStates"}},"Council":{"__deferred":{"uri":"https://ws.parlament.ch/OData.svc/Business(ID=20267300,Language='FR')/Council"}},"Transcripts":{"__deferred":{"uri":"https://ws.parlament.ch/OData.svc/Business(ID=20267300,Language='FR')/Transcripts"}},"ID":20267300,"Language":"FR","BusinessShortNumber":"26.7300","BusinessType":14,"BusinessTypeName":"Heure des questions. Question","BusinessTypeAbbreviation":"Qst.","Title":"Quand le rapport en ex\u00e9cution du postulat 23.4332 sera-t-il publi\u00e9 ?","Description":null,"InitialSituation":null,"Proceedings":null,"DraftText":null,"SubmittedText":"<p>Le 11&nbsp;mars 2024, le Conseil national a adopt\u00e9 le postulat de commission 23.4332 \u00ab&nbsp;Cr\u00e9er les bases de l\u2019am\u00e9nagement du territoire garantissant la s\u00e9curit\u00e9 de l\u2019approvisionnement en mat\u00e9riaux de construction suisses&nbsp;\u00bb. Le d\u00e9lai de r\u00e9ponse est de deux ans.<br>1. Le rapport en ex\u00e9cution du postulat sera-t-il publi\u00e9 d\u2019ici la fin du mois de juin&nbsp;?<br>2. Outre l\u2019\u00e9conomie circulaire, dont l\u2019int\u00e9r\u00eat est incontestable, quelles mesures d\u2019am\u00e9nagement du territoire le Conseil f\u00e9d\u00e9ral envisage-t-il pour renforcer l\u2019extraction de mati\u00e8res premi\u00e8res primaires indig\u00e8nes&nbsp;?<br>&nbsp;</p>","ReasonText":null,"DocumentationText":null,"MotionText":null,"FederalCouncilResponseText":null,"FederalCouncilProposal":null,"FederalCouncilProposalText":null,"FederalCouncilProposalDate":null,"SubmittedBy":"Schneider-Schneiter Elisabeth","BusinessStatus":229,"BusinessStatusText":"Liquid\u00e9","BusinessStatusDate":"\/Date(1780929124000)\/","ResponsibleDepartment":9,"ResponsibleDepartmentName":"D\u00e9partement  de l'environnement, des transports, de l'\u00e9nergie et de la communication","ResponsibleDepartmentAbbreviation":"DETEC","IsLeadingDepartment":true,"Tags":"4|52|421|2846","Category":null,"Modified":"\/Date(1780929136290)\/","SubmissionDate":"\/Date(1780272000000)\/","SubmissionCouncil":1,"SubmissionCouncilName":"Conseil national","SubmissionCouncilAbbreviation":"CN","SubmissionSession":5214,"SubmissionLegislativePeriod":52,"FirstCouncil1":1,"FirstCouncil1Name":"Conseil national","FirstCouncil1Abbreviation":"CN","FirstCouncil2":null,"FirstCouncil2Name":null,"FirstCouncil2Abbreviation":null,"TagNames":"Politique d'Etat|Environnement|Parlement|Am\u00e9nagement du territoire et logement"}}