{"d":{"__metadata":{"id":"https://ws.parlament.ch/OData.svc/Business(ID=20267377,Language='FR')","uri":"https://ws.parlament.ch/OData.svc/Business(ID=20267377,Language='FR')","type":"itsystems.Pd.DataServices.DataModel.Business"},"BusinessResponsibilities":{"__deferred":{"uri":"https://ws.parlament.ch/OData.svc/Business(ID=20267377,Language='FR')/BusinessResponsibilities"}},"RelatedBusinesses":{"__deferred":{"uri":"https://ws.parlament.ch/OData.svc/Business(ID=20267377,Language='FR')/RelatedBusinesses"}},"BusinessRoles":{"__deferred":{"uri":"https://ws.parlament.ch/OData.svc/Business(ID=20267377,Language='FR')/BusinessRoles"}},"Publications":{"__deferred":{"uri":"https://ws.parlament.ch/OData.svc/Business(ID=20267377,Language='FR')/Publications"}},"LegislativePeriods":{"__deferred":{"uri":"https://ws.parlament.ch/OData.svc/Business(ID=20267377,Language='FR')/LegislativePeriods"}},"Sessions":{"__deferred":{"uri":"https://ws.parlament.ch/OData.svc/Business(ID=20267377,Language='FR')/Sessions"}},"Preconsultations":{"__deferred":{"uri":"https://ws.parlament.ch/OData.svc/Business(ID=20267377,Language='FR')/Preconsultations"}},"Bills":{"__deferred":{"uri":"https://ws.parlament.ch/OData.svc/Business(ID=20267377,Language='FR')/Bills"}},"Councils":{"__deferred":{"uri":"https://ws.parlament.ch/OData.svc/Business(ID=20267377,Language='FR')/Councils"}},"BusinessTypes":{"__deferred":{"uri":"https://ws.parlament.ch/OData.svc/Business(ID=20267377,Language='FR')/BusinessTypes"}},"Votes":{"__deferred":{"uri":"https://ws.parlament.ch/OData.svc/Business(ID=20267377,Language='FR')/Votes"}},"SubjectsBusiness":{"__deferred":{"uri":"https://ws.parlament.ch/OData.svc/Business(ID=20267377,Language='FR')/SubjectsBusiness"}},"BusinessStates":{"__deferred":{"uri":"https://ws.parlament.ch/OData.svc/Business(ID=20267377,Language='FR')/BusinessStates"}},"Council":{"__deferred":{"uri":"https://ws.parlament.ch/OData.svc/Business(ID=20267377,Language='FR')/Council"}},"Transcripts":{"__deferred":{"uri":"https://ws.parlament.ch/OData.svc/Business(ID=20267377,Language='FR')/Transcripts"}},"ID":20267377,"Language":"FR","BusinessShortNumber":"26.7377","BusinessType":14,"BusinessTypeName":"Heure des questions. Question","BusinessTypeAbbreviation":"Qst.","Title":"Le risque li\u00e9 \u00e0 un virus g\u00e9n\u00e9tiquement modifi\u00e9 a-t-il \u00e9t\u00e9 pris au s\u00e9rieux ?","Description":null,"InitialSituation":null,"Proceedings":null,"DraftText":null,"SubmittedText":"<ol><li>Le Conseil f\u00e9d\u00e9ral et l\u2019OFSP ont-ils envisag\u00e9, entre 2020 et 2023, que le SARS-CoV-2 puisse \u00eatre un virus g\u00e9n\u00e9tiquement modifi\u00e9&nbsp;?</li><li>Existe-t-il des rapports \u00e0 ce sujet&nbsp;?</li><li>Le Conseil f\u00e9d\u00e9ral a-t-il pris des mesures entre 2021 et 2023 pour prot\u00e9ger la population contre les virus qui ont \u00e9t\u00e9 g\u00e9n\u00e9tiquement modifi\u00e9s&nbsp;? De quelles mesures s\u2019agissait-il&nbsp;?</li><li>Des \u00e9tudes ont-elles \u00e9t\u00e9 men\u00e9es en Suisse pour examiner si la modification g\u00e9n\u00e9tique de l\u2019ancien virus SARS a conduit \u00e0 l\u2019apparition du nouveau virus&nbsp;SARS-CoV-2&nbsp;?</li></ol>","ReasonText":null,"DocumentationText":null,"MotionText":null,"FederalCouncilResponseText":"<p>La r\u00e9ponse du Conseil f\u00e9d\u00e9ral n'existe qu'en allemand. (Veuillez changer la langue en haut \u00e0 droite de la page d'accueil)</p>","FederalCouncilProposal":null,"FederalCouncilProposalText":null,"FederalCouncilProposalDate":"\/Date(1780876800000)\/","SubmittedBy":"Vontobel Erich","BusinessStatus":229,"BusinessStatusText":"Liquid\u00e9","BusinessStatusDate":"\/Date(1780934403000)\/","ResponsibleDepartment":4,"ResponsibleDepartmentName":"D\u00e9partement de l'int\u00e9rieur","ResponsibleDepartmentAbbreviation":"DFI","IsLeadingDepartment":true,"Tags":"36|2841","Category":null,"Modified":"\/Date(1780934435320)\/","SubmissionDate":"\/Date(1780444800000)\/","SubmissionCouncil":1,"SubmissionCouncilName":"Conseil national","SubmissionCouncilAbbreviation":"CN","SubmissionSession":5214,"SubmissionLegislativePeriod":52,"FirstCouncil1":1,"FirstCouncil1Name":"Conseil national","FirstCouncil1Abbreviation":"CN","FirstCouncil2":null,"FirstCouncil2Name":null,"FirstCouncil2Abbreviation":null,"TagNames":"Science et recherche|Sant\u00e9"}}