{"d":{"__metadata":{"id":"https://ws.parlament.ch/OData.svc/Business(ID=20267385,Language='FR')","uri":"https://ws.parlament.ch/OData.svc/Business(ID=20267385,Language='FR')","type":"itsystems.Pd.DataServices.DataModel.Business"},"BusinessResponsibilities":{"__deferred":{"uri":"https://ws.parlament.ch/OData.svc/Business(ID=20267385,Language='FR')/BusinessResponsibilities"}},"RelatedBusinesses":{"__deferred":{"uri":"https://ws.parlament.ch/OData.svc/Business(ID=20267385,Language='FR')/RelatedBusinesses"}},"BusinessRoles":{"__deferred":{"uri":"https://ws.parlament.ch/OData.svc/Business(ID=20267385,Language='FR')/BusinessRoles"}},"Publications":{"__deferred":{"uri":"https://ws.parlament.ch/OData.svc/Business(ID=20267385,Language='FR')/Publications"}},"LegislativePeriods":{"__deferred":{"uri":"https://ws.parlament.ch/OData.svc/Business(ID=20267385,Language='FR')/LegislativePeriods"}},"Sessions":{"__deferred":{"uri":"https://ws.parlament.ch/OData.svc/Business(ID=20267385,Language='FR')/Sessions"}},"Preconsultations":{"__deferred":{"uri":"https://ws.parlament.ch/OData.svc/Business(ID=20267385,Language='FR')/Preconsultations"}},"Bills":{"__deferred":{"uri":"https://ws.parlament.ch/OData.svc/Business(ID=20267385,Language='FR')/Bills"}},"Councils":{"__deferred":{"uri":"https://ws.parlament.ch/OData.svc/Business(ID=20267385,Language='FR')/Councils"}},"BusinessTypes":{"__deferred":{"uri":"https://ws.parlament.ch/OData.svc/Business(ID=20267385,Language='FR')/BusinessTypes"}},"Votes":{"__deferred":{"uri":"https://ws.parlament.ch/OData.svc/Business(ID=20267385,Language='FR')/Votes"}},"SubjectsBusiness":{"__deferred":{"uri":"https://ws.parlament.ch/OData.svc/Business(ID=20267385,Language='FR')/SubjectsBusiness"}},"BusinessStates":{"__deferred":{"uri":"https://ws.parlament.ch/OData.svc/Business(ID=20267385,Language='FR')/BusinessStates"}},"Council":{"__deferred":{"uri":"https://ws.parlament.ch/OData.svc/Business(ID=20267385,Language='FR')/Council"}},"Transcripts":{"__deferred":{"uri":"https://ws.parlament.ch/OData.svc/Business(ID=20267385,Language='FR')/Transcripts"}},"ID":20267385,"Language":"FR","BusinessShortNumber":"26.7385","BusinessType":14,"BusinessTypeName":"Heure des questions. Question","BusinessTypeAbbreviation":"Qst.","Title":"Combien d\u2019Ukrainiens obtiendront un permis B en 2027 ?","Description":null,"InitialSituation":null,"Proceedings":null,"DraftText":null,"SubmittedText":"<p>Conform\u00e9ment \u00e0 l\u2019art.&nbsp;74 de la loi sur l\u2019asile, l\u2019autorisation de s\u00e9jour S d\u00e9livr\u00e9e aux Ukrainiens b\u00e9n\u00e9ficiant du statut de protection S est automatiquement convertie en autorisation de s\u00e9jour B au bout de cinq ans.<br>\u2013&nbsp;Le Conseil f\u00e9d\u00e9ral peut-il nous indiquer combien d\u2019Ukrainiens obtiendront automatiquement un permis de s\u00e9jour B en 2027&nbsp;?<br>\u2013&nbsp;Les cantons ont-ils \u00e9t\u00e9 inform\u00e9s de ce chiffre&nbsp;? Si oui, comment l\u2019information a-t-elle \u00e9t\u00e9 transmise&nbsp;? Qui est en charge de la communication&nbsp;?</p>","ReasonText":null,"DocumentationText":null,"MotionText":null,"FederalCouncilResponseText":"<p>La r\u00e9ponse du Conseil f\u00e9d\u00e9ral n'existe qu'en allemand. (Veuillez changer la langue en haut \u00e0 droite de la page d'accueil)</p>","FederalCouncilProposal":null,"FederalCouncilProposalText":null,"FederalCouncilProposalDate":"\/Date(1780876800000)\/","SubmittedBy":"Schilliger Peter","BusinessStatus":229,"BusinessStatusText":"Liquid\u00e9","BusinessStatusDate":"\/Date(1780934856000)\/","ResponsibleDepartment":5,"ResponsibleDepartmentName":"D\u00e9partement de justice et police","ResponsibleDepartmentAbbreviation":"DFJP","IsLeadingDepartment":true,"Tags":"2811","Category":null,"Modified":"\/Date(1780934872703)\/","SubmissionDate":"\/Date(1780444800000)\/","SubmissionCouncil":1,"SubmissionCouncilName":"Conseil national","SubmissionCouncilAbbreviation":"CN","SubmissionSession":5214,"SubmissionLegislativePeriod":52,"FirstCouncil1":1,"FirstCouncil1Name":"Conseil national","FirstCouncil1Abbreviation":"CN","FirstCouncil2":null,"FirstCouncil2Name":null,"FirstCouncil2Abbreviation":null,"TagNames":"Politique migratoire"}}