{"d":{"__metadata":{"id":"https://ws.parlament.ch/OData.svc/Business(ID=20267424,Language='FR')","uri":"https://ws.parlament.ch/OData.svc/Business(ID=20267424,Language='FR')","type":"itsystems.Pd.DataServices.DataModel.Business"},"BusinessResponsibilities":{"__deferred":{"uri":"https://ws.parlament.ch/OData.svc/Business(ID=20267424,Language='FR')/BusinessResponsibilities"}},"RelatedBusinesses":{"__deferred":{"uri":"https://ws.parlament.ch/OData.svc/Business(ID=20267424,Language='FR')/RelatedBusinesses"}},"BusinessRoles":{"__deferred":{"uri":"https://ws.parlament.ch/OData.svc/Business(ID=20267424,Language='FR')/BusinessRoles"}},"Publications":{"__deferred":{"uri":"https://ws.parlament.ch/OData.svc/Business(ID=20267424,Language='FR')/Publications"}},"LegislativePeriods":{"__deferred":{"uri":"https://ws.parlament.ch/OData.svc/Business(ID=20267424,Language='FR')/LegislativePeriods"}},"Sessions":{"__deferred":{"uri":"https://ws.parlament.ch/OData.svc/Business(ID=20267424,Language='FR')/Sessions"}},"Preconsultations":{"__deferred":{"uri":"https://ws.parlament.ch/OData.svc/Business(ID=20267424,Language='FR')/Preconsultations"}},"Bills":{"__deferred":{"uri":"https://ws.parlament.ch/OData.svc/Business(ID=20267424,Language='FR')/Bills"}},"Councils":{"__deferred":{"uri":"https://ws.parlament.ch/OData.svc/Business(ID=20267424,Language='FR')/Councils"}},"BusinessTypes":{"__deferred":{"uri":"https://ws.parlament.ch/OData.svc/Business(ID=20267424,Language='FR')/BusinessTypes"}},"Votes":{"__deferred":{"uri":"https://ws.parlament.ch/OData.svc/Business(ID=20267424,Language='FR')/Votes"}},"SubjectsBusiness":{"__deferred":{"uri":"https://ws.parlament.ch/OData.svc/Business(ID=20267424,Language='FR')/SubjectsBusiness"}},"BusinessStates":{"__deferred":{"uri":"https://ws.parlament.ch/OData.svc/Business(ID=20267424,Language='FR')/BusinessStates"}},"Council":{"__deferred":{"uri":"https://ws.parlament.ch/OData.svc/Business(ID=20267424,Language='FR')/Council"}},"Transcripts":{"__deferred":{"uri":"https://ws.parlament.ch/OData.svc/Business(ID=20267424,Language='FR')/Transcripts"}},"ID":20267424,"Language":"FR","BusinessShortNumber":"26.7424","BusinessType":14,"BusinessTypeName":"Heure des questions. Question","BusinessTypeAbbreviation":"Qst.","Title":"Aptitude \u00e0 conduire dans la protection civile","Description":null,"InitialSituation":null,"Proceedings":null,"DraftText":null,"SubmittedText":"<p>Il existe de grandes disparit\u00e9s entre les cantons quant \u00e0 l\u2019\u00e9valuation de l\u2019aptitude \u00e0 conduire dans le cadre de la protection civile chez les personnes sous traitement m\u00e9dicamenteux contre le TDAH.<br>- Que pense le Conseil f\u00e9d\u00e9ral des diff\u00e9rences d\u2019interpr\u00e9tation entre les cantons&nbsp;?&nbsp;<br>- Ne faudrait-il pas instaurer une unit\u00e9 de doctrine&nbsp;?&nbsp;<br>\u2013&nbsp;Quelle est la position du Conseil f\u00e9d\u00e9ral sur l\u2019aptitude \u00e0 conduire des personnes servant dans l\u2019arm\u00e9e ou la protection civile qui doivent prendre des m\u00e9dicaments contre le TDAH&nbsp;?</p>","ReasonText":null,"DocumentationText":null,"MotionText":null,"FederalCouncilResponseText":"<p>La r\u00e9ponse du Conseil f\u00e9d\u00e9ral n'existe qu'en allemand. (Veuillez changer la langue en haut \u00e0 droite de la page d'accueil)</p>","FederalCouncilProposal":null,"FederalCouncilProposalText":null,"FederalCouncilProposalDate":"\/Date(1780876800000)\/","SubmittedBy":"Seiler Graf Priska","BusinessStatus":229,"BusinessStatusText":"Liquid\u00e9","BusinessStatusDate":"\/Date(1780935046000)\/","ResponsibleDepartment":6,"ResponsibleDepartmentName":"D\u00e9partement de la d\u00e9fense, de la protection de la population et des sports","ResponsibleDepartmentAbbreviation":"DDPS","IsLeadingDepartment":true,"Tags":"9|48|2841","Category":null,"Modified":"\/Date(1780935058090)\/","SubmissionDate":"\/Date(1780444800000)\/","SubmissionCouncil":1,"SubmissionCouncilName":"Conseil national","SubmissionCouncilAbbreviation":"CN","SubmissionSession":5214,"SubmissionLegislativePeriod":52,"FirstCouncil1":1,"FirstCouncil1Name":"Conseil national","FirstCouncil1Abbreviation":"CN","FirstCouncil2":null,"FirstCouncil2Name":null,"FirstCouncil2Abbreviation":null,"TagNames":"Politique de s\u00e9curit\u00e9|Transports|Sant\u00e9"}}