{"d":{"__metadata":{"id":"https://ws.parlament.ch/OData.svc/Business(ID=20267462,Language='FR')","uri":"https://ws.parlament.ch/OData.svc/Business(ID=20267462,Language='FR')","type":"itsystems.Pd.DataServices.DataModel.Business"},"BusinessResponsibilities":{"__deferred":{"uri":"https://ws.parlament.ch/OData.svc/Business(ID=20267462,Language='FR')/BusinessResponsibilities"}},"RelatedBusinesses":{"__deferred":{"uri":"https://ws.parlament.ch/OData.svc/Business(ID=20267462,Language='FR')/RelatedBusinesses"}},"BusinessRoles":{"__deferred":{"uri":"https://ws.parlament.ch/OData.svc/Business(ID=20267462,Language='FR')/BusinessRoles"}},"Publications":{"__deferred":{"uri":"https://ws.parlament.ch/OData.svc/Business(ID=20267462,Language='FR')/Publications"}},"LegislativePeriods":{"__deferred":{"uri":"https://ws.parlament.ch/OData.svc/Business(ID=20267462,Language='FR')/LegislativePeriods"}},"Sessions":{"__deferred":{"uri":"https://ws.parlament.ch/OData.svc/Business(ID=20267462,Language='FR')/Sessions"}},"Preconsultations":{"__deferred":{"uri":"https://ws.parlament.ch/OData.svc/Business(ID=20267462,Language='FR')/Preconsultations"}},"Bills":{"__deferred":{"uri":"https://ws.parlament.ch/OData.svc/Business(ID=20267462,Language='FR')/Bills"}},"Councils":{"__deferred":{"uri":"https://ws.parlament.ch/OData.svc/Business(ID=20267462,Language='FR')/Councils"}},"BusinessTypes":{"__deferred":{"uri":"https://ws.parlament.ch/OData.svc/Business(ID=20267462,Language='FR')/BusinessTypes"}},"Votes":{"__deferred":{"uri":"https://ws.parlament.ch/OData.svc/Business(ID=20267462,Language='FR')/Votes"}},"SubjectsBusiness":{"__deferred":{"uri":"https://ws.parlament.ch/OData.svc/Business(ID=20267462,Language='FR')/SubjectsBusiness"}},"BusinessStates":{"__deferred":{"uri":"https://ws.parlament.ch/OData.svc/Business(ID=20267462,Language='FR')/BusinessStates"}},"Council":{"__deferred":{"uri":"https://ws.parlament.ch/OData.svc/Business(ID=20267462,Language='FR')/Council"}},"Transcripts":{"__deferred":{"uri":"https://ws.parlament.ch/OData.svc/Business(ID=20267462,Language='FR')/Transcripts"}},"ID":20267462,"Language":"FR","BusinessShortNumber":"26.7462","BusinessType":14,"BusinessTypeName":"Heure des questions. Question","BusinessTypeAbbreviation":"Qst.","Title":"Pr\u00e9visions \u00e9conomiques embellies du SECO","Description":null,"InitialSituation":null,"Proceedings":null,"DraftText":null,"SubmittedText":"<p>Selon les derni\u00e8res pr\u00e9visions \u00e9conomiques du SECO, la valeur ajout\u00e9e (pharmaceutique) se maintient \u00e0 un niveau \u00e9lev\u00e9. Pourtant, l\u2019avenir s\u2019annonce plut\u00f4t sombre pour l\u2019industrie pharmaceutique.<br>1. Pourquoi le SECO nie-t-il que la valeur ajout\u00e9e r\u00e9elle de l\u2019industrie chimique et pharmaceutique a baiss\u00e9 de 3,4&nbsp;% au premier trimestre&nbsp;2026&nbsp;?<br>2. Le Conseil f\u00e9d\u00e9ral sait-il que le secteur pharmaceutique a connu une quatri\u00e8me contraction cons\u00e9cutive au premier trimestre&nbsp;2026 et que le niveau de valeur ajout\u00e9e a baiss\u00e9 de 20&nbsp;% depuis le \u00ab&nbsp;Liberation Day&nbsp;\u00bb \u00e9tats-unien du 2&nbsp;avril&nbsp;2025&nbsp;?</p>","ReasonText":null,"DocumentationText":null,"MotionText":null,"FederalCouncilResponseText":"<span><p>1. Le 1<sup>er</sup>&nbsp;juin, le SECO a publi\u00e9 les r\u00e9sultats relatifs au produit int\u00e9rieur brut pour le 1<sup>er</sup>&nbsp;trimestre 2026. Dans le communiqu\u00e9 de presse ainsi que dans les tableaux de donn\u00e9es et les documents d\u2019accompagnement, il a \u00e9galement rendu publics les r\u00e9sultats de l\u2019industrie chimico-pharmaceutique&nbsp;: la valeur ajout\u00e9e de ce secteur a diminu\u00e9 de 3,4&nbsp;% au 1<sup>er</sup>&nbsp;trimestre 2026, apr\u00e8s une croissance de 1,8&nbsp;% au 4<sup>e</sup>&nbsp;trimestre 2025.</p><p>&nbsp;</p><p>2. L\u2019industrie chimico-pharmaceutique a connu une \u00e9volution tr\u00e8s volatile au cours des derniers trimestres. En mars&nbsp;2025, les exportations de produits chimiques et pharmaceutiques vers les \u00c9tats-Unis ont augment\u00e9 de mani\u00e8re exceptionnellement forte&nbsp;: elles sont pass\u00e9es de 2,7&nbsp;milliards de francs en f\u00e9vrier \u00e0 8,3&nbsp;milliards de francs en mars, probablement en raison d\u2019effets d\u2019anticipation li\u00e9s \u00e0 la politique douani\u00e8re am\u00e9ricaine. Cette \u00e9volution s\u2019est \u00e9galement refl\u00e9t\u00e9e dans la croissance de la valeur ajout\u00e9e, avec une progression de 4,5&nbsp;%, et a \u00e9t\u00e9 suivie d\u2019un mouvement inverse pr\u00e9visible. Au 1<sup>er</sup>&nbsp;trimestre 2026, la valeur ajout\u00e9e \u00e9tait inf\u00e9rieure d\u2019environ 11&nbsp;% au niveau record du 1<sup>er</sup>&nbsp;trimestre 2025. Le Conseil f\u00e9d\u00e9ral est conscient de l\u2019importance de l\u2019industrie chimico-pharmaceutique pour l\u2019\u00e9conomie suisse et continue de suivre attentivement son \u00e9volution.</p></span>","FederalCouncilProposal":null,"FederalCouncilProposalText":null,"FederalCouncilProposalDate":"\/Date(1781481600000)\/","SubmittedBy":"Rechsteiner Thomas","BusinessStatus":229,"BusinessStatusText":"Liquid\u00e9","BusinessStatusDate":"\/Date(1781537679000)\/","ResponsibleDepartment":8,"ResponsibleDepartmentName":"D\u00e9partement de l'\u00e9conomie, de la formation et de la recherche","ResponsibleDepartmentAbbreviation":"DEFR","IsLeadingDepartment":true,"Tags":"4|15|2841","Category":null,"Modified":"\/Date(1781537708210)\/","SubmissionDate":"\/Date(1780531200000)\/","SubmissionCouncil":1,"SubmissionCouncilName":"Conseil national","SubmissionCouncilAbbreviation":"CN","SubmissionSession":5214,"SubmissionLegislativePeriod":52,"FirstCouncil1":1,"FirstCouncil1Name":"Conseil national","FirstCouncil1Abbreviation":"CN","FirstCouncil2":null,"FirstCouncil2Name":null,"FirstCouncil2Abbreviation":null,"TagNames":"Politique d'Etat|\u00c9conomie|Sant\u00e9"}}