{"d":{"__metadata":{"id":"https://ws.parlament.ch/OData.svc/Business(ID=20267467,Language='FR')","uri":"https://ws.parlament.ch/OData.svc/Business(ID=20267467,Language='FR')","type":"itsystems.Pd.DataServices.DataModel.Business"},"BusinessResponsibilities":{"__deferred":{"uri":"https://ws.parlament.ch/OData.svc/Business(ID=20267467,Language='FR')/BusinessResponsibilities"}},"RelatedBusinesses":{"__deferred":{"uri":"https://ws.parlament.ch/OData.svc/Business(ID=20267467,Language='FR')/RelatedBusinesses"}},"BusinessRoles":{"__deferred":{"uri":"https://ws.parlament.ch/OData.svc/Business(ID=20267467,Language='FR')/BusinessRoles"}},"Publications":{"__deferred":{"uri":"https://ws.parlament.ch/OData.svc/Business(ID=20267467,Language='FR')/Publications"}},"LegislativePeriods":{"__deferred":{"uri":"https://ws.parlament.ch/OData.svc/Business(ID=20267467,Language='FR')/LegislativePeriods"}},"Sessions":{"__deferred":{"uri":"https://ws.parlament.ch/OData.svc/Business(ID=20267467,Language='FR')/Sessions"}},"Preconsultations":{"__deferred":{"uri":"https://ws.parlament.ch/OData.svc/Business(ID=20267467,Language='FR')/Preconsultations"}},"Bills":{"__deferred":{"uri":"https://ws.parlament.ch/OData.svc/Business(ID=20267467,Language='FR')/Bills"}},"Councils":{"__deferred":{"uri":"https://ws.parlament.ch/OData.svc/Business(ID=20267467,Language='FR')/Councils"}},"BusinessTypes":{"__deferred":{"uri":"https://ws.parlament.ch/OData.svc/Business(ID=20267467,Language='FR')/BusinessTypes"}},"Votes":{"__deferred":{"uri":"https://ws.parlament.ch/OData.svc/Business(ID=20267467,Language='FR')/Votes"}},"SubjectsBusiness":{"__deferred":{"uri":"https://ws.parlament.ch/OData.svc/Business(ID=20267467,Language='FR')/SubjectsBusiness"}},"BusinessStates":{"__deferred":{"uri":"https://ws.parlament.ch/OData.svc/Business(ID=20267467,Language='FR')/BusinessStates"}},"Council":{"__deferred":{"uri":"https://ws.parlament.ch/OData.svc/Business(ID=20267467,Language='FR')/Council"}},"Transcripts":{"__deferred":{"uri":"https://ws.parlament.ch/OData.svc/Business(ID=20267467,Language='FR')/Transcripts"}},"ID":20267467,"Language":"FR","BusinessShortNumber":"26.7467","BusinessType":14,"BusinessTypeName":"Heure des questions. Question","BusinessTypeAbbreviation":"Qst.","Title":"Prolongation du cong\u00e9 pour les activit\u00e9s de jeunesse extra-scolaires. Combien de temps le DFJP compte-t-il encore retarder ce projet ?","Description":null,"InitialSituation":null,"Proceedings":null,"DraftText":null,"SubmittedText":"<p>En 2024, les deux conseils ont adopt\u00e9 \u00e0 l\u2019unanimit\u00e9 les motions&nbsp;23.3734 et 23.3735 visant \u00e0 prolonger le cong\u00e9 pour les activit\u00e9s de jeunesse extra-scolaires. La consultation s\u2019est achev\u00e9e le 18&nbsp;septembre 2025&nbsp;; depuis lors, le DFJP n\u2019a fait \u00e9tat d\u2019aucune nouvelle avanc\u00e9e.</p><p>Comment le Conseil f\u00e9d\u00e9ral explique-t-il ce retard de neuf mois dans l\u2019\u00e9laboration d\u2019un simple message&nbsp;?</p><p>\u00c0 quelle date cette publication pourra-t-elle se faire&nbsp;?</p>","ReasonText":null,"DocumentationText":null,"MotionText":null,"FederalCouncilResponseText":"<p>La r\u00e9ponse du Conseil f\u00e9d\u00e9ral n'existe qu'en allemand. (Veuillez changer la langue en haut \u00e0 droite de la page d'accueil)</p>","FederalCouncilProposal":null,"FederalCouncilProposalText":null,"FederalCouncilProposalDate":"\/Date(1781481600000)\/","SubmittedBy":"Imark Christian","BusinessStatus":229,"BusinessStatusText":"Liquid\u00e9","BusinessStatusDate":"\/Date(1781537693000)\/","ResponsibleDepartment":5,"ResponsibleDepartmentName":"D\u00e9partement de justice et police","ResponsibleDepartmentAbbreviation":"DFJP","IsLeadingDepartment":true,"Tags":"28|32","Category":null,"Modified":"\/Date(1781537748730)\/","SubmissionDate":"\/Date(1780876800000)\/","SubmissionCouncil":1,"SubmissionCouncilName":"Conseil national","SubmissionCouncilAbbreviation":"CN","SubmissionSession":5214,"SubmissionLegislativePeriod":52,"FirstCouncil1":1,"FirstCouncil1Name":"Conseil national","FirstCouncil1Abbreviation":"CN","FirstCouncil2":null,"FirstCouncil2Name":null,"FirstCouncil2Abbreviation":null,"TagNames":"Questions sociales|\u00c9ducation"}}