{"d":{"__metadata":{"id":"https://ws.parlament.ch/OData.svc/Business(ID=20267499,Language='FR')","uri":"https://ws.parlament.ch/OData.svc/Business(ID=20267499,Language='FR')","type":"itsystems.Pd.DataServices.DataModel.Business"},"BusinessResponsibilities":{"__deferred":{"uri":"https://ws.parlament.ch/OData.svc/Business(ID=20267499,Language='FR')/BusinessResponsibilities"}},"RelatedBusinesses":{"__deferred":{"uri":"https://ws.parlament.ch/OData.svc/Business(ID=20267499,Language='FR')/RelatedBusinesses"}},"BusinessRoles":{"__deferred":{"uri":"https://ws.parlament.ch/OData.svc/Business(ID=20267499,Language='FR')/BusinessRoles"}},"Publications":{"__deferred":{"uri":"https://ws.parlament.ch/OData.svc/Business(ID=20267499,Language='FR')/Publications"}},"LegislativePeriods":{"__deferred":{"uri":"https://ws.parlament.ch/OData.svc/Business(ID=20267499,Language='FR')/LegislativePeriods"}},"Sessions":{"__deferred":{"uri":"https://ws.parlament.ch/OData.svc/Business(ID=20267499,Language='FR')/Sessions"}},"Preconsultations":{"__deferred":{"uri":"https://ws.parlament.ch/OData.svc/Business(ID=20267499,Language='FR')/Preconsultations"}},"Bills":{"__deferred":{"uri":"https://ws.parlament.ch/OData.svc/Business(ID=20267499,Language='FR')/Bills"}},"Councils":{"__deferred":{"uri":"https://ws.parlament.ch/OData.svc/Business(ID=20267499,Language='FR')/Councils"}},"BusinessTypes":{"__deferred":{"uri":"https://ws.parlament.ch/OData.svc/Business(ID=20267499,Language='FR')/BusinessTypes"}},"Votes":{"__deferred":{"uri":"https://ws.parlament.ch/OData.svc/Business(ID=20267499,Language='FR')/Votes"}},"SubjectsBusiness":{"__deferred":{"uri":"https://ws.parlament.ch/OData.svc/Business(ID=20267499,Language='FR')/SubjectsBusiness"}},"BusinessStates":{"__deferred":{"uri":"https://ws.parlament.ch/OData.svc/Business(ID=20267499,Language='FR')/BusinessStates"}},"Council":{"__deferred":{"uri":"https://ws.parlament.ch/OData.svc/Business(ID=20267499,Language='FR')/Council"}},"Transcripts":{"__deferred":{"uri":"https://ws.parlament.ch/OData.svc/Business(ID=20267499,Language='FR')/Transcripts"}},"ID":20267499,"Language":"FR","BusinessShortNumber":"26.7499","BusinessType":14,"BusinessTypeName":"Heure des questions. Question","BusinessTypeAbbreviation":"Qst.","Title":"Admission provisoire pour les Ukrainiens","Description":null,"InitialSituation":null,"Proceedings":null,"DraftText":null,"SubmittedText":"<p>Selon le forum en ligne de la SRF du 10&nbsp;avril 2026, une centaine d\u2019Ukrainiens ont \u00e9t\u00e9 d\u00e9bout\u00e9s depuis le 1er&nbsp;novembre 2025, mais huit d\u2019entre eux se sont vu accorder une admission provisoire.<br>\u2013&nbsp;Pour quels motifs ces admissions provisoires ont-elles \u00e9t\u00e9 accord\u00e9es&nbsp;?<br>\u2013&nbsp;Y a-t-il eu des proc\u00e9dures d\u2019asile qui auraient abouti \u00e0 des d\u00e9cisions n\u00e9gatives&nbsp;?<br>\u2013&nbsp;Les demandes \u00e9manant d\u2019Ukrainiens provenant de r\u00e9gions non touch\u00e9es par les hostilit\u00e9s ne font-elles par l\u2019objet d\u2019une d\u00e9cision de non-entr\u00e9e en mati\u00e8re&nbsp;?<br>\u2013&nbsp;O\u00f9 en sont les chiffres aujourd\u2019hui&nbsp;?</p>","ReasonText":null,"DocumentationText":null,"MotionText":null,"FederalCouncilResponseText":"<p>La r\u00e9ponse du Conseil f\u00e9d\u00e9ral n'existe qu'en allemand. (Veuillez changer la langue en haut \u00e0 droite de la page d'accueil)</p>","FederalCouncilProposal":null,"FederalCouncilProposalText":null,"FederalCouncilProposalDate":"\/Date(1781481600000)\/","SubmittedBy":"Steinemann Barbara","BusinessStatus":229,"BusinessStatusText":"Liquid\u00e9","BusinessStatusDate":"\/Date(1781538233000)\/","ResponsibleDepartment":5,"ResponsibleDepartmentName":"D\u00e9partement de justice et police","ResponsibleDepartmentAbbreviation":"DFJP","IsLeadingDepartment":true,"Tags":"2811","Category":null,"Modified":"\/Date(1781538286560)\/","SubmissionDate":"\/Date(1780963200000)\/","SubmissionCouncil":1,"SubmissionCouncilName":"Conseil national","SubmissionCouncilAbbreviation":"CN","SubmissionSession":5214,"SubmissionLegislativePeriod":52,"FirstCouncil1":1,"FirstCouncil1Name":"Conseil national","FirstCouncil1Abbreviation":"CN","FirstCouncil2":null,"FirstCouncil2Name":null,"FirstCouncil2Abbreviation":null,"TagNames":"Politique migratoire"}}