{"d":{"__metadata":{"id":"https://ws.parlament.ch/OData.svc/Business(ID=20267591,Language='DE')","uri":"https://ws.parlament.ch/OData.svc/Business(ID=20267591,Language='DE')","type":"itsystems.Pd.DataServices.DataModel.Business"},"BusinessResponsibilities":{"__deferred":{"uri":"https://ws.parlament.ch/OData.svc/Business(ID=20267591,Language='DE')/BusinessResponsibilities"}},"RelatedBusinesses":{"__deferred":{"uri":"https://ws.parlament.ch/OData.svc/Business(ID=20267591,Language='DE')/RelatedBusinesses"}},"BusinessRoles":{"__deferred":{"uri":"https://ws.parlament.ch/OData.svc/Business(ID=20267591,Language='DE')/BusinessRoles"}},"Publications":{"__deferred":{"uri":"https://ws.parlament.ch/OData.svc/Business(ID=20267591,Language='DE')/Publications"}},"LegislativePeriods":{"__deferred":{"uri":"https://ws.parlament.ch/OData.svc/Business(ID=20267591,Language='DE')/LegislativePeriods"}},"Sessions":{"__deferred":{"uri":"https://ws.parlament.ch/OData.svc/Business(ID=20267591,Language='DE')/Sessions"}},"Preconsultations":{"__deferred":{"uri":"https://ws.parlament.ch/OData.svc/Business(ID=20267591,Language='DE')/Preconsultations"}},"Bills":{"__deferred":{"uri":"https://ws.parlament.ch/OData.svc/Business(ID=20267591,Language='DE')/Bills"}},"Councils":{"__deferred":{"uri":"https://ws.parlament.ch/OData.svc/Business(ID=20267591,Language='DE')/Councils"}},"BusinessTypes":{"__deferred":{"uri":"https://ws.parlament.ch/OData.svc/Business(ID=20267591,Language='DE')/BusinessTypes"}},"Votes":{"__deferred":{"uri":"https://ws.parlament.ch/OData.svc/Business(ID=20267591,Language='DE')/Votes"}},"SubjectsBusiness":{"__deferred":{"uri":"https://ws.parlament.ch/OData.svc/Business(ID=20267591,Language='DE')/SubjectsBusiness"}},"BusinessStates":{"__deferred":{"uri":"https://ws.parlament.ch/OData.svc/Business(ID=20267591,Language='DE')/BusinessStates"}},"Council":{"__deferred":{"uri":"https://ws.parlament.ch/OData.svc/Business(ID=20267591,Language='DE')/Council"}},"Transcripts":{"__deferred":{"uri":"https://ws.parlament.ch/OData.svc/Business(ID=20267591,Language='DE')/Transcripts"}},"ID":20267591,"Language":"DE","BusinessShortNumber":"26.7591","BusinessType":14,"BusinessTypeName":"Fragestunde. Frage","BusinessTypeAbbreviation":"Fra.","Title":"Arbeitslosenversicherung und Grenzg\u00e4nger","Description":null,"InitialSituation":null,"Proceedings":null,"DraftText":null,"SubmittedText":"<p>Die Debatte zur \u00c4nderung der Arbeitslosenversicherung (ALV) f\u00fcr Grenzg\u00e4ngerinnen und Grenzg\u00e4nger, welche die Europ\u00e4ische Union der Schweiz auferlegen will, f\u00fchrt zu Entr\u00fcstungsst\u00fcrmen.<br>1. Wie hoch ist ungef\u00e4hr der Betrag der ALV-Beitr\u00e4ge, der j\u00e4hrlich von der Lohnsumme der Grenzg\u00e4ngerinnen und Grenzg\u00e4nger abgezogen wird (z. B. im Jahr 2025)?<br>2. W\u00e4re es m\u00f6glich, durch eine Gesetzes\u00e4nderung zu bewirken, dass diese Beitr\u00e4ge nicht mehr erhoben werden und keine Entsch\u00e4digungen an Grenzg\u00e4ngerinnen und Grenzg\u00e4nger mehr entrichtet werden m\u00fcssen?<br>3. Um wie viel m\u00fcsste der ALV-Beitrag erh\u00f6ht werden, um einen solchen Verlust auszugleichen?</p>","ReasonText":null,"DocumentationText":null,"MotionText":null,"FederalCouncilResponseText":"<p>Die Antwort des Bundesrates existiert nur in franz\u00f6sischer Sprache. (Bitte wechseln Sie auf der Homepage oben rechts die Sprache)</p>","FederalCouncilProposal":null,"FederalCouncilProposalText":null,"FederalCouncilProposalDate":"\/Date(1781481600000)\/","SubmittedBy":"B\u00fchler Manfred","BusinessStatus":229,"BusinessStatusText":"Erledigt","BusinessStatusDate":"\/Date(1781539517000)\/","ResponsibleDepartment":8,"ResponsibleDepartmentName":"Departement f\u00fcr Wirtschaft, Bildung und Forschung","ResponsibleDepartmentAbbreviation":"WBF","IsLeadingDepartment":true,"Tags":"10|44|2811|2836","Category":null,"Modified":"\/Date(1781539528417)\/","SubmissionDate":"\/Date(1781049600000)\/","SubmissionCouncil":1,"SubmissionCouncilName":"Nationalrat","SubmissionCouncilAbbreviation":"NR","SubmissionSession":5214,"SubmissionLegislativePeriod":52,"FirstCouncil1":1,"FirstCouncil1Name":"Nationalrat","FirstCouncil1Abbreviation":"NR","FirstCouncil2":null,"FirstCouncil2Name":null,"FirstCouncil2Abbreviation":null,"TagNames":"Europapolitik|Besch\u00e4ftigung und Arbeit|Migration|Sozialer Schutz"}}