{"d":{"__metadata":{"id":"https://ws.parlament.ch/OData.svc/Business(ID=20267603,Language='DE')","uri":"https://ws.parlament.ch/OData.svc/Business(ID=20267603,Language='DE')","type":"itsystems.Pd.DataServices.DataModel.Business"},"BusinessResponsibilities":{"__deferred":{"uri":"https://ws.parlament.ch/OData.svc/Business(ID=20267603,Language='DE')/BusinessResponsibilities"}},"RelatedBusinesses":{"__deferred":{"uri":"https://ws.parlament.ch/OData.svc/Business(ID=20267603,Language='DE')/RelatedBusinesses"}},"BusinessRoles":{"__deferred":{"uri":"https://ws.parlament.ch/OData.svc/Business(ID=20267603,Language='DE')/BusinessRoles"}},"Publications":{"__deferred":{"uri":"https://ws.parlament.ch/OData.svc/Business(ID=20267603,Language='DE')/Publications"}},"LegislativePeriods":{"__deferred":{"uri":"https://ws.parlament.ch/OData.svc/Business(ID=20267603,Language='DE')/LegislativePeriods"}},"Sessions":{"__deferred":{"uri":"https://ws.parlament.ch/OData.svc/Business(ID=20267603,Language='DE')/Sessions"}},"Preconsultations":{"__deferred":{"uri":"https://ws.parlament.ch/OData.svc/Business(ID=20267603,Language='DE')/Preconsultations"}},"Bills":{"__deferred":{"uri":"https://ws.parlament.ch/OData.svc/Business(ID=20267603,Language='DE')/Bills"}},"Councils":{"__deferred":{"uri":"https://ws.parlament.ch/OData.svc/Business(ID=20267603,Language='DE')/Councils"}},"BusinessTypes":{"__deferred":{"uri":"https://ws.parlament.ch/OData.svc/Business(ID=20267603,Language='DE')/BusinessTypes"}},"Votes":{"__deferred":{"uri":"https://ws.parlament.ch/OData.svc/Business(ID=20267603,Language='DE')/Votes"}},"SubjectsBusiness":{"__deferred":{"uri":"https://ws.parlament.ch/OData.svc/Business(ID=20267603,Language='DE')/SubjectsBusiness"}},"BusinessStates":{"__deferred":{"uri":"https://ws.parlament.ch/OData.svc/Business(ID=20267603,Language='DE')/BusinessStates"}},"Council":{"__deferred":{"uri":"https://ws.parlament.ch/OData.svc/Business(ID=20267603,Language='DE')/Council"}},"Transcripts":{"__deferred":{"uri":"https://ws.parlament.ch/OData.svc/Business(ID=20267603,Language='DE')/Transcripts"}},"ID":20267603,"Language":"DE","BusinessShortNumber":"26.7603","BusinessType":14,"BusinessTypeName":"Fragestunde. Frage","BusinessTypeAbbreviation":"Fra.","Title":"Warum eine Senkung auf pr\u00e4zis 300.-?","Description":null,"InitialSituation":null,"Proceedings":null,"DraftText":null,"SubmittedText":"<p>Der Bundesrat hat die IP 26.3387 unvollst\u00e4ndig beantwortet: Im Entscheid vom 7.9.22 hat der BR nur die \"Eckwerte\" festgelegt.&nbsp;<br>Wie schliesst der Bundesrat aufgrund von \u00abEckwerten\u00bb auf eine Senkung von exakt 35.- auf 300.- Serafe-Abgabe?</p>","ReasonText":null,"DocumentationText":null,"MotionText":null,"FederalCouncilResponseText":"<span><p>Der Bundesrat hat den Betrag von 300 Franken so festgelegt, dass ein gleichwertiger Service public in allen Sprachregionen weiterhin gew\u00e4hrleistet ist. Damit ist jedoch auch ein Spar- und Transformationsauftrag an die SRG verbunden.</p><p>&nbsp;</p><p>Der Bundesrat hatte die Senkung der Abgabe als Antwort auf die SRG-Initiative beschlossen. Bei der Behandlung von Volksinitiativen gelten gesetzliche Fristen, an die sich der Bundesrat halten muss.</p><p>&nbsp;</p><p>Das Parlament hat sich mehrfach mit der SRG-Initiative befasst. Auch wenn der Bundesrat einen Gegenprojekt auf Verordnungsstufe erarbeitet hat, w\u00e4re es dem Parlament freigestanden, der Initiative einen direkten Gegenentwurf oder einen indirekten Gegenvorschlag gegen\u00fcberzustellen. Das Parlament h\u00e4tte damit auch die vom Bundesrat beschlossene Geb\u00fchrensenkung r\u00fcckg\u00e4ngig machen k\u00f6nnen, was aber nicht mehrheitsf\u00e4hig war.</p></span>","FederalCouncilProposal":null,"FederalCouncilProposalText":null,"FederalCouncilProposalDate":"\/Date(1781481600000)\/","SubmittedBy":"Schmezer Ueli","BusinessStatus":229,"BusinessStatusText":"Erledigt","BusinessStatusDate":"\/Date(1781538195000)\/","ResponsibleDepartment":9,"ResponsibleDepartmentName":"Departement f\u00fcr Umwelt, Verkehr, Energie und Kommunikation","ResponsibleDepartmentAbbreviation":"UVEK","IsLeadingDepartment":true,"Tags":"34|2446","Category":null,"Modified":"\/Date(1781538205123)\/","SubmissionDate":"\/Date(1781049600000)\/","SubmissionCouncil":1,"SubmissionCouncilName":"Nationalrat","SubmissionCouncilAbbreviation":"NR","SubmissionSession":5214,"SubmissionLegislativePeriod":52,"FirstCouncil1":1,"FirstCouncil1Name":"Nationalrat","FirstCouncil1Abbreviation":"NR","FirstCouncil2":null,"FirstCouncil2Name":null,"FirstCouncil2Abbreviation":null,"TagNames":"Medien und Kommunikation|Steuer"}}