{"d":{"__metadata":{"id":"https://ws.parlament.ch/OData.svc/Business(ID=20267616,Language='FR')","uri":"https://ws.parlament.ch/OData.svc/Business(ID=20267616,Language='FR')","type":"itsystems.Pd.DataServices.DataModel.Business"},"BusinessResponsibilities":{"__deferred":{"uri":"https://ws.parlament.ch/OData.svc/Business(ID=20267616,Language='FR')/BusinessResponsibilities"}},"RelatedBusinesses":{"__deferred":{"uri":"https://ws.parlament.ch/OData.svc/Business(ID=20267616,Language='FR')/RelatedBusinesses"}},"BusinessRoles":{"__deferred":{"uri":"https://ws.parlament.ch/OData.svc/Business(ID=20267616,Language='FR')/BusinessRoles"}},"Publications":{"__deferred":{"uri":"https://ws.parlament.ch/OData.svc/Business(ID=20267616,Language='FR')/Publications"}},"LegislativePeriods":{"__deferred":{"uri":"https://ws.parlament.ch/OData.svc/Business(ID=20267616,Language='FR')/LegislativePeriods"}},"Sessions":{"__deferred":{"uri":"https://ws.parlament.ch/OData.svc/Business(ID=20267616,Language='FR')/Sessions"}},"Preconsultations":{"__deferred":{"uri":"https://ws.parlament.ch/OData.svc/Business(ID=20267616,Language='FR')/Preconsultations"}},"Bills":{"__deferred":{"uri":"https://ws.parlament.ch/OData.svc/Business(ID=20267616,Language='FR')/Bills"}},"Councils":{"__deferred":{"uri":"https://ws.parlament.ch/OData.svc/Business(ID=20267616,Language='FR')/Councils"}},"BusinessTypes":{"__deferred":{"uri":"https://ws.parlament.ch/OData.svc/Business(ID=20267616,Language='FR')/BusinessTypes"}},"Votes":{"__deferred":{"uri":"https://ws.parlament.ch/OData.svc/Business(ID=20267616,Language='FR')/Votes"}},"SubjectsBusiness":{"__deferred":{"uri":"https://ws.parlament.ch/OData.svc/Business(ID=20267616,Language='FR')/SubjectsBusiness"}},"BusinessStates":{"__deferred":{"uri":"https://ws.parlament.ch/OData.svc/Business(ID=20267616,Language='FR')/BusinessStates"}},"Council":{"__deferred":{"uri":"https://ws.parlament.ch/OData.svc/Business(ID=20267616,Language='FR')/Council"}},"Transcripts":{"__deferred":{"uri":"https://ws.parlament.ch/OData.svc/Business(ID=20267616,Language='FR')/Transcripts"}},"ID":20267616,"Language":"FR","BusinessShortNumber":"26.7616","BusinessType":14,"BusinessTypeName":"Heure des questions. Question","BusinessTypeAbbreviation":"Qst.","Title":"R\u00e9vocation du statut S des criminels ukrainiens, r\u00e9alit\u00e9 ou fiction ?","Description":null,"InitialSituation":null,"Proceedings":null,"DraftText":null,"SubmittedText":"<p>Selon la statistique polici\u00e8re de la criminalit\u00e9, 1891 criminels ukrainiens ont \u00e9t\u00e9 recens\u00e9s en Suisse en 2025 (CP/LStup/LEI).&nbsp;<br>- Combien d\u2019entre eux per\u00e7oivent l\u2019aide sociale&nbsp;? Combien d\u2019entre eux ont vu leur statut de protection S leur \u00eatre retir\u00e9 par la suite&nbsp;?&nbsp;<br>- Combien de fois et pour quelles raisons le statut de protection S a-t-il \u00e9t\u00e9 r\u00e9voqu\u00e9 depuis sa mise en place&nbsp;?&nbsp;</p>","ReasonText":null,"DocumentationText":null,"MotionText":null,"FederalCouncilResponseText":"<p>La r\u00e9ponse du Conseil f\u00e9d\u00e9ral n'existe qu'en allemand. (Veuillez changer la langue en haut \u00e0 droite de la page d'accueil)</p>","FederalCouncilProposal":null,"FederalCouncilProposalText":null,"FederalCouncilProposalDate":"\/Date(1782691200000)\/","SubmittedBy":"Schmid Pascal","BusinessStatus":229,"BusinessStatusText":"Liquid\u00e9","BusinessStatusDate":"\/Date(1781539637000)\/","ResponsibleDepartment":5,"ResponsibleDepartmentName":"D\u00e9partement de justice et police","ResponsibleDepartmentAbbreviation":"DFJP","IsLeadingDepartment":true,"Tags":"1216|2811|2836","Category":null,"Modified":"\/Date(1781539651977)\/","SubmissionDate":"\/Date(1781049600000)\/","SubmissionCouncil":1,"SubmissionCouncilName":"Conseil national","SubmissionCouncilAbbreviation":"CN","SubmissionSession":5214,"SubmissionLegislativePeriod":52,"FirstCouncil1":1,"FirstCouncil1Name":"Conseil national","FirstCouncil1Abbreviation":"CN","FirstCouncil2":null,"FirstCouncil2Name":null,"FirstCouncil2Abbreviation":null,"TagNames":"Droit p\u00e9nal|Politique migratoire|Protection sociale"}}