{"d":{"__metadata":{"id":"https://ws.parlament.ch/OData.svc/Subject(ID=10012L,Language='DE')","uri":"https://ws.parlament.ch/OData.svc/Subject(ID=10012L,Language='DE')","type":"itsystems.Pd.DataServices.DataModel.Subject"},"Meetings":{"__metadata":{"id":"https://ws.parlament.ch/OData.svc/Meeting(ID=726L,Language='DE')","uri":"https://ws.parlament.ch/OData.svc/Meeting(ID=726L,Language='DE')","type":"itsystems.Pd.DataServices.DataModel.Meeting"},"Sessions":{"__deferred":{"uri":"https://ws.parlament.ch/OData.svc/Meeting(ID=726L,Language='DE')/Sessions"}},"Subjects":{"__deferred":{"uri":"https://ws.parlament.ch/OData.svc/Meeting(ID=726L,Language='DE')/Subjects"}},"ID":"726","Language":"DE","MeetingNumber":15,"IdSession":4710,"SessionNumber":10,"SessionName":"Wintersession 2005","Council":1,"CouncilName":"Nationalrat","CouncilAbbreviation":"NR","Date":"\/Date(1134691200000)\/","Begin":"0800","Modified":"\/Date(1447069954790)\/","LegislativePeriodNumber":47,"PublicationStatus":"final","MeetingOrderText":"F\u00fcnfzehnte Sitzung","SortOrder":15,"Location":"N"},"SubjectsBusiness":{"results":[{"__metadata":{"id":"https://ws.parlament.ch/OData.svc/SubjectBusiness(BusinessNumber=20040078,IdSubject=10012L,Language='DE')","uri":"https://ws.parlament.ch/OData.svc/SubjectBusiness(BusinessNumber=20040078,IdSubject=10012L,Language='DE')","type":"itsystems.Pd.DataServices.DataModel.SubjectBusiness"},"Subjects":{"__deferred":{"uri":"https://ws.parlament.ch/OData.svc/SubjectBusiness(BusinessNumber=20040078,IdSubject=10012L,Language='DE')/Subjects"}},"Businesses":{"__deferred":{"uri":"https://ws.parlament.ch/OData.svc/SubjectBusiness(BusinessNumber=20040078,IdSubject=10012L,Language='DE')/Businesses"}},"IdSubject":"10012","BusinessNumber":20040078,"Language":"DE","BusinessShortNumber":"04.078","Title":"Bundesgesetz \u00fcber den Binnenmarkt. \u00c4nderung","SortOrder":1,"PublishedNotes":"Schlussabstimmung - Vote final\n","Modified":"\/Date(1447069234963)\/","TitleDE":"Bundesgesetz\n\u00fcber den Binnenmarkt.\n\u00c4nderung","TitleFR":"Loi f\u00e9d\u00e9rale\nsur le march\u00e9 int\u00e9rieur.\nR\u00e9vision","TitleIT":null}]},"Transcripts":{"results":[{"__metadata":{"id":"https://ws.parlament.ch/OData.svc/Transcript(ID=61394L,Language='DE')","uri":"https://ws.parlament.ch/OData.svc/Transcript(ID=61394L,Language='DE')","type":"itsystems.Pd.DataServices.DataModel.Transcript"},"Subjects":{"__deferred":{"uri":"https://ws.parlament.ch/OData.svc/Transcript(ID=61394L,Language='DE')/Subjects"}},"MembersCouncil":{"__deferred":{"uri":"https://ws.parlament.ch/OData.svc/Transcript(ID=61394L,Language='DE')/MembersCouncil"}},"Businesses":{"__deferred":{"uri":"https://ws.parlament.ch/OData.svc/Transcript(ID=61394L,Language='DE')/Businesses"}},"ID":"61394","Language":"DE","IdSubject":"10012","VoteId":"2829","PersonNumber":null,"Type":2,"Text":"<pd_text><p><i>Abstimmung - Vote</i></p>\n<p>[NAM]</p>\n<p>F\u00fcr Annahme des Entwurfes .... 170 Stimmen</p>\n<p>Dagegen .... 13 Stimmen</p>\n<p>[PAGE 2001] </p>\n</pd_text>","MeetingCouncilAbbreviation":"N","MeetingDate":"20051216","MeetingVerbalixOid":1378,"IdSession":"4710","SpeakerFirstName":null,"SpeakerLastName":null,"SpeakerFullName":"","SpeakerFunction":null,"CouncilId":null,"CouncilName":null,"CantonId":null,"CantonName":null,"CantonAbbreviation":null,"ParlGroupName":null,"ParlGroupAbbreviation":null,"SortOrder":2,"Start":"\/Date(1134726451525)\/","End":"\/Date(1134726451525)\/","Function":null,"DisplaySpeaker":null,"LanguageOfText":"DE","Modified":"\/Date(1774878015807)\/","StartTimeWithTimezone":"\/Date(1134726451527+0060)\/","EndTimeWithTimezone":"\/Date(1134726451527+0060)\/","VoteBusinessNumber":20040078,"VoteBusinessShortNumber":"04.078","VoteBusinessTitle":"Bundesgesetz\n\u00fcber den Binnenmarkt.\n\u00c4nderung"},{"__metadata":{"id":"https://ws.parlament.ch/OData.svc/Transcript(ID=61395L,Language='DE')","uri":"https://ws.parlament.ch/OData.svc/Transcript(ID=61395L,Language='DE')","type":"itsystems.Pd.DataServices.DataModel.Transcript"},"Subjects":{"__deferred":{"uri":"https://ws.parlament.ch/OData.svc/Transcript(ID=61395L,Language='DE')/Subjects"}},"MembersCouncil":{"__deferred":{"uri":"https://ws.parlament.ch/OData.svc/Transcript(ID=61395L,Language='DE')/MembersCouncil"}},"Businesses":{"__deferred":{"uri":"https://ws.parlament.ch/OData.svc/Transcript(ID=61395L,Language='DE')/Businesses"}},"ID":"61395","Language":"DE","IdSubject":"10012","VoteId":null,"PersonNumber":477,"Type":1,"Text":"<pd_text><p><b>Bundesgesetz \u00fcber den Binnenmarkt </b></p>\n<p><b>Loi f\u00e9d\u00e9rale sur le march\u00e9 int\u00e9rieur </b></p>\n</pd_text>","MeetingCouncilAbbreviation":"N","MeetingDate":"20051216","MeetingVerbalixOid":1378,"IdSession":"4710","SpeakerFirstName":"Claude","SpeakerLastName":"Janiak","SpeakerFullName":"Janiak Claude","SpeakerFunction":"P-M","CouncilId":1,"CouncilName":"Nationalrat","CantonId":13,"CantonName":"Basel-Landschaft","CantonAbbreviation":"BL","ParlGroupName":"Sozialdemokratische Fraktion","ParlGroupAbbreviation":"S","SortOrder":1,"Start":"\/Date(1134726402119)\/","End":"\/Date(1134726451525)\/","Function":"P-M","DisplaySpeaker":false,"LanguageOfText":null,"Modified":"\/Date(1774878015802)\/","StartTimeWithTimezone":"\/Date(1134726402120+0060)\/","EndTimeWithTimezone":"\/Date(1134726451527+0060)\/","VoteBusinessNumber":null,"VoteBusinessShortNumber":null,"VoteBusinessTitle":null}]},"ID":"10012","Language":"DE","IdMeeting":"726","VerbalixOid":214486,"SortOrder":156,"Modified":"\/Date(1774878015799)\/"}}