{"d":{"__metadata":{"id":"https://ws.parlament.ch/OData.svc/Subject(ID=10015L,Language='DE')","uri":"https://ws.parlament.ch/OData.svc/Subject(ID=10015L,Language='DE')","type":"itsystems.Pd.DataServices.DataModel.Subject"},"Meetings":{"__metadata":{"id":"https://ws.parlament.ch/OData.svc/Meeting(ID=726L,Language='DE')","uri":"https://ws.parlament.ch/OData.svc/Meeting(ID=726L,Language='DE')","type":"itsystems.Pd.DataServices.DataModel.Meeting"},"Sessions":{"__deferred":{"uri":"https://ws.parlament.ch/OData.svc/Meeting(ID=726L,Language='DE')/Sessions"}},"Subjects":{"__deferred":{"uri":"https://ws.parlament.ch/OData.svc/Meeting(ID=726L,Language='DE')/Subjects"}},"ID":"726","Language":"DE","MeetingNumber":15,"IdSession":4710,"SessionNumber":10,"SessionName":"Wintersession 2005","Council":1,"CouncilName":"Nationalrat","CouncilAbbreviation":"NR","Date":"\/Date(1134691200000)\/","Begin":"0800","Modified":"\/Date(1447069954790)\/","LegislativePeriodNumber":47,"PublicationStatus":"final","MeetingOrderText":"F\u00fcnfzehnte Sitzung","SortOrder":15,"Location":"N"},"SubjectsBusiness":{"results":[{"__metadata":{"id":"https://ws.parlament.ch/OData.svc/SubjectBusiness(BusinessNumber=20020024,IdSubject=10015L,Language='DE')","uri":"https://ws.parlament.ch/OData.svc/SubjectBusiness(BusinessNumber=20020024,IdSubject=10015L,Language='DE')","type":"itsystems.Pd.DataServices.DataModel.SubjectBusiness"},"Subjects":{"__deferred":{"uri":"https://ws.parlament.ch/OData.svc/SubjectBusiness(BusinessNumber=20020024,IdSubject=10015L,Language='DE')/Subjects"}},"Businesses":{"__deferred":{"uri":"https://ws.parlament.ch/OData.svc/SubjectBusiness(BusinessNumber=20020024,IdSubject=10015L,Language='DE')/Businesses"}},"IdSubject":"10015","BusinessNumber":20020024,"Language":"DE","BusinessShortNumber":"02.024","Title":"Bundesgesetz \u00fcber die Ausl\u00e4nderinnen und Ausl\u00e4nder (AuG)","SortOrder":1,"PublishedNotes":"Schlussabstimmung - Vote final\n","Modified":"\/Date(1447069172210)\/","TitleDE":"Ausl\u00e4ndergesetz","TitleFR":"Loi sur les \u00e9trangers","TitleIT":null}]},"Transcripts":{"results":[{"__metadata":{"id":"https://ws.parlament.ch/OData.svc/Transcript(ID=61400L,Language='DE')","uri":"https://ws.parlament.ch/OData.svc/Transcript(ID=61400L,Language='DE')","type":"itsystems.Pd.DataServices.DataModel.Transcript"},"Subjects":{"__deferred":{"uri":"https://ws.parlament.ch/OData.svc/Transcript(ID=61400L,Language='DE')/Subjects"}},"MembersCouncil":{"__deferred":{"uri":"https://ws.parlament.ch/OData.svc/Transcript(ID=61400L,Language='DE')/MembersCouncil"}},"Businesses":{"__deferred":{"uri":"https://ws.parlament.ch/OData.svc/Transcript(ID=61400L,Language='DE')/Businesses"}},"ID":"61400","Language":"DE","IdSubject":"10015","VoteId":"2819","PersonNumber":null,"Type":2,"Text":"<pd_text><p><i>Abstimmung - Vote</i></p>\n<p>[NAM]</p>\n<p>F\u00fcr Annahme des Entwurfes .... 106 Stimmen</p>\n<p>Dagegen .... 66 Stimmen</p>\n</pd_text>","MeetingCouncilAbbreviation":"N","MeetingDate":"20051216","MeetingVerbalixOid":1378,"IdSession":"4710","SpeakerFirstName":null,"SpeakerLastName":null,"SpeakerFullName":"","SpeakerFunction":null,"CouncilId":null,"CouncilName":null,"CantonId":null,"CantonName":null,"CantonAbbreviation":null,"ParlGroupName":null,"ParlGroupAbbreviation":null,"SortOrder":8,"Start":"\/Date(1134725096150)\/","End":"\/Date(1134725096150)\/","Function":null,"DisplaySpeaker":null,"LanguageOfText":"DE","Modified":"\/Date(1774878015718)\/","StartTimeWithTimezone":"\/Date(1134725096150+0060)\/","EndTimeWithTimezone":"\/Date(1134725096150+0060)\/","VoteBusinessNumber":20020024,"VoteBusinessShortNumber":"02.024","VoteBusinessTitle":"Ausl\u00e4ndergesetz"},{"__metadata":{"id":"https://ws.parlament.ch/OData.svc/Transcript(ID=61401L,Language='DE')","uri":"https://ws.parlament.ch/OData.svc/Transcript(ID=61401L,Language='DE')","type":"itsystems.Pd.DataServices.DataModel.Transcript"},"Subjects":{"__deferred":{"uri":"https://ws.parlament.ch/OData.svc/Transcript(ID=61401L,Language='DE')/Subjects"}},"MembersCouncil":{"__deferred":{"uri":"https://ws.parlament.ch/OData.svc/Transcript(ID=61401L,Language='DE')/MembersCouncil"}},"Businesses":{"__deferred":{"uri":"https://ws.parlament.ch/OData.svc/Transcript(ID=61401L,Language='DE')/Businesses"}},"ID":"61401","Language":"DE","IdSubject":"10015","VoteId":null,"PersonNumber":477,"Type":1,"Text":"<pd_text><p><b>Bundesgesetz \u00fcber die Ausl\u00e4nderinnen und Ausl\u00e4nder </b></p>\n<p><b>Loi f\u00e9d\u00e9rale sur les \u00e9trangers </b></p>\n</pd_text>","MeetingCouncilAbbreviation":"N","MeetingDate":"20051216","MeetingVerbalixOid":1378,"IdSession":"4710","SpeakerFirstName":"Claude","SpeakerLastName":"Janiak","SpeakerFullName":"Janiak Claude","SpeakerFunction":"P-M","CouncilId":1,"CouncilName":"Nationalrat","CantonId":13,"CantonName":"Basel-Landschaft","CantonAbbreviation":"BL","ParlGroupName":"Sozialdemokratische Fraktion","ParlGroupAbbreviation":"S","SortOrder":7,"Start":"\/Date(1134725040025)\/","End":"\/Date(1134725096150)\/","Function":"P-M","DisplaySpeaker":false,"LanguageOfText":null,"Modified":"\/Date(1774878015713)\/","StartTimeWithTimezone":"\/Date(1134725040027+0060)\/","EndTimeWithTimezone":"\/Date(1134725096150+0060)\/","VoteBusinessNumber":null,"VoteBusinessShortNumber":null,"VoteBusinessTitle":null},{"__metadata":{"id":"https://ws.parlament.ch/OData.svc/Transcript(ID=61402L,Language='DE')","uri":"https://ws.parlament.ch/OData.svc/Transcript(ID=61402L,Language='DE')","type":"itsystems.Pd.DataServices.DataModel.Transcript"},"Subjects":{"__deferred":{"uri":"https://ws.parlament.ch/OData.svc/Transcript(ID=61402L,Language='DE')/Subjects"}},"MembersCouncil":{"__deferred":{"uri":"https://ws.parlament.ch/OData.svc/Transcript(ID=61402L,Language='DE')/MembersCouncil"}},"Businesses":{"__deferred":{"uri":"https://ws.parlament.ch/OData.svc/Transcript(ID=61402L,Language='DE')/Businesses"}},"ID":"61402","Language":"DE","IdSubject":"10015","VoteId":null,"PersonNumber":1146,"Type":1,"Text":"<pd_text><p>En juin 2004, avant le vote sur l'ensemble sur la loi sur les \u00e9trangers, j'avais cit\u00e9 Karl Barth. Comme je n'ai pas l'impression d'avoir \u00e9t\u00e9 entendue, vous me permettrez de r\u00e9p\u00e9ter cette citation: \"Dans l'espace qu'il occupe, un peuple ne saurait \u00eatre un mur, mais uniquement une porte. Cette porte peut \u00eatre plus ou moins largement ouverte, et elle peut m\u00eame l'\u00eatre tout \u00e0 fait. Mais en aucun cas elle ne doit \u00eatre verrouill\u00e9e, et moins encore mur\u00e9e. L'individu qui vit r\u00e9ellement au milieu de son peuple, parmi ses proches, se trouve pris dans un mouvement qui l'oriente vers les gens qui lui sont \u00e9trangers, vers les autres peuples, vers le monde.\"</p>\n<p>Avec la loi sur les \u00e9trangers et la loi sur l'asile, vous avez mur\u00e9 la porte; vous l'avez verrouill\u00e9e. Ce sont des lois que je qualifierai d'autistes. La majorit\u00e9 au Parlement s'enferme elle-m\u00eame \u00e0 l'int\u00e9rieur de ce mur qu'elle construit contre l'ext\u00e9rieur. Elle pr\u00e9tend \u00e9liminer toute la r\u00e9alit\u00e9 humaine des immigrations traditionnelles en Suisse: celle de Turquie, celle d'ex-Yougoslavie, les 100 000 sans-papiers officiellement recens\u00e9s. Elle pr\u00e9tend \u00e9liminer la dure r\u00e9alit\u00e9 des requ\u00e9rants d'asile du monde dans lequel nous sommes.</p>\n<p>\"Loi contre les \u00e9trangers\", avions-nous dit lors du d\u00e9bat d'entr\u00e9e en mati\u00e8re, l'\u00e9volution des choses a d\u00e9pass\u00e9 nos pires craintes: loi contre les \u00e9trangers, loi contre l'asile - lois contre la Suisse et contre les Suisses aussi. Contre ceux qui, comme Karl Barth l'a dit, sont pris dans le mouvement qui les oriente vers les gens qui leur sont a priori \u00e9trangers, qui les oriente vers les autres peuples, vers le monde.</p>\n<p>\"A gauche toute/Links!\" s'associe activement aux deux r\u00e9f\u00e9rendums qui vont \u00eatre lanc\u00e9s, r\u00e9f\u00e9rendums indispensables \u00e0 la dignit\u00e9 de ce pays.</p>\n</pd_text>","MeetingCouncilAbbreviation":"N","MeetingDate":"20051216","MeetingVerbalixOid":1378,"IdSession":"4710","SpeakerFirstName":"Marianne","SpeakerLastName":"Huguenin","SpeakerFullName":"Huguenin Marianne","SpeakerFunction":"Mit-F","CouncilId":1,"CouncilName":"Nationalrat","CantonId":22,"CantonName":"Waadt","CantonAbbreviation":"VD","ParlGroupName":"Fraktionslos","ParlGroupAbbreviation":"FRAKTIONSLOS","SortOrder":6,"Start":"\/Date(1134724922510)\/","End":"\/Date(1134725040025)\/","Function":"Mit-F","DisplaySpeaker":true,"LanguageOfText":"FR","Modified":"\/Date(1774878015710)\/","StartTimeWithTimezone":"\/Date(1134724922510+0060)\/","EndTimeWithTimezone":"\/Date(1134725040027+0060)\/","VoteBusinessNumber":null,"VoteBusinessShortNumber":null,"VoteBusinessTitle":null},{"__metadata":{"id":"https://ws.parlament.ch/OData.svc/Transcript(ID=61403L,Language='DE')","uri":"https://ws.parlament.ch/OData.svc/Transcript(ID=61403L,Language='DE')","type":"itsystems.Pd.DataServices.DataModel.Transcript"},"Subjects":{"__deferred":{"uri":"https://ws.parlament.ch/OData.svc/Transcript(ID=61403L,Language='DE')/Subjects"}},"MembersCouncil":{"__deferred":{"uri":"https://ws.parlament.ch/OData.svc/Transcript(ID=61403L,Language='DE')/MembersCouncil"}},"Businesses":{"__deferred":{"uri":"https://ws.parlament.ch/OData.svc/Transcript(ID=61403L,Language='DE')/Businesses"}},"ID":"61403","Language":"DE","IdSubject":"10015","VoteId":null,"PersonNumber":1065,"Type":1,"Text":"<pd_text><p>Une derni\u00e8re fois, \u00e0 la fin des longs travaux sur la loi sur les \u00e9trangers, le groupe des Verts vous invite \u00e0 rejeter cette loi: cette loi qui ferme quasiment [PAGE 1997] aux ressortissantes et ressortissants venant de pays hors de l'Union europ\u00e9enne l'acc\u00e8s \u00e0 notre pays; cette nouvelle loi qui accro\u00eet la pr\u00e9carit\u00e9 de 700 000 \u00e9trangers qui vivent et travaillent en Suisse en limitant le regroupement familial et l'obtention du permis d'\u00e9tablissement; cette nouvelle loi qui jette la suspicion sur les couples binationaux; cette nouvelle loi qui permet d'enfermer jusqu'\u00e0 deux ans dans des prisons suisses des personnes qui n'ont commis aucun d\u00e9lit; cette nouvelle loi qui refuse de prendre en compte la pr\u00e9sence des sans-papiers, toute solution de r\u00e9gularisation et qui fait perdurer une des plus grandes hypocrisies dans notre pays. La majorit\u00e9 au Parlement fait fausse route en soutenant cette loi qui va cr\u00e9er beaucoup plus de probl\u00e8mes dans notre pays qu'elle n'en r\u00e9soudra.</p>\n<p>Je vous invite \u00e0 rejeter la loi sur les \u00e9trangers, comme je vous invite \u00e0 rejeter la loi sur l'asile.</p>\n<p>Les Verts combattront d'une mati\u00e8re d\u00e9termin\u00e9e les deux \"lex Blocher\" par le r\u00e9f\u00e9rendum.</p>\n</pd_text>","MeetingCouncilAbbreviation":"N","MeetingDate":"20051216","MeetingVerbalixOid":1378,"IdSession":"4710","SpeakerFirstName":"Ueli","SpeakerLastName":"Leuenberger","SpeakerFullName":"Leuenberger Ueli","SpeakerFunction":"Mit-M","CouncilId":1,"CouncilName":"Nationalrat","CantonId":25,"CantonName":"Genf","CantonAbbreviation":"GE","ParlGroupName":"Gr\u00fcne Fraktion","ParlGroupAbbreviation":"G","SortOrder":5,"Start":"\/Date(1134724815463)\/","End":"\/Date(1134724922510)\/","Function":"Mit-M","DisplaySpeaker":true,"LanguageOfText":"FR","Modified":"\/Date(1774878015707)\/","StartTimeWithTimezone":"\/Date(1134724815463+0060)\/","EndTimeWithTimezone":"\/Date(1134724922510+0060)\/","VoteBusinessNumber":null,"VoteBusinessShortNumber":null,"VoteBusinessTitle":null},{"__metadata":{"id":"https://ws.parlament.ch/OData.svc/Transcript(ID=61404L,Language='DE')","uri":"https://ws.parlament.ch/OData.svc/Transcript(ID=61404L,Language='DE')","type":"itsystems.Pd.DataServices.DataModel.Transcript"},"Subjects":{"__deferred":{"uri":"https://ws.parlament.ch/OData.svc/Transcript(ID=61404L,Language='DE')/Subjects"}},"MembersCouncil":{"__deferred":{"uri":"https://ws.parlament.ch/OData.svc/Transcript(ID=61404L,Language='DE')/MembersCouncil"}},"Businesses":{"__deferred":{"uri":"https://ws.parlament.ch/OData.svc/Transcript(ID=61404L,Language='DE')/Businesses"}},"ID":"61404","Language":"DE","IdSubject":"10015","VoteId":null,"PersonNumber":471,"Type":1,"Text":"<pd_text><p>Wir ordnen das Asyl- und das Ausl\u00e4ndergesetz in die gesamte Migrationspolitik der FDP ein. Diese Migrationspolitik basiert auf vier Pfeilern: </p>\n<p>1. auf der Personenfreiz\u00fcgigkeit innerhalb Europas;</p>\n<p>2. auf dem revidierten Ausl\u00e4ndergesetz, das ja die Ausl\u00e4nderpolitik gegen\u00fcber Drittstaaten sowie die Integration in der Schweiz regelt;</p>\n<p>3. auf dem verst\u00e4rkten Engagement f\u00fcr die Friedenssicherung an Krisenorten und einer verst\u00e4rkten Ausrichtung der Entwicklungszusammenarbeit auf die Migrationsproblematik; sowie </p>\n<p>4. auf der Asylpolitik.</p>\n<p>Die FDP-Fraktion bekennt sich zur humanit\u00e4ren Tradition und respektiert die verfassungs- und v\u00f6lkerrechtlichen Verpflichtungen der Schweiz. Deshalb hat sie sich z. B. auch dagegen gewandt, dass die Nothilfe, die in Artikel 12 der Bundesverfassung verankert ist, verweigert, eingeschr\u00e4nkt oder an rechtlich unzul\u00e4ssige Bedingungen gekn\u00fcpft wird. Des Weiteren betont die FDP-Fraktion, dass am Schutz der tats\u00e4chlich Schutzbed\u00fcrftigen in keiner Weise ger\u00fcttelt werden soll. Sie ist der Auffassung, dass mit dem revidierten Asylgesetz der Vollzug auf verfassungs- und v\u00f6lkerrechtskonforme Weise verbessert wird und Missbr\u00e4uche verhindert werden k\u00f6nnen.</p>\n<p>Der Bundesrat ist in der Pflicht, f\u00fcr eine menschenrechtskonforme Umsetzung des Gesetzes zu sorgen. Die Massnahmen zielen darauf ab, rechtsstaatlich getroffene Entscheide auch wirklich durchzusetzen. Die Massnahmen sind insbesondere f\u00fcr die Kantone und die St\u00e4dte wichtig, damit diese ihre Aufgaben wahrnehmen k\u00f6nnen.</p>\n<p>Die Revision beinhaltet auch repressive Massnahmen. Aufgrund der offensichtlichen Vollzugsprobleme sind diese Massnahmen aber notwendig. Eine rein karitative Asylpolitik w\u00fcrde bedeuten, die Augen vor den realen Problemen zu verschliessen. Genau dies tun aber diejenigen, die bereits heute mit dem Referendum gegen das Asylgesetz drohen. Zudem sind, wie Sie wissen, viele der Bestimmungen im Vollzugsbereich in beiden Gesetzen verankert, was konsequenterweise ein doppeltes Referendum erfordern w\u00fcrde.</p>\n<p>Die Respektierung des Rechtsstaates ist ein urliberales Anliegen. Liberal sein heisst auch, dem Rechtsstaat Nachachtung zu verschaffen.</p>\n<p>Die Neuerungen im Asylgesetz verfolgen genau dieses Ziel, weshalb die FDP-Fraktion diese Revision unterst\u00fctzt.</p>\n</pd_text>","MeetingCouncilAbbreviation":"N","MeetingDate":"20051216","MeetingVerbalixOid":1378,"IdSession":"4710","SpeakerFirstName":"Felix","SpeakerLastName":"Gutzwiller","SpeakerFullName":"Gutzwiller Felix","SpeakerFunction":"Mit-M","CouncilId":1,"CouncilName":"Nationalrat","CantonId":1,"CantonName":"Z\u00fcrich","CantonAbbreviation":"ZH","ParlGroupName":"Freisinnig-demokratische Fraktion","ParlGroupAbbreviation":"RL","SortOrder":4,"Start":"\/Date(1134724627713)\/","End":"\/Date(1134724815463)\/","Function":"Mit-M","DisplaySpeaker":true,"LanguageOfText":"DE","Modified":"\/Date(1774878015704)\/","StartTimeWithTimezone":"\/Date(1134724627713+0060)\/","EndTimeWithTimezone":"\/Date(1134724815463+0060)\/","VoteBusinessNumber":null,"VoteBusinessShortNumber":null,"VoteBusinessTitle":null},{"__metadata":{"id":"https://ws.parlament.ch/OData.svc/Transcript(ID=61405L,Language='DE')","uri":"https://ws.parlament.ch/OData.svc/Transcript(ID=61405L,Language='DE')","type":"itsystems.Pd.DataServices.DataModel.Transcript"},"Subjects":{"__deferred":{"uri":"https://ws.parlament.ch/OData.svc/Transcript(ID=61405L,Language='DE')/Subjects"}},"MembersCouncil":{"__deferred":{"uri":"https://ws.parlament.ch/OData.svc/Transcript(ID=61405L,Language='DE')/MembersCouncil"}},"Businesses":{"__deferred":{"uri":"https://ws.parlament.ch/OData.svc/Transcript(ID=61405L,Language='DE')/Businesses"}},"ID":"61405","Language":"DE","IdSubject":"10015","VoteId":null,"PersonNumber":1106,"Type":1,"Text":"<pd_text><p>Die CVP-Fraktion wird der Asyl- und der Ausl\u00e4ndergesetzrevision mehrheitlich zustimmen. Diese Revisionen erf\u00fcllen im Grossen und Ganzen die Forderungen der CVP in der Migrationspolitik, namentlich eine kontrollierte Zuwanderung, integrierte Zugewanderte und die Bek\u00e4mpfung von Missbr\u00e4uchen. Eine kontrollierte Zuwanderung erreichen wir einerseits durch die Beseitigung des Anreizes, l\u00e4nger als n\u00f6tig in der Schweiz zu bleiben, anderseits auch durch schnellere Verfahren. Beim Asylgesetz sind vor allem die Ausweitung des Sozialhilfestopps, das verbesserte Flughafenverfahren sowie die beschleunigte Papierbeschaffung zu nennen.</p>\n<p>Beim Ausl\u00e4ndergesetz ist der Vorrang von Inl\u00e4ndern und von Staatsangeh\u00f6rigen von L\u00e4ndern, mit denen ein Freiz\u00fcgigkeitsabkommen abgeschlossen wurde, zentral. Zur Integration beitragen werden die im Asylgesetz vorgesehene neue H\u00e4rtefallregelung f\u00fcr eine Aufenthaltsbewilligung, die erleichterte Arbeitsaufnahme und der Familiennachzug von vorl\u00e4ufig Aufgenommenen nach drei Jahren. Beim Ausl\u00e4ndergesetz ist auf die allgemein verst\u00e4rkte Bedeutung der Integration hinzuweisen. In den Bereich der Missbrauchsbek\u00e4mpfung fallen die Verl\u00e4ngerung der Maximaldauer der Ausschaffungshaft und die neugeschaffene Durchsetzungshaft sowie die Abgabe von Reise- und Identit\u00e4tspapieren beim Stellen des Asylgesuches.</p>\n<p>Die CVP-Fraktion ist aber auch zufrieden damit, dass verschiedene Massnahmen nicht ins Gesetz aufgenommen worden sind, z. B. geschlossene Gemeinschaftsunterk\u00fcnfte f\u00fcr renitente Asylbewerber, der Entzug oder die Einschr\u00e4nkung der Nothilfe und die Einschr\u00e4nkung der Pflichtleistungen der Krankenversicherer auf Notmassnahmen.</p>\n<p>Schliesslich begr\u00fcsst die CVP-Fraktion, dass als Voraussetzung f\u00fcr die vorl\u00e4ufige Aufnahme lediglich eine konkrete Gef\u00e4hrdung im Herkunftsstaat und nicht eine konkrete Gef\u00e4hrdung in der Existenz des Gesuchstellers gegeben sein muss.</p>\n<p>Die Frage der Werte hat in unserer Fraktion zu einer eingehenden Diskussion gef\u00fchrt. Denn wir alle wissen, dass wir als Politikerinnen und Politiker nicht ohne gesellschaftliche Grunds\u00e4tze und Vorstellungen auskommen, die den eigenen Gestaltungsauftrag rechtfertigen. Eine Minderheit der Fraktion ist der Meinung, dass auch nach den eingebrachten Verbesserungen der W\u00fcrde des Menschen und dem Gedanken der Gerechtigkeit, zwei Grundpfeilern der christlichen Ethik, noch zu wenig Beachtung geschenkt wurde. Sie wird sich daher der Stimme enthalten.</p>\n<p>Insgesamt ist jedoch die Mehrheit der CVP-Fraktion \u00fcberzeugt, ein ausgewogenes Gesetz vor sich zu haben, welches auf die heutigen Anforderungen im Asylwesen eine gute Antwort gibt und verfassungskonform ist.</p>\n</pd_text>","MeetingCouncilAbbreviation":"N","MeetingDate":"20051216","MeetingVerbalixOid":1378,"IdSession":"4710","SpeakerFirstName":"Brigitte","SpeakerLastName":"H\u00e4berli-Koller","SpeakerFullName":"H\u00e4berli-Koller Brigitte","SpeakerFunction":"Mit-F","CouncilId":1,"CouncilName":"Nationalrat","CantonId":20,"CantonName":"Thurgau","CantonAbbreviation":"TG","ParlGroupName":"Christlichdemokratische Fraktion","ParlGroupAbbreviation":"M-E","SortOrder":3,"Start":"\/Date(1134724414635)\/","End":"\/Date(1134724627713)\/","Function":"Mit-F","DisplaySpeaker":true,"LanguageOfText":"DE","Modified":"\/Date(1774878015698)\/","StartTimeWithTimezone":"\/Date(1134724414637+0060)\/","EndTimeWithTimezone":"\/Date(1134724627713+0060)\/","VoteBusinessNumber":null,"VoteBusinessShortNumber":null,"VoteBusinessTitle":null},{"__metadata":{"id":"https://ws.parlament.ch/OData.svc/Transcript(ID=61406L,Language='DE')","uri":"https://ws.parlament.ch/OData.svc/Transcript(ID=61406L,Language='DE')","type":"itsystems.Pd.DataServices.DataModel.Transcript"},"Subjects":{"__deferred":{"uri":"https://ws.parlament.ch/OData.svc/Transcript(ID=61406L,Language='DE')/Subjects"}},"MembersCouncil":{"__deferred":{"uri":"https://ws.parlament.ch/OData.svc/Transcript(ID=61406L,Language='DE')/MembersCouncil"}},"Businesses":{"__deferred":{"uri":"https://ws.parlament.ch/OData.svc/Transcript(ID=61406L,Language='DE')/Businesses"}},"ID":"61406","Language":"DE","IdSubject":"10015","VoteId":null,"PersonNumber":331,"Type":1,"Text":"<pd_text><p>Ich spreche im Namen der SP-Fraktion. Das vorliegende Ausl\u00e4ndergesetz ist kein Ruhmesblatt f\u00fcr unser Land. Es ist gepr\u00e4gt vom Geist \u00e4ngstlicher Abwehr gegen alles Fremde, insbesondere gegen\u00fcber Menschen aus Nicht-EU-Staaten. Es ist realit\u00e4tsfremd, und es ist eine verpasste Chance.</p>\n<p>1. Die urspr\u00fcngliche Idee des Bundesrates war: Wir setzen hohe H\u00fcrden f\u00fcr die Einwanderung, aber wenn die Leute einmal da sind, sollen sie den Einheimischen m\u00f6glichst gleichgestellt sein. Von dieser Idee ist nichts mehr \u00fcbrig. Nur die hohen H\u00fcrden wurden beibehalten. Aus Nicht-EU-Staaten d\u00fcrfen nur Leute kommen, die hochqualifiziert sind.</p>\n<p>2. Die Bestimmungen \u00fcber den Familiennachzug sind realit\u00e4tsfremd. Sie tragen den Bed\u00fcrfnissen der Betroffenen in keiner Weise Rechnung. Nicht ber\u00fccksichtigt sind auch die Interessen von binationalen Paaren, also Schweizerinnen, die mit Ausl\u00e4ndern, und Schweizern, die mit Ausl\u00e4nderinnen verheiratet sind. Die Eheschliessungen dieser binationalen Paare machen bald die H\u00e4lfte aller Eheschliessungen aus. Im Weiteren sind EU-B\u00fcrgerinnen und -B\u00fcrger in diesem Gesetz besser gestellt als Schweizerinnen und Schweizer.</p>\n<p>Nicht ber\u00fccksichtigt ist auch die Realit\u00e4t der grossen Zahl von \"sans-papiers\", die bei uns leben und arbeiten.</p>\n<p>3. Mit diesem Gesetz verpassen wir eine ganz grosse Chance. Wir zeigen den hier lebenden Migrantinnen und Migranten in keiner Weise, dass wir froh sind, dass sie da sind. Unser Land ist existenziell auf die Migrantinnen und Migranten angewiesen. Sie leisten tagt\u00e4glich Grosses im Gastgewerbe, in der Bauwirtschaft, im Gesundheitswesen, in der Landwirtschaft, in der Wissenschaft. Viele haben dazu beigetragen, dass die Schweiz in der Welt einen guten Namen hat. Stellvertretend f\u00fcr viele zitiere ich Ihnen drei Namen: Philippe Suchard, Nicolas Hayek und - f\u00fcr die Sportbegeisterten unter Ihnen - Martina Hingis.</p>\n<p>Zusammenfassend ist festzuhalten, dass dieses Gesetz das Ergebnis \u00e4ngstlicher Erbsenz\u00e4hlerei und Ausdruck eines fehlenden Selbstbewusstseins von uns Schweizerinnen und Schweizern ist. Unser Land hat Besseres verdient als dieses Gesetz, und unsere Migrantinnen und Migranten auch.</p>\n<p>Deshalb wird die SP-Fraktion dieses Gesetz ablehnen und das Referendum unterst\u00fctzen.</p>\n</pd_text>","MeetingCouncilAbbreviation":"N","MeetingDate":"20051216","MeetingVerbalixOid":1378,"IdSession":"4710","SpeakerFirstName":"Vreni","SpeakerLastName":"Hubmann","SpeakerFullName":"Hubmann Vreni","SpeakerFunction":"Mit-F","CouncilId":1,"CouncilName":"Nationalrat","CantonId":1,"CantonName":"Z\u00fcrich","CantonAbbreviation":"ZH","ParlGroupName":"Sozialdemokratische Fraktion","ParlGroupAbbreviation":"S","SortOrder":2,"Start":"\/Date(1134724175572)\/","End":"\/Date(1134724414635)\/","Function":"Mit-F","DisplaySpeaker":true,"LanguageOfText":"DE","Modified":"\/Date(1774878015692)\/","StartTimeWithTimezone":"\/Date(1134724175573+0060)\/","EndTimeWithTimezone":"\/Date(1134724414637+0060)\/","VoteBusinessNumber":null,"VoteBusinessShortNumber":null,"VoteBusinessTitle":null},{"__metadata":{"id":"https://ws.parlament.ch/OData.svc/Transcript(ID=61407L,Language='DE')","uri":"https://ws.parlament.ch/OData.svc/Transcript(ID=61407L,Language='DE')","type":"itsystems.Pd.DataServices.DataModel.Transcript"},"Subjects":{"__deferred":{"uri":"https://ws.parlament.ch/OData.svc/Transcript(ID=61407L,Language='DE')/Subjects"}},"MembersCouncil":{"__deferred":{"uri":"https://ws.parlament.ch/OData.svc/Transcript(ID=61407L,Language='DE')/MembersCouncil"}},"Businesses":{"__deferred":{"uri":"https://ws.parlament.ch/OData.svc/Transcript(ID=61407L,Language='DE')/Businesses"}},"ID":"61407","Language":"DE","IdSubject":"10015","VoteId":null,"PersonNumber":797,"Type":1,"Text":"<pd_text><p>Ich werde mich vor den Schlussabstimmungen zum Ausl\u00e4ndergesetz wie auch zum Asylgesetz nur einmal zu Wort melden.</p>\n<p>Je nach Betrachtungsweise k\u00f6nnen wir diese Gesetzes\u00e4nderungen nun als bissigen Pitbull oder als wohlt\u00e4tigen Bernhardiner sehen. Ich m\u00f6chte aber sagen: Diese Gesetzes\u00e4nderungen sind nicht in der \"Session der Kampfhunde\" geboren. Die Verhandlungen haben sich immerhin \u00fcber etwa drei Jahre hingezogen, und dabei kam das ganze Spektrum zum Ausdruck: von der Ausl\u00e4nderfeindlichkeit bis zum Helfersyndrom. Auch ein Wechsel an der Departementsspitze hat stattgefunden. </p>\n<p>Es ist das Verdienst der Mitteparteien, dass die Situation deblockiert wurde und nun eine L\u00f6sung vorliegt. Die EVP/EDU-Fraktion anerkennt, dass Missst\u00e4nde behoben werden, dass aber die humanit\u00e4re Tradition der Schweiz und die Menschenw\u00fcrde hochgehalten werden. Der Rechtsstaatlichkeit wird Nachachtung verschafft, Verfahren werden effizienter, Bedingungen klarer. Die vorl\u00e4ufige Aufnahme ist klar verbessert worden, und die Notwendigkeit der Integration bei l\u00e4ngerem Aufenthalt wurde erkannt, z. B. mit der M\u00f6glichkeit einer Erwerbst\u00e4tigkeit. </p>\n<p>Wir bedauern jedoch, dass die nichtstaatliche Verfolgung im Gesetz nicht Aufnahme gefunden hat, dass das Risiko einer Abweisung von papierlosen echten Fl\u00fcchtlingen nicht ausger\u00e4umt ist, dass bei der R\u00fcckf\u00fchrung ein Restrisiko f\u00fcr lebensbedrohliche Situationen bleibt. Wir finden auch, dass man bei der Behandlung von H\u00e4rtef\u00e4llen grossz\u00fcgiger sein k\u00f6nnte und dass die Kritik von UNHCR, Kirchen und Fl\u00fcchtlingsorganisationen nicht vollst\u00e4ndig ausger\u00e4umt wurde.</p>\n<p>Mit der Verabschiedung der beiden Gesetze und der Volksabstimmung sind die Aufgaben noch nicht gel\u00f6st. Wir sehen deshalb vier Punkte, in denen weiterhin Handlungsbedarf besteht: </p>\n<p>1. Das Problem des illegalen Aufenthalts muss aktiv angegangen werden: Man darf das Thema \"sans-papiers\" nicht einfach liegen lassen.</p>\n<p>2. Menschenrechte und V\u00f6lkerrecht sind in jedem Fall zu respektieren.</p>\n<p>3. Wir fordern einen menschenw\u00fcrdigen Vollzug, das heisst: keine Deals, also keine Entwicklungsprogramme auf Regierungsebene gegen R\u00fcckf\u00fchrungsbereitschaft. [PAGE 1996] </p>\n<p>4. Wir fordern auch nochmals ein, dass flankierende Massnahmen in der Entwicklungszusammenarbeit und in der Armutsbek\u00e4mpfung nicht umgangen werden.</p>\n<p>Unsere Fraktion stimmt grossmehrheitlich f\u00fcr diese Gesetzes\u00e4nderungen.</p>\n</pd_text>","MeetingCouncilAbbreviation":"N","MeetingDate":"20051216","MeetingVerbalixOid":1378,"IdSession":"4710","SpeakerFirstName":"Walter","SpeakerLastName":"Donz\u00e9","SpeakerFullName":"Donz\u00e9 Walter","SpeakerFunction":"Mit-M","CouncilId":1,"CouncilName":"Nationalrat","CantonId":2,"CantonName":"Bern","CantonAbbreviation":"BE","ParlGroupName":"EVP/EDU Fraktion","ParlGroupAbbreviation":"E","SortOrder":1,"Start":"\/Date(1134723952322)\/","End":"\/Date(1134724175572)\/","Function":"Mit-M","DisplaySpeaker":true,"LanguageOfText":"DE","Modified":"\/Date(1774878015686)\/","StartTimeWithTimezone":"\/Date(1134723952323+0060)\/","EndTimeWithTimezone":"\/Date(1134724175573+0060)\/","VoteBusinessNumber":null,"VoteBusinessShortNumber":null,"VoteBusinessTitle":null}]},"ID":"10015","Language":"DE","IdMeeting":"726","VerbalixOid":214446,"SortOrder":149,"Modified":"\/Date(1774878015680)\/"}}