{"d":{"__metadata":{"id":"https://ws.parlament.ch/OData.svc/Subject(ID=10188L,Language='DE')","uri":"https://ws.parlament.ch/OData.svc/Subject(ID=10188L,Language='DE')","type":"itsystems.Pd.DataServices.DataModel.Subject"},"Meetings":{"__metadata":{"id":"https://ws.parlament.ch/OData.svc/Meeting(ID=737L,Language='DE')","uri":"https://ws.parlament.ch/OData.svc/Meeting(ID=737L,Language='DE')","type":"itsystems.Pd.DataServices.DataModel.Meeting"},"Sessions":{"__deferred":{"uri":"https://ws.parlament.ch/OData.svc/Meeting(ID=737L,Language='DE')/Sessions"}},"Subjects":{"__deferred":{"uri":"https://ws.parlament.ch/OData.svc/Meeting(ID=737L,Language='DE')/Subjects"}},"ID":"737","Language":"DE","MeetingNumber":12,"IdSession":4710,"SessionNumber":10,"SessionName":"Wintersession 2005","Council":2,"CouncilName":"St\u00e4nderat","CouncilAbbreviation":"SR","Date":"\/Date(1134604800000)\/","Begin":"0800","Modified":"\/Date(1447069958683)\/","LegislativePeriodNumber":47,"PublicationStatus":"final","MeetingOrderText":"Zw\u00f6lfte Sitzung","SortOrder":12,"Location":"S"},"SubjectsBusiness":{"results":[{"__metadata":{"id":"https://ws.parlament.ch/OData.svc/SubjectBusiness(BusinessNumber=20050047,IdSubject=10188L,Language='DE')","uri":"https://ws.parlament.ch/OData.svc/SubjectBusiness(BusinessNumber=20050047,IdSubject=10188L,Language='DE')","type":"itsystems.Pd.DataServices.DataModel.SubjectBusiness"},"Subjects":{"__deferred":{"uri":"https://ws.parlament.ch/OData.svc/SubjectBusiness(BusinessNumber=20050047,IdSubject=10188L,Language='DE')/Subjects"}},"Businesses":{"__deferred":{"uri":"https://ws.parlament.ch/OData.svc/SubjectBusiness(BusinessNumber=20050047,IdSubject=10188L,Language='DE')/Businesses"}},"IdSubject":"10188","BusinessNumber":20050047,"Language":"DE","BusinessShortNumber":"05.047","Title":"Voranschlag 2006","SortOrder":1,"PublishedNotes":"Differenzen - Divergences\n","Modified":"\/Date(1447069263793)\/","TitleDE":"Voranschlag der Eidgenossenschaft 2006","TitleFR":"Budget de la Conf\u00e9d\u00e9ration 2006","TitleIT":null}]},"Transcripts":{"results":[{"__metadata":{"id":"https://ws.parlament.ch/OData.svc/Transcript(ID=62412L,Language='DE')","uri":"https://ws.parlament.ch/OData.svc/Transcript(ID=62412L,Language='DE')","type":"itsystems.Pd.DataServices.DataModel.Transcript"},"Subjects":{"__deferred":{"uri":"https://ws.parlament.ch/OData.svc/Transcript(ID=62412L,Language='DE')/Subjects"}},"MembersCouncil":{"__deferred":{"uri":"https://ws.parlament.ch/OData.svc/Transcript(ID=62412L,Language='DE')/MembersCouncil"}},"Businesses":{"__deferred":{"uri":"https://ws.parlament.ch/OData.svc/Transcript(ID=62412L,Language='DE')/Businesses"}},"ID":"62412","Language":"DE","IdSubject":"10188","VoteId":null,"PersonNumber":277,"Type":1,"Text":"<pd_text><p><i>Abstimmung - Vote</i></p>\n<p>F\u00fcr den Antrag der Mehrheit .... 30 Stimmen</p>\n<p>F\u00fcr den Antrag der Minderheit .... 6 Stimmen</p>\n</pd_text>","MeetingCouncilAbbreviation":"S","MeetingDate":"20051215","MeetingVerbalixOid":1390,"IdSession":"4710","SpeakerFirstName":"Peter","SpeakerLastName":"Bieri","SpeakerFullName":"Bieri Peter","SpeakerFunction":"1VP-M","CouncilId":2,"CouncilName":"St\u00e4nderat","CantonId":9,"CantonName":"Zug","CantonAbbreviation":"ZG","ParlGroupName":"Christlichdemokratische Fraktion","ParlGroupAbbreviation":"M-E","SortOrder":4,"Start":"\/Date(1134638554790)\/","End":"\/Date(1134638621167)\/","Function":"1VP-M","DisplaySpeaker":false,"LanguageOfText":null,"Modified":"\/Date(1510849654403)\/","StartTimeWithTimezone":"\/Date(1134638554790+0060)\/","EndTimeWithTimezone":"\/Date(1134638621167+0060)\/","VoteBusinessNumber":null,"VoteBusinessShortNumber":null,"VoteBusinessTitle":null},{"__metadata":{"id":"https://ws.parlament.ch/OData.svc/Transcript(ID=62413L,Language='DE')","uri":"https://ws.parlament.ch/OData.svc/Transcript(ID=62413L,Language='DE')","type":"itsystems.Pd.DataServices.DataModel.Transcript"},"Subjects":{"__deferred":{"uri":"https://ws.parlament.ch/OData.svc/Transcript(ID=62413L,Language='DE')/Subjects"}},"MembersCouncil":{"__deferred":{"uri":"https://ws.parlament.ch/OData.svc/Transcript(ID=62413L,Language='DE')/MembersCouncil"}},"Businesses":{"__deferred":{"uri":"https://ws.parlament.ch/OData.svc/Transcript(ID=62413L,Language='DE')/Businesses"}},"ID":"62413","Language":"DE","IdSubject":"10188","VoteId":null,"PersonNumber":371,"Type":1,"Text":"<pd_text><p>Je souhaiterais, en prolongement de la r\u00e9flexion que vient de faire le pr\u00e9sident de la commission, dire deux mots sur le processus et sur la mani\u00e8re de traiter les divergences dans la proc\u00e9dure budg\u00e9taire, jusqu'au terme des op\u00e9rations. Le rejet de la proposition de la Conf\u00e9rence de conciliation m'est inspir\u00e9 par le souci de d\u00e9montrer qu'il y a urgence \u00e0 r\u00e9former la proc\u00e9dure que nous employons pour \u00e9tablir le budget.</p>\n<p>La proc\u00e9dure qui est employ\u00e9e incite les gens \u00e0 faire preuve d'intransigeance. Pour parler un peu plus clairement: le DDPS, qui a soutenu jusqu'au bout son point de vue, obtient, au terme de la proc\u00e9dure, un compromis - ce que vous appelez en allemand \"ein fauler Kompromiss\" - qui revient simplement \u00e0 dire que, pour avoir la paix et en finir, \u00e0 un certain moment, on partage la poire en deux et puis on arr\u00eate la discussion - pas tellement par conviction, mais par lassitude.</p>\n<p>Imaginons que d'autres d\u00e9partements aient eu le m\u00eame ent\u00eatement, qu'ils aient dit eux aussi: \"Il n'y a rien \u00e0 faire! Nous avons besoin de cette d\u00e9pense, c'est capital: il y a des projets auxquels nous ne pouvons pas renoncer\", alors nous serions arriv\u00e9s au bout de la proc\u00e9dure budg\u00e9taire avec cinq, six, sept ou huit rubriques pour lesquelles, de guerre lasse, on aurait dit: \"Il faut trouver une solution: on coupe la poire en deux.\" Cela, ce n'est pas de la politique budg\u00e9taire.</p>\n<p>Mon rejet ne vise pas tant le domaine consid\u00e9r\u00e9 que la fameuse r\u00e8gle qui veut qu'on dise: \"Au terme de la proc\u00e9dure, c'est le montant le plus bas qui s'applique\", car cette proc\u00e9dure conduit \u00e0 des comportements tactiques qui n'ont rien \u00e0 voir avec une politique budg\u00e9taire digne de ce nom et qui, de plus, constituent une prime \u00e0 l'ent\u00eatement.</p>\n<p>C'est dans ce sens que je vous propose, au nom de la minorit\u00e9, de rejeter la proposition de la Conf\u00e9rence de conciliation.</p>\n</pd_text>","MeetingCouncilAbbreviation":"S","MeetingDate":"20051215","MeetingVerbalixOid":1390,"IdSession":"4710","SpeakerFirstName":"Pierre-Alain","SpeakerLastName":"Gentil","SpeakerFullName":"Gentil Pierre-Alain","SpeakerFunction":"Mit-M","CouncilId":2,"CouncilName":"St\u00e4nderat","CantonId":26,"CantonName":"Jura","CantonAbbreviation":"JU","ParlGroupName":"Sozialdemokratische Fraktion","ParlGroupAbbreviation":"S","SortOrder":3,"Start":"\/Date(1134638402823)\/","End":"\/Date(1134638554790)\/","Function":"Mit-M","DisplaySpeaker":true,"LanguageOfText":"FR","Modified":"\/Date(1510849654403)\/","StartTimeWithTimezone":"\/Date(1134638402823+0060)\/","EndTimeWithTimezone":"\/Date(1134638554790+0060)\/","VoteBusinessNumber":null,"VoteBusinessShortNumber":null,"VoteBusinessTitle":null},{"__metadata":{"id":"https://ws.parlament.ch/OData.svc/Transcript(ID=62414L,Language='DE')","uri":"https://ws.parlament.ch/OData.svc/Transcript(ID=62414L,Language='DE')","type":"itsystems.Pd.DataServices.DataModel.Transcript"},"Subjects":{"__deferred":{"uri":"https://ws.parlament.ch/OData.svc/Transcript(ID=62414L,Language='DE')/Subjects"}},"MembersCouncil":{"__deferred":{"uri":"https://ws.parlament.ch/OData.svc/Transcript(ID=62414L,Language='DE')/MembersCouncil"}},"Businesses":{"__deferred":{"uri":"https://ws.parlament.ch/OData.svc/Transcript(ID=62414L,Language='DE')/Businesses"}},"ID":"62414","Language":"DE","IdSubject":"10188","VoteId":null,"PersonNumber":805,"Type":1,"Text":"<pd_text><p>Wir kommen zur letzten Pendenz im Voranschlag 2006, und zwar im Bereich des VBS mit der Position \"Projektierung, Erprobung und Beschaffungsvorbereitung (PEB)\". Wir erinnern uns: Der Beschluss des Nationalrates belief sich stets auf 135 Millionen Franken. Wir entschieden uns bei dieser Position immer f\u00fcr 150 Millionen Franken und damit gleich wie der Bundesrat.</p>\n<p>Die Einigungskonferenz hat sich f\u00fcr das angen\u00e4herte mathematische Mittel entschieden, das bei 143 Millionen Franken liegt; Sie finden das auf Ihrer Fahne. Dazu gibt es einen Minderheitsantrag der beiden Nationalr\u00e4tinnen Fr\u00f6sch und Dormond. Sollte sich der Minderheitsantrag durchsetzen, so w\u00fcrde der Beschluss der dritten Beratung, der den tieferen Betrag vorsieht, als angenommen gelten. Das w\u00e4re also der Betrag von 135 Millionen Franken.</p>\n<p>Wir haben hier eine interessante parlamentsrechtliche Besonderheit vor uns. Weil die Einigungskonferenz eine gemeinsame Konferenz der beiden R\u00e4te ist, kommen wir in die Situation, dass wir \u00fcber einen Minderheitsantrag abstimmen [PAGE 1175] d\u00fcrfen, der seinen Ursprung im Nationalrat hat. Es muss also auch hier \u00fcber Mehrheit und Minderheit abgestimmt werden.</p>\n<p>Wie in den beiden R\u00e4ten jetzt auch immer entschieden wird, sind wir damit am Ende unserer Budgetberatungen angelangt. Wie bereits vor einem Jahr musste bis zum Vorliegen eines g\u00fcltigen Budgets auch heuer von den R\u00e4ten der ganze gesetzlich vorgesehene Verfahrensweg beansprucht werden. Das ist selbstverst\u00e4ndlich nicht zu kritisieren. Es zeigt sich, dass das aus der Verfassung fliessende Budgetrecht des Parlamentes eine politisch nach wie vor grosse Bedeutung hat. Daran wird sich voraussichtlich so rasch nichts \u00e4ndern. Je knapper die Mittel, umso intensiver die Diskussion um ihre Zuteilung. Reibungsfl\u00e4chen ergeben sich nat\u00fcrlich auch daraus, dass sich im politischen Budgetprozess die Planungs- und die F\u00fchrungskompetenz des Bundesrates mit der Budgetkompetenz des Parlamentes \u00fcberschneiden.</p>\n<p>Die Frage muss allerdings gestattet sein, ob wir uns mit unseren Budgetberatungen auf dem richtigen Weg befinden. Ein Blick zur\u00fcck zeigt mir, dass von den urspr\u00fcnglich \u00fcber 50 Differenzen - bei einer ganz pers\u00f6nlichen Betrachtung aus meiner Optik - gegen 20 echte politische Priorisierungsentscheide darstellten. Den Rest m\u00f6chte ich dem mehr operativen Bereich zuordnen, in welchem es f\u00fcr das Parlament sehr schwierig ist, anstelle des Bundesrates letztlich bessere Entscheide zu f\u00e4llen. Meines Erachtens muss es daraus vorab eine Schlussfolgerung geben: Die Diskussion zwischen Bundesrat und Finanzkommissionen muss beim Start des Budgetprozesses und w\u00e4hrend dieses Prozesses noch intensiver und pr\u00e4ziser als bisher gef\u00fchrt werden. Im Idealfall sollte meines Erachtens das Parlament dem Bundesrat im rein operativen Bereich innerhalb von globalen Vorgaben einen ausreichenden Handlungsspielraum zugestehen und sich im Rahmen der knappen verf\u00fcgbaren Zeit vermehrt auf die echten politischen Priorit\u00e4tsentscheide konzentrieren. Die Darstellung aufgrund des neuen Rechnungsmodells, mit dem wir uns, gleichzeitig mit dem Voranschlag 2007, schon bald befassen werden, wird uns hier eine formelle Hilfe sein, weil im Eigenbereich der Bundesverwaltung \u00fcber weniger Einzelpositionen zu befinden sein wird. Trotzdem gilt nat\u00fcrlich auch hier \"affaire \u00e0 suivre\".</p>\n<p>Eine letzte Bemerkung: Wie bereits das alte Gesch\u00e4ftsverkehrsgesetz bestimmt auch das neue Parlamentsgesetz, dass - sofern ein Antrag der Einigungskonferenz zum Voranschlag verworfen wird - der Beschluss der dritten Beratung als angenommen gilt, der den tieferen Betrag vorsieht. Diese Bestimmung ist eine Folge des Umstandes, dass der Bund auch dann \u00fcber ein Budget verf\u00fcgen soll, wenn sich die R\u00e4te in einer der Hunderten von Positionen nicht einigen k\u00f6nnen. So verst\u00e4ndlich die Bestimmung somit ist, so problematisch kann sie sich in der Praxis auswirken, indem sich ein Rat, der beharrlich zugunsten eines tieferen Betrages entscheidet, letztlich dann auch durchsetzen kann. Ich glaube, die Finanzkommissionen sollten im neuen Jahr einmal eine vertiefte Diskussion zu diesem Thema durchf\u00fchren. Das ist aber jetzt nicht die Frage, sondern es geht darum, \u00fcber Mehrheit und Minderheit abzustimmen.</p>\n</pd_text>","MeetingCouncilAbbreviation":"S","MeetingDate":"20051215","MeetingVerbalixOid":1390,"IdSession":"4710","SpeakerFirstName":"Hans","SpeakerLastName":"Lauri","SpeakerFullName":"Lauri Hans","SpeakerFunction":"Mit-M","CouncilId":2,"CouncilName":"St\u00e4nderat","CantonId":2,"CantonName":"Bern","CantonAbbreviation":"BE","ParlGroupName":"Fraktion der Schweizerischen Volkspartei","ParlGroupAbbreviation":"V","SortOrder":2,"Start":"\/Date(1134638095477)\/","End":"\/Date(1134638402823)\/","Function":"*","DisplaySpeaker":true,"LanguageOfText":"DE","Modified":"\/Date(1510849654403)\/","StartTimeWithTimezone":"\/Date(1134638095477+0060)\/","EndTimeWithTimezone":"\/Date(1134638402823+0060)\/","VoteBusinessNumber":null,"VoteBusinessShortNumber":null,"VoteBusinessTitle":null},{"__metadata":{"id":"https://ws.parlament.ch/OData.svc/Transcript(ID=62415L,Language='DE')","uri":"https://ws.parlament.ch/OData.svc/Transcript(ID=62415L,Language='DE')","type":"itsystems.Pd.DataServices.DataModel.Transcript"},"Subjects":{"__deferred":{"uri":"https://ws.parlament.ch/OData.svc/Transcript(ID=62415L,Language='DE')/Subjects"}},"MembersCouncil":{"__deferred":{"uri":"https://ws.parlament.ch/OData.svc/Transcript(ID=62415L,Language='DE')/MembersCouncil"}},"Businesses":{"__deferred":{"uri":"https://ws.parlament.ch/OData.svc/Transcript(ID=62415L,Language='DE')/Businesses"}},"ID":"62415","Language":"DE","IdSubject":"10188","VoteId":null,"PersonNumber":37,"Type":1,"Text":"<pd_text><p><b>1. Finanzrechnung </b></p>\n<p><b>1. Compte financier </b></p>\n<p>[VS]</p>\n<p><b>Departement f\u00fcr Verteidigung, Bev\u00f6lkerungsschutz und Sport</b></p>\n<p><b>D\u00e9partement de la d\u00e9fense, de la protection de la population et des sports</b></p>\n<p>[VS]</p>\n<p><i>525 Verteidigung</i></p>\n<p><i>525 D\u00e9fense</i></p>\n<p>[VS]</p>\n<p><i>Antrag der Einigungskonferenz </i></p>\n<p>3210.001 Projektierung, Erprobung und Beschaffungsvorbereitung (PEB) </p>\n<p><i>Mehrheit </i></p>\n<p>Fr. 143 000 000 </p>\n<p><i>Minderheit </i></p>\n<p>(Fr\u00f6sch, Dormond) </p>\n<p>Ablehnung </p>\n<p>[VS]</p>\n<p><i>Proposition de la Conf\u00e9rence de conciliation </i></p>\n<p>3210.001 Etudes de projets, essais et pr\u00e9paratifs d'achats </p>\n<p><i>Majorit\u00e9 </i></p>\n<p>Fr. 143 000 000 </p>\n<p><i>Minorit\u00e9 </i></p>\n<p>(Fr\u00f6sch, Dormond) </p>\n<p>Rejeter </p>\n</pd_text>","MeetingCouncilAbbreviation":"S","MeetingDate":"20051215","MeetingVerbalixOid":1390,"IdSession":"4710","SpeakerFirstName":"Rolf","SpeakerLastName":"B\u00fcttiker","SpeakerFullName":"B\u00fcttiker Rolf","SpeakerFunction":"P-M","CouncilId":2,"CouncilName":"St\u00e4nderat","CantonId":11,"CantonName":"Solothurn","CantonAbbreviation":"SO","ParlGroupName":"Freisinnig-demokratische Fraktion","ParlGroupAbbreviation":"RL","SortOrder":1,"Start":"\/Date(1134638064150)\/","End":"\/Date(1134638095477)\/","Function":"P-M","DisplaySpeaker":false,"LanguageOfText":null,"Modified":"\/Date(1510849654403)\/","StartTimeWithTimezone":"\/Date(1134638064150+0060)\/","EndTimeWithTimezone":"\/Date(1134638095477+0060)\/","VoteBusinessNumber":null,"VoteBusinessShortNumber":null,"VoteBusinessTitle":null}]},"ID":"10188","Language":"DE","IdMeeting":"737","VerbalixOid":213705,"SortOrder":8,"Modified":"\/Date(1510849654403)\/"}}