{"d":{"__metadata":{"id":"https://ws.parlament.ch/OData.svc/Subject(ID=10243L,Language='DE')","uri":"https://ws.parlament.ch/OData.svc/Subject(ID=10243L,Language='DE')","type":"itsystems.Pd.DataServices.DataModel.Subject"},"Meetings":{"__metadata":{"id":"https://ws.parlament.ch/OData.svc/Meeting(ID=743L,Language='DE')","uri":"https://ws.parlament.ch/OData.svc/Meeting(ID=743L,Language='DE')","type":"itsystems.Pd.DataServices.DataModel.Meeting"},"Sessions":{"__deferred":{"uri":"https://ws.parlament.ch/OData.svc/Meeting(ID=743L,Language='DE')/Sessions"}},"Subjects":{"__deferred":{"uri":"https://ws.parlament.ch/OData.svc/Meeting(ID=743L,Language='DE')/Subjects"}},"ID":"743","Language":"DE","MeetingNumber":2,"IdSession":4711,"SessionNumber":11,"SessionName":"Fr\u00fchjahrssession 2006","Council":1,"CouncilName":"Nationalrat","CouncilAbbreviation":"NR","Date":"\/Date(1141689600000)\/","Begin":"0800","Modified":"\/Date(1447069960237)\/","LegislativePeriodNumber":47,"PublicationStatus":"final","MeetingOrderText":"Zweite Sitzung","SortOrder":2,"Location":"N"},"SubjectsBusiness":{"results":[{"__metadata":{"id":"https://ws.parlament.ch/OData.svc/SubjectBusiness(BusinessNumber=20050063,IdSubject=10243L,Language='DE')","uri":"https://ws.parlament.ch/OData.svc/SubjectBusiness(BusinessNumber=20050063,IdSubject=10243L,Language='DE')","type":"itsystems.Pd.DataServices.DataModel.SubjectBusiness"},"Subjects":{"__deferred":{"uri":"https://ws.parlament.ch/OData.svc/SubjectBusiness(BusinessNumber=20050063,IdSubject=10243L,Language='DE')/Subjects"}},"Businesses":{"__deferred":{"uri":"https://ws.parlament.ch/OData.svc/SubjectBusiness(BusinessNumber=20050063,IdSubject=10243L,Language='DE')/Businesses"}},"IdSubject":"10243","BusinessNumber":20050063,"Language":"DE","BusinessShortNumber":"05.063","Title":"Doppelbesteuerung. Abkommen mit Serbien und Montenegro","SortOrder":1,"PublishedNotes":"Zweitrat - Deuxi\u00e8me Conseil\n","Modified":"\/Date(1447069264423)\/","TitleDE":"Doppelbesteuerung.\nAbkommen\nmit Serbien und Montenegro","TitleFR":"Double imposition.\nConvention\navec la Serbie-et-Mont\u00e9n\u00e9gro","TitleIT":null}]},"Transcripts":{"results":[{"__metadata":{"id":"https://ws.parlament.ch/OData.svc/Transcript(ID=62673L,Language='DE')","uri":"https://ws.parlament.ch/OData.svc/Transcript(ID=62673L,Language='DE')","type":"itsystems.Pd.DataServices.DataModel.Transcript"},"Subjects":{"__deferred":{"uri":"https://ws.parlament.ch/OData.svc/Transcript(ID=62673L,Language='DE')/Subjects"}},"MembersCouncil":{"__deferred":{"uri":"https://ws.parlament.ch/OData.svc/Transcript(ID=62673L,Language='DE')/MembersCouncil"}},"Businesses":{"__deferred":{"uri":"https://ws.parlament.ch/OData.svc/Transcript(ID=62673L,Language='DE')/Businesses"}},"ID":"62673","Language":"DE","IdSubject":"10243","VoteId":"2880","PersonNumber":null,"Type":2,"Text":"<pd_text><p><i>Gesamtabstimmung - Vote sur l'ensemble</i></p>\n<p>[NAM]</p>\n<p>F\u00fcr Annahme des Entwurfes .... 82 Stimmen</p>\n<p>(Einstimmigkeit)</p>\n</pd_text>","MeetingCouncilAbbreviation":"N","MeetingDate":"20060307","MeetingVerbalixOid":1396,"IdSession":"4711","SpeakerFirstName":null,"SpeakerLastName":null,"SpeakerFullName":"","SpeakerFunction":null,"CouncilId":null,"CouncilName":null,"CantonId":null,"CantonName":null,"CantonAbbreviation":null,"ParlGroupName":null,"ParlGroupAbbreviation":null,"SortOrder":2,"Start":"\/Date(1141718667140)\/","End":"\/Date(1141718699171)\/","Function":null,"DisplaySpeaker":null,"LanguageOfText":"DE","Modified":"\/Date(1774877990605)\/","StartTimeWithTimezone":"\/Date(1141718667140+0060)\/","EndTimeWithTimezone":"\/Date(1141718699170+0060)\/","VoteBusinessNumber":20050063,"VoteBusinessShortNumber":"05.063","VoteBusinessTitle":"Doppelbesteuerung.\nAbkommen\nmit Serbien und Montenegro"},{"__metadata":{"id":"https://ws.parlament.ch/OData.svc/Transcript(ID=62674L,Language='DE')","uri":"https://ws.parlament.ch/OData.svc/Transcript(ID=62674L,Language='DE')","type":"itsystems.Pd.DataServices.DataModel.Transcript"},"Subjects":{"__deferred":{"uri":"https://ws.parlament.ch/OData.svc/Transcript(ID=62674L,Language='DE')/Subjects"}},"MembersCouncil":{"__deferred":{"uri":"https://ws.parlament.ch/OData.svc/Transcript(ID=62674L,Language='DE')/MembersCouncil"}},"Businesses":{"__deferred":{"uri":"https://ws.parlament.ch/OData.svc/Transcript(ID=62674L,Language='DE')/Businesses"}},"ID":"62674","Language":"DE","IdSubject":"10243","VoteId":null,"PersonNumber":477,"Type":1,"Text":"<pd_text><p>Sie haben einen Bericht der Kommission f\u00fcr Wirtschaft und Abgaben erhalten. Die Kommission beantragt mit 16 zu 0 Stimmen bei 3 Enthaltungen, dem Beschlussentwurf zuzustimmen.</p>\n<p>[VS]</p>\n<p><i>Eintreten wird ohne Gegenantrag beschlossen</i></p>\n<p><i>L'entr\u00e9e en mati\u00e8re est d\u00e9cid\u00e9e sans opposition</i></p>\n<p>[VS]</p>\n<p><b>Bundesbeschluss \u00fcber ein Doppelbesteuerungsabkommen mit Serbien und Montenegro </b></p>\n<p><b>Arr\u00eat\u00e9 f\u00e9d\u00e9ral approuvant une convention de double imposition avec la Serbie-et-Mont\u00e9n\u00e9gro </b></p>\n<p>[VS]</p>\n<p><i>Detailberatung - Discussion par article</i></p>\n<p>[VS]</p>\n<p><b>Titel und Ingress, Art. 1, 2</b></p>\n<p><i>Antrag der Kommission</i></p>\n<p>Zustimmung zum Beschluss des St\u00e4nderates</p>\n<p>[VS]</p>\n<p><b>Titre et pr\u00e9ambule, art. 1, 2</b></p>\n<p><i>Proposition de la commission</i></p>\n<p>Adh\u00e9rer \u00e0 la d\u00e9cision du Conseil des Etats</p>\n<p>[VS]</p>\n<p><i>Angenommen - Adopt\u00e9</i></p>\n<p>[VS]</p>\n</pd_text>","MeetingCouncilAbbreviation":"N","MeetingDate":"20060307","MeetingVerbalixOid":1396,"IdSession":"4711","SpeakerFirstName":"Claude","SpeakerLastName":"Janiak","SpeakerFullName":"Janiak Claude","SpeakerFunction":"P-M","CouncilId":1,"CouncilName":"Nationalrat","CantonId":13,"CantonName":"Basel-Landschaft","CantonAbbreviation":"BL","ParlGroupName":"Sozialdemokratische Fraktion","ParlGroupAbbreviation":"S","SortOrder":1,"Start":"\/Date(1141718555562)\/","End":"\/Date(1141718667140)\/","Function":"P-M","DisplaySpeaker":true,"LanguageOfText":"DE","Modified":"\/Date(1774877990602)\/","StartTimeWithTimezone":"\/Date(1141718555563+0060)\/","EndTimeWithTimezone":"\/Date(1141718667140+0060)\/","VoteBusinessNumber":null,"VoteBusinessShortNumber":null,"VoteBusinessTitle":null}]},"ID":"10243","Language":"DE","IdMeeting":"743","VerbalixOid":215418,"SortOrder":1,"Modified":"\/Date(1447069960267)\/"}}