{"d":{"__metadata":{"id":"https://ws.parlament.ch/OData.svc/Subject(ID=10286L,Language='DE')","uri":"https://ws.parlament.ch/OData.svc/Subject(ID=10286L,Language='DE')","type":"itsystems.Pd.DataServices.DataModel.Subject"},"Meetings":{"__metadata":{"id":"https://ws.parlament.ch/OData.svc/Meeting(ID=747L,Language='DE')","uri":"https://ws.parlament.ch/OData.svc/Meeting(ID=747L,Language='DE')","type":"itsystems.Pd.DataServices.DataModel.Meeting"},"Sessions":{"__deferred":{"uri":"https://ws.parlament.ch/OData.svc/Meeting(ID=747L,Language='DE')/Sessions"}},"Subjects":{"__deferred":{"uri":"https://ws.parlament.ch/OData.svc/Meeting(ID=747L,Language='DE')/Subjects"}},"ID":"747","Language":"DE","MeetingNumber":6,"IdSession":4711,"SessionNumber":11,"SessionName":"Fr\u00fchjahrssession 2006","Council":1,"CouncilName":"Nationalrat","CouncilAbbreviation":"NR","Date":"\/Date(1142208000000)\/","Begin":"1430","Modified":"\/Date(1447069961803)\/","LegislativePeriodNumber":47,"PublicationStatus":"final","MeetingOrderText":"Sechste Sitzung","SortOrder":6,"Location":"N"},"SubjectsBusiness":{"results":[{"__metadata":{"id":"https://ws.parlament.ch/OData.svc/SubjectBusiness(BusinessNumber=20065017,IdSubject=10286L,Language='DE')","uri":"https://ws.parlament.ch/OData.svc/SubjectBusiness(BusinessNumber=20065017,IdSubject=10286L,Language='DE')","type":"itsystems.Pd.DataServices.DataModel.SubjectBusiness"},"Subjects":{"__deferred":{"uri":"https://ws.parlament.ch/OData.svc/SubjectBusiness(BusinessNumber=20065017,IdSubject=10286L,Language='DE')/Subjects"}},"Businesses":{"__deferred":{"uri":"https://ws.parlament.ch/OData.svc/SubjectBusiness(BusinessNumber=20065017,IdSubject=10286L,Language='DE')/Businesses"}},"IdSubject":"10286","BusinessNumber":20065017,"Language":"DE","BusinessShortNumber":"06.5017","Title":"Ressourcen f\u00fcr den Dienst f\u00fcr Analyse und Pr\u00e4vention","SortOrder":1,"PublishedNotes":null,"Modified":"\/Date(1447069321380)\/","TitleDE":"Fragestunde.\nFrage Rey Jean-No\u00ebl.\nRessourcen f\u00fcr den Dienst\nf\u00fcr Analyse und Pr\u00e4vention","TitleFR":"Heure des questions.\nQuestion Rey Jean-No\u00ebl.\nDotation du Service\nd'analyse et de pr\u00e9vention","TitleIT":null}]},"Transcripts":{"results":[{"__metadata":{"id":"https://ws.parlament.ch/OData.svc/Transcript(ID=63075L,Language='DE')","uri":"https://ws.parlament.ch/OData.svc/Transcript(ID=63075L,Language='DE')","type":"itsystems.Pd.DataServices.DataModel.Transcript"},"Subjects":{"__deferred":{"uri":"https://ws.parlament.ch/OData.svc/Transcript(ID=63075L,Language='DE')/Subjects"}},"MembersCouncil":{"__deferred":{"uri":"https://ws.parlament.ch/OData.svc/Transcript(ID=63075L,Language='DE')/MembersCouncil"}},"Businesses":{"__deferred":{"uri":"https://ws.parlament.ch/OData.svc/Transcript(ID=63075L,Language='DE')/Businesses"}},"ID":"63075","Language":"DE","IdSubject":"10286","VoteId":null,"PersonNumber":21,"Type":1,"Text":"<pd_text><p>Selbstverst\u00e4ndlich.</p>\n</pd_text>","MeetingCouncilAbbreviation":"N","MeetingDate":"20060313","MeetingVerbalixOid":1400,"IdSession":"4711","SpeakerFirstName":"Christoph","SpeakerLastName":"Blocher","SpeakerFullName":"Blocher Christoph","SpeakerFunction":"BR-M","CouncilId":99,"CouncilName":"Bundesrat","CantonId":1,"CantonName":"Z\u00fcrich","CantonAbbreviation":"ZH","ParlGroupName":null,"ParlGroupAbbreviation":null,"SortOrder":3,"Start":"\/Date(1142260759774)\/","End":"\/Date(1142260772211)\/","Function":"BR-M","DisplaySpeaker":true,"LanguageOfText":"DE","Modified":"\/Date(1774877993346)\/","StartTimeWithTimezone":"\/Date(1142260759773+0060)\/","EndTimeWithTimezone":"\/Date(1142260772210+0060)\/","VoteBusinessNumber":null,"VoteBusinessShortNumber":null,"VoteBusinessTitle":null},{"__metadata":{"id":"https://ws.parlament.ch/OData.svc/Transcript(ID=63076L,Language='DE')","uri":"https://ws.parlament.ch/OData.svc/Transcript(ID=63076L,Language='DE')","type":"itsystems.Pd.DataServices.DataModel.Transcript"},"Subjects":{"__deferred":{"uri":"https://ws.parlament.ch/OData.svc/Transcript(ID=63076L,Language='DE')/Subjects"}},"MembersCouncil":{"__deferred":{"uri":"https://ws.parlament.ch/OData.svc/Transcript(ID=63076L,Language='DE')/MembersCouncil"}},"Businesses":{"__deferred":{"uri":"https://ws.parlament.ch/OData.svc/Transcript(ID=63076L,Language='DE')/Businesses"}},"ID":"63076","Language":"DE","IdSubject":"10286","VoteId":null,"PersonNumber":1132,"Type":1,"Text":"<pd_text><p>Monsieur le conseiller f\u00e9d\u00e9ral, vous avez r\u00e9pondu en partie \u00e0 la question concernant les moyens financiers et mat\u00e9riels, mais j'ai aussi pos\u00e9 une question [PAGE 152] concernant les moyens coercitifs. Est-ce que ces services disposent des moyens coercitifs n\u00e9cessaires pour exercer leur activit\u00e9 sur l'ensemble du territoire?</p>\n</pd_text>","MeetingCouncilAbbreviation":"N","MeetingDate":"20060313","MeetingVerbalixOid":1400,"IdSession":"4711","SpeakerFirstName":"Jean-No\u00ebl","SpeakerLastName":"Rey","SpeakerFullName":"Rey Jean-No\u00ebl","SpeakerFunction":"Mit-M","CouncilId":1,"CouncilName":"Nationalrat","CantonId":23,"CantonName":"Wallis","CantonAbbreviation":"VS","ParlGroupName":"Sozialdemokratische Fraktion","ParlGroupAbbreviation":"S","SortOrder":2,"Start":"\/Date(1142260722993)\/","End":"\/Date(1142260759774)\/","Function":"Mit-M","DisplaySpeaker":true,"LanguageOfText":"FR","Modified":"\/Date(1774877993343)\/","StartTimeWithTimezone":"\/Date(1142260722993+0060)\/","EndTimeWithTimezone":"\/Date(1142260759773+0060)\/","VoteBusinessNumber":null,"VoteBusinessShortNumber":null,"VoteBusinessTitle":null},{"__metadata":{"id":"https://ws.parlament.ch/OData.svc/Transcript(ID=63077L,Language='DE')","uri":"https://ws.parlament.ch/OData.svc/Transcript(ID=63077L,Language='DE')","type":"itsystems.Pd.DataServices.DataModel.Transcript"},"Subjects":{"__deferred":{"uri":"https://ws.parlament.ch/OData.svc/Transcript(ID=63077L,Language='DE')/Subjects"}},"MembersCouncil":{"__deferred":{"uri":"https://ws.parlament.ch/OData.svc/Transcript(ID=63077L,Language='DE')/MembersCouncil"}},"Businesses":{"__deferred":{"uri":"https://ws.parlament.ch/OData.svc/Transcript(ID=63077L,Language='DE')/Businesses"}},"ID":"63077","Language":"DE","IdSubject":"10286","VoteId":null,"PersonNumber":21,"Type":1,"Text":"<pd_text><p>Herr Rey stellt eine Frage und glaubt, dass namentlich im Bundesamt f\u00fcr Polizei und dort insbesondere beim Inlandnachrichtendienst die Mittel f\u00fcr die Bek\u00e4mpfung der Kriminalit\u00e4t ungen\u00fcgend seien. Ich freue mich nat\u00fcrlich, dass die Sicherheitsbed\u00fcrfnisse der Schweiz vonseiten eines Sozialdemokraten in den Mittelpunkt gestellt werden, darf Ihnen aber versichern, dass wir im Bundesamt f\u00fcr Polizei und insbesondere auch beim Dienst f\u00fcr Analyse und Pr\u00e4vention (DAP) gen\u00fcgend Mittel haben, um dieser Sicherheitsfrage Gen\u00fcge zu tun.</p>\n<p>Es trifft auch nicht zu, dass der DAP besonders einschneidende Kostensenkungsmassnahmen erfahren h\u00e4tte und drastische K\u00fcrzungsmassnahmen auf sich h\u00e4tte nehmen m\u00fcssen. Dieser Dienst wurde von den Massnahmen zur Kostensenkung nicht in gr\u00f6sserem Umfang betroffen als andere Dienststellen des Bundesamtes f\u00fcr Polizei oder des EJPD. Bei der Umsetzung der Sparvorhaben wurde immer darauf geachtet, dass die Bereiche, welche direkt mit der Umsetzung von Sicherheitsaufgaben betraut sind, m\u00f6glichst wenig tangiert sind, weil die Sicherheit nat\u00fcrlich ein wichtiges Anliegen ist. Es ging bei den Massnahmen auch darum, die Kosten zu senken, ohne die Leistung zu tangieren, oder sogar darum, die Kosten zu senken und die Leistung zu erh\u00f6hen - was, wie ich erfreut feststellen kann, weitgehend gelungen ist. </p>\n<p>Insgesamt wurde durch interne Umlagerung von Stellen sichergestellt, dass der Auftrag des DAP gem\u00e4ss Bundesgesetz \u00fcber Massnahmen zur Wahrung der inneren Sicherheit weiterhin vollumf\u00e4nglich erf\u00fcllt wird. Die notwendigen Mittel sind vorhanden, und die Abgeltungen an die Kantone f\u00fcr die von ihnen wahrgenommenen Staatsschutzaufgaben werden durch die Sparmassnahmen in keiner Art und Weise tangiert und sind somit weiterhin im vollen gesetzlich vorgeschriebenen Umfang gew\u00e4hrleistet. </p>\n</pd_text>","MeetingCouncilAbbreviation":"N","MeetingDate":"20060313","MeetingVerbalixOid":1400,"IdSession":"4711","SpeakerFirstName":"Christoph","SpeakerLastName":"Blocher","SpeakerFullName":"Blocher Christoph","SpeakerFunction":"BR-M","CouncilId":99,"CouncilName":"Bundesrat","CantonId":1,"CantonName":"Z\u00fcrich","CantonAbbreviation":"ZH","ParlGroupName":null,"ParlGroupAbbreviation":null,"SortOrder":1,"Start":"\/Date(1142260565352)\/","End":"\/Date(1142260722993)\/","Function":"BR-M","DisplaySpeaker":true,"LanguageOfText":"DE","Modified":"\/Date(1774877993341)\/","StartTimeWithTimezone":"\/Date(1142260565353+0060)\/","EndTimeWithTimezone":"\/Date(1142260722993+0060)\/","VoteBusinessNumber":null,"VoteBusinessShortNumber":null,"VoteBusinessTitle":null}]},"ID":"10286","Language":"DE","IdMeeting":"747","VerbalixOid":216505,"SortOrder":2,"Modified":"\/Date(1774877993338)\/"}}