{"d":{"__metadata":{"id":"https://ws.parlament.ch/OData.svc/Subject(ID=10471L,Language='DE')","uri":"https://ws.parlament.ch/OData.svc/Subject(ID=10471L,Language='DE')","type":"itsystems.Pd.DataServices.DataModel.Subject"},"Meetings":{"__metadata":{"id":"https://ws.parlament.ch/OData.svc/Meeting(ID=764L,Language='DE')","uri":"https://ws.parlament.ch/OData.svc/Meeting(ID=764L,Language='DE')","type":"itsystems.Pd.DataServices.DataModel.Meeting"},"Sessions":{"__deferred":{"uri":"https://ws.parlament.ch/OData.svc/Meeting(ID=764L,Language='DE')/Sessions"}},"Subjects":{"__deferred":{"uri":"https://ws.parlament.ch/OData.svc/Meeting(ID=764L,Language='DE')/Subjects"}},"ID":"764","Language":"DE","MeetingNumber":13,"IdSession":4711,"SessionNumber":11,"SessionName":"Fr\u00fchjahrssession 2006","Council":2,"CouncilName":"St\u00e4nderat","CouncilAbbreviation":"SR","Date":"\/Date(1143158400000)\/","Begin":"0800","Modified":"\/Date(1447069969540)\/","LegislativePeriodNumber":47,"PublicationStatus":"final","MeetingOrderText":"Dreizehnte Sitzung","SortOrder":13,"Location":"S"},"SubjectsBusiness":{"results":[{"__metadata":{"id":"https://ws.parlament.ch/OData.svc/SubjectBusiness(BusinessNumber=20050065,IdSubject=10471L,Language='DE')","uri":"https://ws.parlament.ch/OData.svc/SubjectBusiness(BusinessNumber=20050065,IdSubject=10471L,Language='DE')","type":"itsystems.Pd.DataServices.DataModel.SubjectBusiness"},"Subjects":{"__deferred":{"uri":"https://ws.parlament.ch/OData.svc/SubjectBusiness(BusinessNumber=20050065,IdSubject=10471L,Language='DE')/Subjects"}},"Businesses":{"__deferred":{"uri":"https://ws.parlament.ch/OData.svc/SubjectBusiness(BusinessNumber=20050065,IdSubject=10471L,Language='DE')/Businesses"}},"IdSubject":"10471","BusinessNumber":20050065,"Language":"DE","BusinessShortNumber":"05.065","Title":"Sportveranstaltungen. Massnahmen gegen Gewaltpropaganda und Gewalt. Bundesgesetz","SortOrder":1,"PublishedNotes":"Schlussabstimmung - Vote final\n","Modified":"\/Date(1447069264480)\/","TitleDE":"Sportveranstaltungen.\nMassnahmen\ngegen Gewaltpropaganda\nund gegen Gewalt.\nBundesgesetz","TitleFR":"Manifestations sportives.\nMesures contre la propagande\nincitant \u00e0 la violence\net contre la violence.\nLoi f\u00e9d\u00e9rale","TitleIT":null}]},"Transcripts":{"results":[{"__metadata":{"id":"https://ws.parlament.ch/OData.svc/Transcript(ID=64845L,Language='DE')","uri":"https://ws.parlament.ch/OData.svc/Transcript(ID=64845L,Language='DE')","type":"itsystems.Pd.DataServices.DataModel.Transcript"},"Subjects":{"__deferred":{"uri":"https://ws.parlament.ch/OData.svc/Transcript(ID=64845L,Language='DE')/Subjects"}},"MembersCouncil":{"__deferred":{"uri":"https://ws.parlament.ch/OData.svc/Transcript(ID=64845L,Language='DE')/MembersCouncil"}},"Businesses":{"__deferred":{"uri":"https://ws.parlament.ch/OData.svc/Transcript(ID=64845L,Language='DE')/Businesses"}},"ID":"64845","Language":"DE","IdSubject":"10471","VoteId":null,"PersonNumber":37,"Type":1,"Text":"<pd_text><p><b>Bundesgesetz \u00fcber Massnahmen zur Wahrung der inneren Sicherheit </b></p>\n<p><b>Loi f\u00e9d\u00e9rale instituant des mesures visant au maintien de la s\u00fbret\u00e9 int\u00e9rieure </b></p>\n<p>[VS]</p>\n<p><i>Abstimmung - Vote</i></p>\n<p>F\u00fcr Annahme des Entwurfes .... 35 Stimmen</p>\n<p>(Einstimmigkeit)</p>\n<p>(9 Enthaltungen)</p>\n</pd_text>","MeetingCouncilAbbreviation":"S","MeetingDate":"20060324","MeetingVerbalixOid":1424,"IdSession":"4711","SpeakerFirstName":"Rolf","SpeakerLastName":"B\u00fcttiker","SpeakerFullName":"B\u00fcttiker Rolf","SpeakerFunction":"P-M","CouncilId":2,"CouncilName":"St\u00e4nderat","CantonId":11,"CantonName":"Solothurn","CantonAbbreviation":"SO","ParlGroupName":"Freisinnig-demokratische Fraktion","ParlGroupAbbreviation":"RL","SortOrder":1,"Start":"\/Date(1143187991907)\/","End":"\/Date(1143188026970)\/","Function":"P-M","DisplaySpeaker":false,"LanguageOfText":null,"Modified":"\/Date(1510849683527)\/","StartTimeWithTimezone":"\/Date(1143187991907+0060)\/","EndTimeWithTimezone":"\/Date(1143188026970+0060)\/","VoteBusinessNumber":null,"VoteBusinessShortNumber":null,"VoteBusinessTitle":null}]},"ID":"10471","Language":"DE","IdMeeting":"764","VerbalixOid":219923,"SortOrder":12,"Modified":"\/Date(1510849683527)\/"}}