{"d":{"__metadata":{"id":"https://ws.parlament.ch/OData.svc/Subject(ID=10485L,Language='DE')","uri":"https://ws.parlament.ch/OData.svc/Subject(ID=10485L,Language='DE')","type":"itsystems.Pd.DataServices.DataModel.Subject"},"Meetings":{"__metadata":{"id":"https://ws.parlament.ch/OData.svc/Meeting(ID=764L,Language='DE')","uri":"https://ws.parlament.ch/OData.svc/Meeting(ID=764L,Language='DE')","type":"itsystems.Pd.DataServices.DataModel.Meeting"},"Sessions":{"__deferred":{"uri":"https://ws.parlament.ch/OData.svc/Meeting(ID=764L,Language='DE')/Sessions"}},"Subjects":{"__deferred":{"uri":"https://ws.parlament.ch/OData.svc/Meeting(ID=764L,Language='DE')/Subjects"}},"ID":"764","Language":"DE","MeetingNumber":13,"IdSession":4711,"SessionNumber":11,"SessionName":"Fr\u00fchjahrssession 2006","Council":2,"CouncilName":"St\u00e4nderat","CouncilAbbreviation":"SR","Date":"\/Date(1143158400000)\/","Begin":"0800","Modified":"\/Date(1447069969540)\/","LegislativePeriodNumber":47,"PublicationStatus":"final","MeetingOrderText":"Dreizehnte Sitzung","SortOrder":13,"Location":"S"},"SubjectsBusiness":{"results":[{"__metadata":{"id":"https://ws.parlament.ch/OData.svc/SubjectBusiness(BusinessNumber=20020093,IdSubject=10485L,Language='DE')","uri":"https://ws.parlament.ch/OData.svc/SubjectBusiness(BusinessNumber=20020093,IdSubject=10485L,Language='DE')","type":"itsystems.Pd.DataServices.DataModel.SubjectBusiness"},"Subjects":{"__deferred":{"uri":"https://ws.parlament.ch/OData.svc/SubjectBusiness(BusinessNumber=20020093,IdSubject=10485L,Language='DE')/Subjects"}},"Businesses":{"__deferred":{"uri":"https://ws.parlament.ch/OData.svc/SubjectBusiness(BusinessNumber=20020093,IdSubject=10485L,Language='DE')/Businesses"}},"IdSubject":"10485","BusinessNumber":20020093,"Language":"DE","BusinessShortNumber":"02.093","Title":"Bundesgesetz \u00fcber Radio und Fernsehen (RTVG). Totalrevision","SortOrder":1,"PublishedNotes":"Schlussabstimmung - Vote final\n","Modified":"\/Date(1447069174160)\/","TitleDE":"Bundesgesetz\n\u00fcber Radio und Fernsehen.\nTotalrevision","TitleFR":"Loi f\u00e9d\u00e9rale\nsur la radio et la t\u00e9l\u00e9vision.\nR\u00e9vision totale","TitleIT":null}]},"Transcripts":{"results":[{"__metadata":{"id":"https://ws.parlament.ch/OData.svc/Transcript(ID=64859L,Language='DE')","uri":"https://ws.parlament.ch/OData.svc/Transcript(ID=64859L,Language='DE')","type":"itsystems.Pd.DataServices.DataModel.Transcript"},"Subjects":{"__deferred":{"uri":"https://ws.parlament.ch/OData.svc/Transcript(ID=64859L,Language='DE')/Subjects"}},"MembersCouncil":{"__deferred":{"uri":"https://ws.parlament.ch/OData.svc/Transcript(ID=64859L,Language='DE')/MembersCouncil"}},"Businesses":{"__deferred":{"uri":"https://ws.parlament.ch/OData.svc/Transcript(ID=64859L,Language='DE')/Businesses"}},"ID":"64859","Language":"DE","IdSubject":"10485","VoteId":null,"PersonNumber":37,"Type":1,"Text":"<pd_text><p><b>Bundesgesetz \u00fcber Radio und Fernsehen </b></p>\n<p><b>Loi f\u00e9d\u00e9rale sur la radio et la t\u00e9l\u00e9vision </b></p>\n<p>[VS]</p>\n<p><i>Abstimmung - Vote</i></p>\n<p>F\u00fcr Annahme des Entwurfes .... 42 Stimmen</p>\n<p>(Einstimmigkeit)</p>\n<p>(0 Enthaltungen)</p>\n<p>[PAGE 300] </p>\n</pd_text>","MeetingCouncilAbbreviation":"S","MeetingDate":"20060324","MeetingVerbalixOid":1424,"IdSession":"4711","SpeakerFirstName":"Rolf","SpeakerLastName":"B\u00fcttiker","SpeakerFullName":"B\u00fcttiker Rolf","SpeakerFunction":"P-M","CouncilId":2,"CouncilName":"St\u00e4nderat","CantonId":11,"CantonName":"Solothurn","CantonAbbreviation":"SO","ParlGroupName":"Freisinnig-demokratische Fraktion","ParlGroupAbbreviation":"RL","SortOrder":1,"Start":"\/Date(1143187528830)\/","End":"\/Date(1143187561813)\/","Function":"P-M","DisplaySpeaker":false,"LanguageOfText":null,"Modified":"\/Date(1510849683513)\/","StartTimeWithTimezone":"\/Date(1143187528830+0060)\/","EndTimeWithTimezone":"\/Date(1143187561813+0060)\/","VoteBusinessNumber":null,"VoteBusinessShortNumber":null,"VoteBusinessTitle":null}]},"ID":"10485","Language":"DE","IdMeeting":"764","VerbalixOid":219889,"SortOrder":2,"Modified":"\/Date(1510849683513)\/"}}