{"d":{"__metadata":{"id":"https://ws.parlament.ch/OData.svc/Subject(ID=10789L,Language='DE')","uri":"https://ws.parlament.ch/OData.svc/Subject(ID=10789L,Language='DE')","type":"itsystems.Pd.DataServices.DataModel.Subject"},"Meetings":{"__metadata":{"id":"https://ws.parlament.ch/OData.svc/Meeting(ID=798L,Language='DE')","uri":"https://ws.parlament.ch/OData.svc/Meeting(ID=798L,Language='DE')","type":"itsystems.Pd.DataServices.DataModel.Meeting"},"Sessions":{"__deferred":{"uri":"https://ws.parlament.ch/OData.svc/Meeting(ID=798L,Language='DE')/Sessions"}},"Subjects":{"__deferred":{"uri":"https://ws.parlament.ch/OData.svc/Meeting(ID=798L,Language='DE')/Subjects"}},"ID":"798","Language":"DE","MeetingNumber":15,"IdSession":4714,"SessionNumber":14,"SessionName":"Herbstsession 2006","Council":1,"CouncilName":"Nationalrat","CouncilAbbreviation":"NR","Date":"\/Date(1160092800000)\/","Begin":"0800","Modified":"\/Date(1447069981987)\/","LegislativePeriodNumber":47,"PublicationStatus":"final","MeetingOrderText":"F\u00fcnfzehnte Sitzung","SortOrder":15,"Location":"N"},"SubjectsBusiness":{"results":[{"__metadata":{"id":"https://ws.parlament.ch/OData.svc/SubjectBusiness(BusinessNumber=20050080,IdSubject=10789L,Language='DE')","uri":"https://ws.parlament.ch/OData.svc/SubjectBusiness(BusinessNumber=20050080,IdSubject=10789L,Language='DE')","type":"itsystems.Pd.DataServices.DataModel.SubjectBusiness"},"Subjects":{"__deferred":{"uri":"https://ws.parlament.ch/OData.svc/SubjectBusiness(BusinessNumber=20050080,IdSubject=10789L,Language='DE')/Subjects"}},"Businesses":{"__deferred":{"uri":"https://ws.parlament.ch/OData.svc/SubjectBusiness(BusinessNumber=20050080,IdSubject=10789L,Language='DE')/Businesses"}},"IdSubject":"10789","BusinessNumber":20050080,"Language":"DE","BusinessShortNumber":"05.080","Title":"Neue Regionalpolitik. Bundesgesetz","SortOrder":1,"PublishedNotes":"Schlussabstimmung - Vote final\n","Modified":"\/Date(1447069265313)\/","TitleDE":"Neue Regionalpolitik.\nBundesgesetz","TitleFR":"Nouvelle politique r\u00e9gionale.\nLoi f\u00e9d\u00e9rale","TitleIT":null}]},"Transcripts":{"results":[{"__metadata":{"id":"https://ws.parlament.ch/OData.svc/Transcript(ID=67520L,Language='DE')","uri":"https://ws.parlament.ch/OData.svc/Transcript(ID=67520L,Language='DE')","type":"itsystems.Pd.DataServices.DataModel.Transcript"},"Subjects":{"__deferred":{"uri":"https://ws.parlament.ch/OData.svc/Transcript(ID=67520L,Language='DE')/Subjects"}},"MembersCouncil":{"__deferred":{"uri":"https://ws.parlament.ch/OData.svc/Transcript(ID=67520L,Language='DE')/MembersCouncil"}},"Businesses":{"__deferred":{"uri":"https://ws.parlament.ch/OData.svc/Transcript(ID=67520L,Language='DE')/Businesses"}},"ID":"67520","Language":"DE","IdSubject":"10789","VoteId":"Flims_2-158","PersonNumber":null,"Type":2,"Text":"<pd_text><p><i>Abstimmung - Vote</i></p>\n<p>[NAM]</p>\n<p>F\u00fcr Annahme des Entwurfes .... 148 Stimmen</p>\n<p>Dagegen .... 29 Stimmen</p>\n<p>[PAGE 1604] </p>\n</pd_text>","MeetingCouncilAbbreviation":"N","MeetingDate":"20061006","MeetingVerbalixOid":1476,"IdSession":"4714","SpeakerFirstName":null,"SpeakerLastName":null,"SpeakerFullName":"","SpeakerFunction":null,"CouncilId":null,"CouncilName":null,"CantonId":null,"CantonName":null,"CantonAbbreviation":null,"ParlGroupName":null,"ParlGroupAbbreviation":null,"SortOrder":2,"Start":"\/Date(1160124104798)\/","End":"\/Date(1160124104798)\/","Function":null,"DisplaySpeaker":null,"LanguageOfText":"DE","Modified":"\/Date(1774877972363)\/","StartTimeWithTimezone":"\/Date(1160124104797+0120)\/","EndTimeWithTimezone":"\/Date(1160124104797+0120)\/","VoteBusinessNumber":20050080,"VoteBusinessShortNumber":"05.080","VoteBusinessTitle":"Neue Regionalpolitik.\nBundesgesetz"},{"__metadata":{"id":"https://ws.parlament.ch/OData.svc/Transcript(ID=67521L,Language='DE')","uri":"https://ws.parlament.ch/OData.svc/Transcript(ID=67521L,Language='DE')","type":"itsystems.Pd.DataServices.DataModel.Transcript"},"Subjects":{"__deferred":{"uri":"https://ws.parlament.ch/OData.svc/Transcript(ID=67521L,Language='DE')/Subjects"}},"MembersCouncil":{"__deferred":{"uri":"https://ws.parlament.ch/OData.svc/Transcript(ID=67521L,Language='DE')/MembersCouncil"}},"Businesses":{"__deferred":{"uri":"https://ws.parlament.ch/OData.svc/Transcript(ID=67521L,Language='DE')/Businesses"}},"ID":"67521","Language":"DE","IdSubject":"10789","VoteId":null,"PersonNumber":477,"Type":1,"Text":"<pd_text><p><b>1. Bundesgesetz \u00fcber Regionalpolitik </b></p>\n<p><b>1. Loi f\u00e9d\u00e9rale sur la politique r\u00e9gionale </b></p>\n</pd_text>","MeetingCouncilAbbreviation":"N","MeetingDate":"20061006","MeetingVerbalixOid":1476,"IdSession":"4714","SpeakerFirstName":"Claude","SpeakerLastName":"Janiak","SpeakerFullName":"Janiak Claude","SpeakerFunction":"P-M","CouncilId":1,"CouncilName":"Nationalrat","CantonId":13,"CantonName":"Basel-Landschaft","CantonAbbreviation":"BL","ParlGroupName":"Sozialdemokratische Fraktion","ParlGroupAbbreviation":"S","SortOrder":1,"Start":"\/Date(1160124020439)\/","End":"\/Date(1160124104798)\/","Function":"P-M","DisplaySpeaker":false,"LanguageOfText":null,"Modified":"\/Date(1774877972357)\/","StartTimeWithTimezone":"\/Date(1160124020440+0120)\/","EndTimeWithTimezone":"\/Date(1160124104797+0120)\/","VoteBusinessNumber":null,"VoteBusinessShortNumber":null,"VoteBusinessTitle":null}]},"ID":"10789","Language":"DE","IdMeeting":"798","VerbalixOid":231817,"SortOrder":189,"Modified":"\/Date(1774877972354)\/"}}