{"d":{"__metadata":{"id":"https://ws.parlament.ch/OData.svc/Subject(ID=10855L,Language='DE')","uri":"https://ws.parlament.ch/OData.svc/Subject(ID=10855L,Language='DE')","type":"itsystems.Pd.DataServices.DataModel.Subject"},"Meetings":{"__metadata":{"id":"https://ws.parlament.ch/OData.svc/Meeting(ID=798L,Language='DE')","uri":"https://ws.parlament.ch/OData.svc/Meeting(ID=798L,Language='DE')","type":"itsystems.Pd.DataServices.DataModel.Meeting"},"Sessions":{"__deferred":{"uri":"https://ws.parlament.ch/OData.svc/Meeting(ID=798L,Language='DE')/Sessions"}},"Subjects":{"__deferred":{"uri":"https://ws.parlament.ch/OData.svc/Meeting(ID=798L,Language='DE')/Subjects"}},"ID":"798","Language":"DE","MeetingNumber":15,"IdSession":4714,"SessionNumber":14,"SessionName":"Herbstsession 2006","Council":1,"CouncilName":"Nationalrat","CouncilAbbreviation":"NR","Date":"\/Date(1160092800000)\/","Begin":"0800","Modified":"\/Date(1447069981987)\/","LegislativePeriodNumber":47,"PublicationStatus":"final","MeetingOrderText":"F\u00fcnfzehnte Sitzung","SortOrder":15,"Location":"N"},"SubjectsBusiness":{"results":[{"__metadata":{"id":"https://ws.parlament.ch/OData.svc/SubjectBusiness(BusinessNumber=20020415,IdSubject=10855L,Language='DE')","uri":"https://ws.parlament.ch/OData.svc/SubjectBusiness(BusinessNumber=20020415,IdSubject=10855L,Language='DE')","type":"itsystems.Pd.DataServices.DataModel.SubjectBusiness"},"Subjects":{"__deferred":{"uri":"https://ws.parlament.ch/OData.svc/SubjectBusiness(BusinessNumber=20020415,IdSubject=10855L,Language='DE')/Subjects"}},"Businesses":{"__deferred":{"uri":"https://ws.parlament.ch/OData.svc/SubjectBusiness(BusinessNumber=20020415,IdSubject=10855L,Language='DE')/Businesses"}},"IdSubject":"10855","BusinessNumber":20020415,"Language":"DE","BusinessShortNumber":"02.415","Title":"\u00c4nderung von Artikel 186 des Bundesgesetzes \u00fcber das Internationale Privatrecht","SortOrder":1,"PublishedNotes":"Schlussabstimmung - Vote final\n","Modified":"\/Date(1447069175633)\/","TitleDE":"Parlamentarische Initiative\nFrey Claude.\n\u00c4nderung von Artikel 186\ndes Bundesgesetzes\n\u00fcber das Internationale Privatrecht","TitleFR":"Initiative parlementaire\nFrey Claude.\nModification de l'article 186\nde la loi f\u00e9d\u00e9rale\nsur le droit international priv\u00e9","TitleIT":null}]},"Transcripts":{"results":[{"__metadata":{"id":"https://ws.parlament.ch/OData.svc/Transcript(ID=67596L,Language='DE')","uri":"https://ws.parlament.ch/OData.svc/Transcript(ID=67596L,Language='DE')","type":"itsystems.Pd.DataServices.DataModel.Transcript"},"Subjects":{"__deferred":{"uri":"https://ws.parlament.ch/OData.svc/Transcript(ID=67596L,Language='DE')/Subjects"}},"MembersCouncil":{"__deferred":{"uri":"https://ws.parlament.ch/OData.svc/Transcript(ID=67596L,Language='DE')/MembersCouncil"}},"Businesses":{"__deferred":{"uri":"https://ws.parlament.ch/OData.svc/Transcript(ID=67596L,Language='DE')/Businesses"}},"ID":"67596","Language":"DE","IdSubject":"10855","VoteId":"Flims_2-152","PersonNumber":null,"Type":2,"Text":"<pd_text><p><i>Abstimmung - Vote</i></p>\n<p>[NAM]</p>\n<p>F\u00fcr Annahme des Entwurfes .... 185 Stimmen</p>\n<p>(Einstimmigkeit)</p>\n<p>[PAGE 1601] </p>\n</pd_text>","MeetingCouncilAbbreviation":"N","MeetingDate":"20061006","MeetingVerbalixOid":1476,"IdSession":"4714","SpeakerFirstName":null,"SpeakerLastName":null,"SpeakerFullName":"","SpeakerFunction":null,"CouncilId":null,"CouncilName":null,"CantonId":null,"CantonName":null,"CantonAbbreviation":null,"ParlGroupName":null,"ParlGroupAbbreviation":null,"SortOrder":2,"Start":"\/Date(1160122603423)\/","End":"\/Date(1160122603423)\/","Function":null,"DisplaySpeaker":null,"LanguageOfText":"DE","Modified":"\/Date(1774877972281)\/","StartTimeWithTimezone":"\/Date(1160122603423+0120)\/","EndTimeWithTimezone":"\/Date(1160122603423+0120)\/","VoteBusinessNumber":20020415,"VoteBusinessShortNumber":"02.415","VoteBusinessTitle":"Parlamentarische Initiative\nFrey Claude.\n\u00c4nderung von Artikel 186\ndes Bundesgesetzes\n\u00fcber das Internationale Privatrecht"},{"__metadata":{"id":"https://ws.parlament.ch/OData.svc/Transcript(ID=67597L,Language='DE')","uri":"https://ws.parlament.ch/OData.svc/Transcript(ID=67597L,Language='DE')","type":"itsystems.Pd.DataServices.DataModel.Transcript"},"Subjects":{"__deferred":{"uri":"https://ws.parlament.ch/OData.svc/Transcript(ID=67597L,Language='DE')/Subjects"}},"MembersCouncil":{"__deferred":{"uri":"https://ws.parlament.ch/OData.svc/Transcript(ID=67597L,Language='DE')/MembersCouncil"}},"Businesses":{"__deferred":{"uri":"https://ws.parlament.ch/OData.svc/Transcript(ID=67597L,Language='DE')/Businesses"}},"ID":"67597","Language":"DE","IdSubject":"10855","VoteId":null,"PersonNumber":477,"Type":1,"Text":"<pd_text><p><b>Bundesgesetz \u00fcber das internationale Privatrecht (Schiedsgerichtsbarkeit. Zust\u00e4ndigkeit) </b></p>\n<p><b>Loi f\u00e9d\u00e9rale sur le droit international priv\u00e9 (Arbitrage. Comp\u00e9tence) </b></p>\n<p>[VS]</p>\n</pd_text>","MeetingCouncilAbbreviation":"N","MeetingDate":"20061006","MeetingVerbalixOid":1476,"IdSession":"4714","SpeakerFirstName":"Claude","SpeakerLastName":"Janiak","SpeakerFullName":"Janiak Claude","SpeakerFunction":"P-M","CouncilId":1,"CouncilName":"Nationalrat","CantonId":13,"CantonName":"Basel-Landschaft","CantonAbbreviation":"BL","ParlGroupName":"Sozialdemokratische Fraktion","ParlGroupAbbreviation":"S","SortOrder":1,"Start":"\/Date(1160122498470)\/","End":"\/Date(1160122603423)\/","Function":"P-M","DisplaySpeaker":false,"LanguageOfText":null,"Modified":"\/Date(1774877972275)\/","StartTimeWithTimezone":"\/Date(1160122498470+0120)\/","EndTimeWithTimezone":"\/Date(1160122603423+0120)\/","VoteBusinessNumber":null,"VoteBusinessShortNumber":null,"VoteBusinessTitle":null}]},"ID":"10855","Language":"DE","IdMeeting":"798","VerbalixOid":231791,"SortOrder":184,"Modified":"\/Date(1774877972271)\/"}}