{"d":{"__metadata":{"id":"https://ws.parlament.ch/OData.svc/Subject(ID=11094L,Language='DE')","uri":"https://ws.parlament.ch/OData.svc/Subject(ID=11094L,Language='DE')","type":"itsystems.Pd.DataServices.DataModel.Subject"},"Meetings":{"__metadata":{"id":"https://ws.parlament.ch/OData.svc/Meeting(ID=807L,Language='DE')","uri":"https://ws.parlament.ch/OData.svc/Meeting(ID=807L,Language='DE')","type":"itsystems.Pd.DataServices.DataModel.Meeting"},"Sessions":{"__deferred":{"uri":"https://ws.parlament.ch/OData.svc/Meeting(ID=807L,Language='DE')/Sessions"}},"Subjects":{"__deferred":{"uri":"https://ws.parlament.ch/OData.svc/Meeting(ID=807L,Language='DE')/Subjects"}},"ID":"807","Language":"DE","MeetingNumber":9,"IdSession":4714,"SessionNumber":14,"SessionName":"Herbstsession 2006","Council":2,"CouncilName":"St\u00e4nderat","CouncilAbbreviation":"SR","Date":"\/Date(1159747200000)\/","Begin":"1700","Modified":"\/Date(1447069985460)\/","LegislativePeriodNumber":47,"PublicationStatus":"final","MeetingOrderText":"Neunte Sitzung","SortOrder":9,"Location":"S"},"SubjectsBusiness":{"results":[{"__metadata":{"id":"https://ws.parlament.ch/OData.svc/SubjectBusiness(BusinessNumber=20000462,IdSubject=11094L,Language='DE')","uri":"https://ws.parlament.ch/OData.svc/SubjectBusiness(BusinessNumber=20000462,IdSubject=11094L,Language='DE')","type":"itsystems.Pd.DataServices.DataModel.SubjectBusiness"},"Subjects":{"__deferred":{"uri":"https://ws.parlament.ch/OData.svc/SubjectBusiness(BusinessNumber=20000462,IdSubject=11094L,Language='DE')/Subjects"}},"Businesses":{"__deferred":{"uri":"https://ws.parlament.ch/OData.svc/SubjectBusiness(BusinessNumber=20000462,IdSubject=11094L,Language='DE')/Businesses"}},"IdSubject":"11094","BusinessNumber":20000462,"Language":"DE","BusinessShortNumber":"00.462","Title":"Revision des RTVG","SortOrder":1,"PublishedNotes":"Abschreibung - Classement\n","Modified":"\/Date(1447069116393)\/","TitleDE":"Parlamentarische Initiative\nSchmid Carlo.\nRevision des RTVG","TitleFR":"Initiative parlementaire\nSchmid Carlo.\nR\u00e9vision de la LRTV","TitleIT":null}]},"Transcripts":{"results":[{"__metadata":{"id":"https://ws.parlament.ch/OData.svc/Transcript(ID=68312L,Language='DE')","uri":"https://ws.parlament.ch/OData.svc/Transcript(ID=68312L,Language='DE')","type":"itsystems.Pd.DataServices.DataModel.Transcript"},"Subjects":{"__deferred":{"uri":"https://ws.parlament.ch/OData.svc/Transcript(ID=68312L,Language='DE')/Subjects"}},"MembersCouncil":{"__deferred":{"uri":"https://ws.parlament.ch/OData.svc/Transcript(ID=68312L,Language='DE')/MembersCouncil"}},"Businesses":{"__deferred":{"uri":"https://ws.parlament.ch/OData.svc/Transcript(ID=68312L,Language='DE')/Businesses"}},"ID":"68312","Language":"DE","IdSubject":"11094","VoteId":null,"PersonNumber":37,"Type":1,"Text":"<pd_text><p><i>Abgeschrieben - Class\u00e9</i></p>\n</pd_text>","MeetingCouncilAbbreviation":"S","MeetingDate":"20061002","MeetingVerbalixOid":1485,"IdSession":"4714","SpeakerFirstName":"Rolf","SpeakerLastName":"B\u00fcttiker","SpeakerFullName":"B\u00fcttiker Rolf","SpeakerFunction":"P-M","CouncilId":2,"CouncilName":"St\u00e4nderat","CantonId":11,"CantonName":"Solothurn","CantonAbbreviation":"SO","ParlGroupName":"Freisinnig-demokratische Fraktion","ParlGroupAbbreviation":"RL","SortOrder":3,"Start":"\/Date(1159815974210)\/","End":"\/Date(1159815989197)\/","Function":"P-M","DisplaySpeaker":false,"LanguageOfText":null,"Modified":"\/Date(1510849718797)\/","StartTimeWithTimezone":"\/Date(1159815974210+0120)\/","EndTimeWithTimezone":"\/Date(1159815989197+0120)\/","VoteBusinessNumber":null,"VoteBusinessShortNumber":null,"VoteBusinessTitle":null},{"__metadata":{"id":"https://ws.parlament.ch/OData.svc/Transcript(ID=68313L,Language='DE')","uri":"https://ws.parlament.ch/OData.svc/Transcript(ID=68313L,Language='DE')","type":"itsystems.Pd.DataServices.DataModel.Transcript"},"Subjects":{"__deferred":{"uri":"https://ws.parlament.ch/OData.svc/Transcript(ID=68313L,Language='DE')/Subjects"}},"MembersCouncil":{"__deferred":{"uri":"https://ws.parlament.ch/OData.svc/Transcript(ID=68313L,Language='DE')/MembersCouncil"}},"Businesses":{"__deferred":{"uri":"https://ws.parlament.ch/OData.svc/Transcript(ID=68313L,Language='DE')/Businesses"}},"ID":"68313","Language":"DE","IdSubject":"11094","VoteId":null,"PersonNumber":541,"Type":1,"Text":"<pd_text><p>Ich verzichte auf weitere Ausf\u00fchrungen.</p>\n</pd_text>","MeetingCouncilAbbreviation":"S","MeetingDate":"20061002","MeetingVerbalixOid":1485,"IdSession":"4714","SpeakerFirstName":"Thomas","SpeakerLastName":"Pfisterer","SpeakerFullName":"Pfisterer Thomas","SpeakerFunction":"Mit-M","CouncilId":2,"CouncilName":"St\u00e4nderat","CantonId":19,"CantonName":"Aargau","CantonAbbreviation":"AG","ParlGroupName":"Freisinnig-demokratische Fraktion","ParlGroupAbbreviation":"RL","SortOrder":2,"Start":"\/Date(1159815965507)\/","End":"\/Date(1159815974210)\/","Function":"*","DisplaySpeaker":true,"LanguageOfText":"DE","Modified":"\/Date(1510849718797)\/","StartTimeWithTimezone":"\/Date(1159815965507+0120)\/","EndTimeWithTimezone":"\/Date(1159815974210+0120)\/","VoteBusinessNumber":null,"VoteBusinessShortNumber":null,"VoteBusinessTitle":null},{"__metadata":{"id":"https://ws.parlament.ch/OData.svc/Transcript(ID=68314L,Language='DE')","uri":"https://ws.parlament.ch/OData.svc/Transcript(ID=68314L,Language='DE')","type":"itsystems.Pd.DataServices.DataModel.Transcript"},"Subjects":{"__deferred":{"uri":"https://ws.parlament.ch/OData.svc/Transcript(ID=68314L,Language='DE')/Subjects"}},"MembersCouncil":{"__deferred":{"uri":"https://ws.parlament.ch/OData.svc/Transcript(ID=68314L,Language='DE')/MembersCouncil"}},"Businesses":{"__deferred":{"uri":"https://ws.parlament.ch/OData.svc/Transcript(ID=68314L,Language='DE')/Businesses"}},"ID":"68314","Language":"DE","IdSubject":"11094","VoteId":null,"PersonNumber":37,"Type":1,"Text":"<pd_text><p>Es liegt ein schriftlicher Bericht der Kommission vor. Sie beantragt einstimmig, die Initiative abzuschreiben.</p>\n</pd_text>","MeetingCouncilAbbreviation":"S","MeetingDate":"20061002","MeetingVerbalixOid":1485,"IdSession":"4714","SpeakerFirstName":"Rolf","SpeakerLastName":"B\u00fcttiker","SpeakerFullName":"B\u00fcttiker Rolf","SpeakerFunction":"P-M","CouncilId":2,"CouncilName":"St\u00e4nderat","CantonId":11,"CantonName":"Solothurn","CantonAbbreviation":"SO","ParlGroupName":"Freisinnig-demokratische Fraktion","ParlGroupAbbreviation":"RL","SortOrder":1,"Start":"\/Date(1159815945320)\/","End":"\/Date(1159815965507)\/","Function":"P-M","DisplaySpeaker":true,"LanguageOfText":"DE","Modified":"\/Date(1510849718797)\/","StartTimeWithTimezone":"\/Date(1159815945320+0120)\/","EndTimeWithTimezone":"\/Date(1159815965507+0120)\/","VoteBusinessNumber":null,"VoteBusinessShortNumber":null,"VoteBusinessTitle":null}]},"ID":"11094","Language":"DE","IdMeeting":"807","VerbalixOid":230209,"SortOrder":6,"Modified":"\/Date(1510849718797)\/"}}