{"d":{"__metadata":{"id":"https://ws.parlament.ch/OData.svc/Subject(ID=11218L,Language='DE')","uri":"https://ws.parlament.ch/OData.svc/Subject(ID=11218L,Language='DE')","type":"itsystems.Pd.DataServices.DataModel.Subject"},"Meetings":{"__metadata":{"id":"https://ws.parlament.ch/OData.svc/Meeting(ID=823L,Language='DE')","uri":"https://ws.parlament.ch/OData.svc/Meeting(ID=823L,Language='DE')","type":"itsystems.Pd.DataServices.DataModel.Meeting"},"Sessions":{"__deferred":{"uri":"https://ws.parlament.ch/OData.svc/Meeting(ID=823L,Language='DE')/Sessions"}},"Subjects":{"__deferred":{"uri":"https://ws.parlament.ch/OData.svc/Meeting(ID=823L,Language='DE')/Subjects"}},"ID":"823","Language":"DE","MeetingNumber":9,"IdSession":4715,"SessionNumber":15,"SessionName":"Wintersession 2006","Council":1,"CouncilName":"Nationalrat","CouncilAbbreviation":"NR","Date":"\/Date(1166400000000)\/","Begin":"1430","Modified":"\/Date(1447069990687)\/","LegislativePeriodNumber":47,"PublicationStatus":"final","MeetingOrderText":"Neunte Sitzung","SortOrder":9,"Location":"N"},"SubjectsBusiness":{"results":[{"__metadata":{"id":"https://ws.parlament.ch/OData.svc/SubjectBusiness(BusinessNumber=20065261,IdSubject=11218L,Language='DE')","uri":"https://ws.parlament.ch/OData.svc/SubjectBusiness(BusinessNumber=20065261,IdSubject=11218L,Language='DE')","type":"itsystems.Pd.DataServices.DataModel.SubjectBusiness"},"Subjects":{"__deferred":{"uri":"https://ws.parlament.ch/OData.svc/SubjectBusiness(BusinessNumber=20065261,IdSubject=11218L,Language='DE')/Subjects"}},"Businesses":{"__deferred":{"uri":"https://ws.parlament.ch/OData.svc/SubjectBusiness(BusinessNumber=20065261,IdSubject=11218L,Language='DE')/Businesses"}},"IdSubject":"11218","BusinessNumber":20065261,"Language":"DE","BusinessShortNumber":"06.5261","Title":"33 gef\u00e4hrdete Botschaften!","SortOrder":1,"PublishedNotes":null,"Modified":"\/Date(1447069326396)\/","TitleDE":"Fragestunde.\nFrage Gyr-Steiner Josy.\n33 gef\u00e4hrdete Botschaften!","TitleFR":"Heure des questions.\nQuestion Gyr-Steiner Josy.\n33 ambassades soup\u00e7onn\u00e9es!","TitleIT":null}]},"Transcripts":{"results":[{"__metadata":{"id":"https://ws.parlament.ch/OData.svc/Transcript(ID=69743L,Language='DE')","uri":"https://ws.parlament.ch/OData.svc/Transcript(ID=69743L,Language='DE')","type":"itsystems.Pd.DataServices.DataModel.Transcript"},"Subjects":{"__deferred":{"uri":"https://ws.parlament.ch/OData.svc/Transcript(ID=69743L,Language='DE')/Subjects"}},"MembersCouncil":{"__deferred":{"uri":"https://ws.parlament.ch/OData.svc/Transcript(ID=69743L,Language='DE')/MembersCouncil"}},"Businesses":{"__deferred":{"uri":"https://ws.parlament.ch/OData.svc/Transcript(ID=69743L,Language='DE')/Businesses"}},"ID":"69743","Language":"DE","IdSubject":"11218","VoteId":null,"PersonNumber":827,"Type":1,"Text":"<pd_text><p>Madame la conseill\u00e8re nationale, je peux difficilement vous r\u00e9pondre pour l'ensemble du Conseil f\u00e9d\u00e9ral. Je vous pr\u00e9senterai donc ses r\u00e9ponses \u00e0 une autre occasion. Pour ce qui concerne le D\u00e9partement f\u00e9d\u00e9ral des affaires \u00e9trang\u00e8res, c'est la seule demande que nous avons eue.</p>\n<p>[PAGE 1880] </p>\n</pd_text>","MeetingCouncilAbbreviation":"N","MeetingDate":"20061218","MeetingVerbalixOid":1501,"IdSession":"4715","SpeakerFirstName":"Micheline","SpeakerLastName":"Calmy-Rey","SpeakerFullName":"Calmy-Rey Micheline","SpeakerFunction":"VPBR-F","CouncilId":99,"CouncilName":"Bundesrat","CantonId":25,"CantonName":"Genf","CantonAbbreviation":"GE","ParlGroupName":null,"ParlGroupAbbreviation":null,"SortOrder":3,"Start":"\/Date(1166453125338)\/","End":"\/Date(1166453141791)\/","Function":"VPBR-F","DisplaySpeaker":true,"LanguageOfText":"FR","Modified":"\/Date(1774877955762)\/","StartTimeWithTimezone":"\/Date(1166453125337+0060)\/","EndTimeWithTimezone":"\/Date(1166453141790+0060)\/","VoteBusinessNumber":null,"VoteBusinessShortNumber":null,"VoteBusinessTitle":null},{"__metadata":{"id":"https://ws.parlament.ch/OData.svc/Transcript(ID=69744L,Language='DE')","uri":"https://ws.parlament.ch/OData.svc/Transcript(ID=69744L,Language='DE')","type":"itsystems.Pd.DataServices.DataModel.Transcript"},"Subjects":{"__deferred":{"uri":"https://ws.parlament.ch/OData.svc/Transcript(ID=69744L,Language='DE')/Subjects"}},"MembersCouncil":{"__deferred":{"uri":"https://ws.parlament.ch/OData.svc/Transcript(ID=69744L,Language='DE')/MembersCouncil"}},"Businesses":{"__deferred":{"uri":"https://ws.parlament.ch/OData.svc/Transcript(ID=69744L,Language='DE')/Businesses"}},"ID":"69744","Language":"DE","IdSubject":"11218","VoteId":null,"PersonNumber":1151,"Type":1,"Text":"<pd_text><p>Danke, Frau Bundesr\u00e4tin, f\u00fcr Ihre Antwort. Ich habe leider erst die genaue Antwort bemerkt, nachdem ich meine Frage bereits eingereicht hatte. Ich habe nun eine zus\u00e4tzliche Frage: Wie viele solche Entscheide zur Ver\u00f6ffentlichung im \u00d6ffentlichkeitsrecht hat der Bundesrat bereits f\u00e4llen m\u00fcssen? Und wenn solche Ver\u00f6ffentlichungen bekanntgegeben werden m\u00fcssen, w\u00e4re es nicht besser, wenn das Bundesamt reagieren w\u00fcrde, als wenn die Presse dann einfach agieren kann?</p>\n</pd_text>","MeetingCouncilAbbreviation":"N","MeetingDate":"20061218","MeetingVerbalixOid":1501,"IdSession":"4715","SpeakerFirstName":"Josy","SpeakerLastName":"Gyr-Steiner","SpeakerFullName":"Gyr-Steiner Josy","SpeakerFunction":"Mit-F","CouncilId":1,"CouncilName":"Nationalrat","CantonId":5,"CantonName":"Schwyz","CantonAbbreviation":"SZ","ParlGroupName":"Sozialdemokratische Fraktion","ParlGroupAbbreviation":"S","SortOrder":2,"Start":"\/Date(1166453063293)\/","End":"\/Date(1166453125338)\/","Function":"Mit-F","DisplaySpeaker":true,"LanguageOfText":"DE","Modified":"\/Date(1774877955758)\/","StartTimeWithTimezone":"\/Date(1166453063293+0060)\/","EndTimeWithTimezone":"\/Date(1166453125337+0060)\/","VoteBusinessNumber":null,"VoteBusinessShortNumber":null,"VoteBusinessTitle":null},{"__metadata":{"id":"https://ws.parlament.ch/OData.svc/Transcript(ID=69745L,Language='DE')","uri":"https://ws.parlament.ch/OData.svc/Transcript(ID=69745L,Language='DE')","type":"itsystems.Pd.DataServices.DataModel.Transcript"},"Subjects":{"__deferred":{"uri":"https://ws.parlament.ch/OData.svc/Transcript(ID=69745L,Language='DE')/Subjects"}},"MembersCouncil":{"__deferred":{"uri":"https://ws.parlament.ch/OData.svc/Transcript(ID=69745L,Language='DE')/MembersCouncil"}},"Businesses":{"__deferred":{"uri":"https://ws.parlament.ch/OData.svc/Transcript(ID=69745L,Language='DE')/Businesses"}},"ID":"69745","Language":"DE","IdSubject":"11218","VoteId":null,"PersonNumber":827,"Type":1,"Text":"<pd_text><p>Apr\u00e8s que l'ambassade de Suisse \u00e0 Islamabad est devenue la cible d'organisations mafieuses, le DFAE a proc\u00e9d\u00e9 \u00e0 une \u00e9valuation des risques portant sur les diff\u00e9rentes implantations g\u00e9ographiques de nos repr\u00e9sentations. Dans ce cadre, une liste interne a \u00e9t\u00e9 \u00e9tablie, sur laquelle figurent divers facteurs de risque et d'autres donn\u00e9es. Le but de cette liste est d'identifier les pays pr\u00e9sentant des risques particuli\u00e8rement \u00e9lev\u00e9s dans le domaine de l'\u00e9tablissement des visas. C'est sur la base de cette \u00e9valuation des risques que des mesures de s\u00e9curit\u00e9 sont prises. La publication de la liste aurait donc permis de savoir quelles repr\u00e9sentations appliquent des mesures de s\u00e9curit\u00e9 particuli\u00e8rement s\u00e9v\u00e8res et lesquelles se contentent des mesures de s\u00e9curit\u00e9 habituelles; cela aurait repr\u00e9sent\u00e9 un s\u00e9rieux avantage pour ceux qui souhaitent obtenir un visa de mani\u00e8re illicite.</p>\n<p>Le 23 septembre 2006, un journaliste de la \"Sonntags-Zeitung\" a demand\u00e9 la publication de cette liste en se fondant sur la loi sur la transparence. Le DFAE a rejet\u00e9 cette demande le 16 octobre 2006. En vertu d'une recommandation du pr\u00e9pos\u00e9 f\u00e9d\u00e9ral \u00e0 la protection des donn\u00e9es et \u00e0 la transparence du 27 novembre 2006, le DFAE a proc\u00e9d\u00e9 \u00e0 la publication de la liste.</p>\n<p>Quant \u00e0 savoir s'il est toujours opportun de tenir une telle liste dans ces conditions, la question est \u00e0 l'examen.</p>\n</pd_text>","MeetingCouncilAbbreviation":"N","MeetingDate":"20061218","MeetingVerbalixOid":1501,"IdSession":"4715","SpeakerFirstName":"Micheline","SpeakerLastName":"Calmy-Rey","SpeakerFullName":"Calmy-Rey Micheline","SpeakerFunction":"VPBR-F","CouncilId":99,"CouncilName":"Bundesrat","CantonId":25,"CantonName":"Genf","CantonAbbreviation":"GE","ParlGroupName":null,"ParlGroupAbbreviation":null,"SortOrder":1,"Start":"\/Date(1166452970624)\/","End":"\/Date(1166453063293)\/","Function":"VPBR-F","DisplaySpeaker":true,"LanguageOfText":"FR","Modified":"\/Date(1774877955756)\/","StartTimeWithTimezone":"\/Date(1166452970623+0060)\/","EndTimeWithTimezone":"\/Date(1166453063293+0060)\/","VoteBusinessNumber":null,"VoteBusinessShortNumber":null,"VoteBusinessTitle":null}]},"ID":"11218","Language":"DE","IdMeeting":"823","VerbalixOid":235543,"SortOrder":5,"Modified":"\/Date(1774877955754)\/"}}