{"d":{"__metadata":{"id":"https://ws.parlament.ch/OData.svc/Subject(ID=11336L,Language='DE')","uri":"https://ws.parlament.ch/OData.svc/Subject(ID=11336L,Language='DE')","type":"itsystems.Pd.DataServices.DataModel.Subject"},"Meetings":{"__metadata":{"id":"https://ws.parlament.ch/OData.svc/Meeting(ID=837L,Language='DE')","uri":"https://ws.parlament.ch/OData.svc/Meeting(ID=837L,Language='DE')","type":"itsystems.Pd.DataServices.DataModel.Meeting"},"Sessions":{"__deferred":{"uri":"https://ws.parlament.ch/OData.svc/Meeting(ID=837L,Language='DE')/Sessions"}},"Subjects":{"__deferred":{"uri":"https://ws.parlament.ch/OData.svc/Meeting(ID=837L,Language='DE')/Subjects"}},"ID":"837","Language":"DE","MeetingNumber":12,"IdSession":4715,"SessionNumber":15,"SessionName":"Wintersession 2006","Council":2,"CouncilName":"St\u00e4nderat","CouncilAbbreviation":"SR","Date":"\/Date(1166572800000)\/","Begin":"0800","Modified":"\/Date(1447069995207)\/","LegislativePeriodNumber":47,"PublicationStatus":"final","MeetingOrderText":"Zw\u00f6lfte Sitzung","SortOrder":12,"Location":"S"},"SubjectsBusiness":{"results":[{"__metadata":{"id":"https://ws.parlament.ch/OData.svc/SubjectBusiness(BusinessNumber=20060474,IdSubject=11336L,Language='DE')","uri":"https://ws.parlament.ch/OData.svc/SubjectBusiness(BusinessNumber=20060474,IdSubject=11336L,Language='DE')","type":"itsystems.Pd.DataServices.DataModel.SubjectBusiness"},"Subjects":{"__deferred":{"uri":"https://ws.parlament.ch/OData.svc/SubjectBusiness(BusinessNumber=20060474,IdSubject=11336L,Language='DE')/Subjects"}},"Businesses":{"__deferred":{"uri":"https://ws.parlament.ch/OData.svc/SubjectBusiness(BusinessNumber=20060474,IdSubject=11336L,Language='DE')/Businesses"}},"IdSubject":"11336","BusinessNumber":20060474,"Language":"DE","BusinessShortNumber":"06.474","Title":"Verl\u00e4ngerung des Bundesgesetzes \u00fcber die Anpassung der kantonalen Beitr\u00e4ge f\u00fcr die innerkantonalen station\u00e4ren Behandlungen","SortOrder":1,"PublishedNotes":"Schlussabstimmung - Vote final\n","Modified":"\/Date(1447069299310)\/","TitleDE":"Parlamentarische Initiative\nSGK-SR.\nVerl\u00e4ngerung des Bundesgesetzes\n\u00fcber die Anpassung\nder kantonalen Beitr\u00e4ge\nf\u00fcr die innerkantonalen\nstation\u00e4ren Behandlungen","TitleFR":"Initiative parlementaire\nCSSS-CE.\nProrogation de la loi f\u00e9d\u00e9rale\nsur l'adaptation\ndes participations cantonales\naux co\u00fbts des traitements hospitaliers\ndispens\u00e9s dans le canton","TitleIT":null}]},"Transcripts":{"results":[{"__metadata":{"id":"https://ws.parlament.ch/OData.svc/Transcript(ID=71153L,Language='DE')","uri":"https://ws.parlament.ch/OData.svc/Transcript(ID=71153L,Language='DE')","type":"itsystems.Pd.DataServices.DataModel.Transcript"},"Subjects":{"__deferred":{"uri":"https://ws.parlament.ch/OData.svc/Transcript(ID=71153L,Language='DE')/Subjects"}},"MembersCouncil":{"__deferred":{"uri":"https://ws.parlament.ch/OData.svc/Transcript(ID=71153L,Language='DE')/MembersCouncil"}},"Businesses":{"__deferred":{"uri":"https://ws.parlament.ch/OData.svc/Transcript(ID=71153L,Language='DE')/Businesses"}},"ID":"71153","Language":"DE","IdSubject":"11336","VoteId":null,"PersonNumber":277,"Type":1,"Text":"<pd_text><p><b>Bundesgesetz \u00fcber die Anpassung der kantonalen Beitr\u00e4ge f\u00fcr die innerkantonalen station\u00e4ren Behandlungen nach dem Bundesgesetz \u00fcber die Krankenversicherung </b></p>\n<p><b>Loi f\u00e9d\u00e9rale sur l'adaptation des participations cantonales aux co\u00fbts des traitements hospitaliers dispens\u00e9s dans le canton selon la loi f\u00e9d\u00e9rale sur l'assurance-maladie </b></p>\n<p>[VS]</p>\n<p><i>Abstimmung - Vote</i></p>\n<p>F\u00fcr Annahme des Entwurfes .... 27 Stimmen</p>\n<p>(Einstimmigkeit)</p>\n<p>(0 Enthaltungen)</p>\n</pd_text>","MeetingCouncilAbbreviation":"S","MeetingDate":"20061220","MeetingVerbalixOid":1516,"IdSession":"4715","SpeakerFirstName":"Peter","SpeakerLastName":"Bieri","SpeakerFullName":"Bieri Peter","SpeakerFunction":"P-M","CouncilId":2,"CouncilName":"St\u00e4nderat","CantonId":9,"CantonName":"Zug","CantonAbbreviation":"ZG","ParlGroupName":"Christlichdemokratische Fraktion","ParlGroupAbbreviation":"M-E","SortOrder":1,"Start":"\/Date(1166626551710)\/","End":"\/Date(1166626590833)\/","Function":"P-M","DisplaySpeaker":false,"LanguageOfText":null,"Modified":"\/Date(1510849739577)\/","StartTimeWithTimezone":"\/Date(1166626551710+0060)\/","EndTimeWithTimezone":"\/Date(1166626590833+0060)\/","VoteBusinessNumber":null,"VoteBusinessShortNumber":null,"VoteBusinessTitle":null}]},"ID":"11336","Language":"DE","IdMeeting":"837","VerbalixOid":237123,"SortOrder":16,"Modified":"\/Date(1510849739577)\/"}}