{"d":{"__metadata":{"id":"https://ws.parlament.ch/OData.svc/Subject(ID=11344L,Language='DE')","uri":"https://ws.parlament.ch/OData.svc/Subject(ID=11344L,Language='DE')","type":"itsystems.Pd.DataServices.DataModel.Subject"},"Meetings":{"__metadata":{"id":"https://ws.parlament.ch/OData.svc/Meeting(ID=837L,Language='DE')","uri":"https://ws.parlament.ch/OData.svc/Meeting(ID=837L,Language='DE')","type":"itsystems.Pd.DataServices.DataModel.Meeting"},"Sessions":{"__deferred":{"uri":"https://ws.parlament.ch/OData.svc/Meeting(ID=837L,Language='DE')/Sessions"}},"Subjects":{"__deferred":{"uri":"https://ws.parlament.ch/OData.svc/Meeting(ID=837L,Language='DE')/Subjects"}},"ID":"837","Language":"DE","MeetingNumber":12,"IdSession":4715,"SessionNumber":15,"SessionName":"Wintersession 2006","Council":2,"CouncilName":"St\u00e4nderat","CouncilAbbreviation":"SR","Date":"\/Date(1166572800000)\/","Begin":"0800","Modified":"\/Date(1447069995207)\/","LegislativePeriodNumber":47,"PublicationStatus":"final","MeetingOrderText":"Zw\u00f6lfte Sitzung","SortOrder":12,"Location":"S"},"SubjectsBusiness":{"results":[{"__metadata":{"id":"https://ws.parlament.ch/OData.svc/SubjectBusiness(BusinessNumber=20050411,IdSubject=11344L,Language='DE')","uri":"https://ws.parlament.ch/OData.svc/SubjectBusiness(BusinessNumber=20050411,IdSubject=11344L,Language='DE')","type":"itsystems.Pd.DataServices.DataModel.SubjectBusiness"},"Subjects":{"__deferred":{"uri":"https://ws.parlament.ch/OData.svc/SubjectBusiness(BusinessNumber=20050411,IdSubject=11344L,Language='DE')/Subjects"}},"Businesses":{"__deferred":{"uri":"https://ws.parlament.ch/OData.svc/SubjectBusiness(BusinessNumber=20050411,IdSubject=11344L,Language='DE')/Businesses"}},"IdSubject":"11344","BusinessNumber":20050411,"Language":"DE","BusinessShortNumber":"05.411","Title":"Wechsel der Vorsorgeeinrichtung","SortOrder":1,"PublishedNotes":"Schlussabstimmung - Vote final\n","Modified":"\/Date(1447069266566)\/","TitleDE":"Parlamentarische Initiative\nSGK-NR.\nWechsel der Vorsorgeeinrichtung","TitleFR":"Initiative parlementaire\nCSSS-CN.\nChangement d'institution de pr\u00e9voyance","TitleIT":null}]},"Transcripts":{"results":[{"__metadata":{"id":"https://ws.parlament.ch/OData.svc/Transcript(ID=71249L,Language='DE')","uri":"https://ws.parlament.ch/OData.svc/Transcript(ID=71249L,Language='DE')","type":"itsystems.Pd.DataServices.DataModel.Transcript"},"Subjects":{"__deferred":{"uri":"https://ws.parlament.ch/OData.svc/Transcript(ID=71249L,Language='DE')/Subjects"}},"MembersCouncil":{"__deferred":{"uri":"https://ws.parlament.ch/OData.svc/Transcript(ID=71249L,Language='DE')/MembersCouncil"}},"Businesses":{"__deferred":{"uri":"https://ws.parlament.ch/OData.svc/Transcript(ID=71249L,Language='DE')/Businesses"}},"ID":"71249","Language":"DE","IdSubject":"11344","VoteId":null,"PersonNumber":277,"Type":1,"Text":"<pd_text><p><b>Bundesgesetz \u00fcber die berufliche Alters-, Hinterlassenen- und Invalidenvorsorge </b></p>\n<p><b>Loi f\u00e9d\u00e9rale sur la pr\u00e9voyance professionnelle vieillesse, survivants et invalidit\u00e9 </b></p>\n<p>[VS]</p>\n<p><i>Abstimmung - Vote</i></p>\n<p>F\u00fcr Annahme des Entwurfes .... 31 Stimmen</p>\n<p>(Einstimmigkeit)</p>\n<p>(0 Enthaltungen)</p>\n<p>[VS]</p>\n<p>[VS]</p>\n<p><b>Pr\u00e4sident</b> (Bieri Peter, Pr\u00e4sident): Die Schlussabstimmung \u00fcber die auf der Tagesordnung mit \"Ev.\" bezeichneten Vorlagen 06.014, 06.015 und 06.034 entf\u00e4llt.</p>\n</pd_text>","MeetingCouncilAbbreviation":"S","MeetingDate":"20061220","MeetingVerbalixOid":1516,"IdSession":"4715","SpeakerFirstName":"Peter","SpeakerLastName":"Bieri","SpeakerFullName":"Bieri Peter","SpeakerFunction":"P-M","CouncilId":2,"CouncilName":"St\u00e4nderat","CantonId":9,"CantonName":"Zug","CantonAbbreviation":"ZG","ParlGroupName":"Christlichdemokratische Fraktion","ParlGroupAbbreviation":"M-E","SortOrder":1,"Start":"\/Date(1166626290277)\/","End":"\/Date(1166626350087)\/","Function":"P-M","DisplaySpeaker":false,"LanguageOfText":null,"Modified":"\/Date(1510849739560)\/","StartTimeWithTimezone":"\/Date(1166626290277+0060)\/","EndTimeWithTimezone":"\/Date(1166626350087+0060)\/","VoteBusinessNumber":null,"VoteBusinessShortNumber":null,"VoteBusinessTitle":null}]},"ID":"11344","Language":"DE","IdMeeting":"837","VerbalixOid":237107,"SortOrder":13,"Modified":"\/Date(1510849739560)\/"}}