{"d":{"__metadata":{"id":"https://ws.parlament.ch/OData.svc/Subject(ID=11372L,Language='DE')","uri":"https://ws.parlament.ch/OData.svc/Subject(ID=11372L,Language='DE')","type":"itsystems.Pd.DataServices.DataModel.Subject"},"Meetings":{"__metadata":{"id":"https://ws.parlament.ch/OData.svc/Meeting(ID=842L,Language='DE')","uri":"https://ws.parlament.ch/OData.svc/Meeting(ID=842L,Language='DE')","type":"itsystems.Pd.DataServices.DataModel.Meeting"},"Sessions":{"__deferred":{"uri":"https://ws.parlament.ch/OData.svc/Meeting(ID=842L,Language='DE')/Sessions"}},"Subjects":{"__deferred":{"uri":"https://ws.parlament.ch/OData.svc/Meeting(ID=842L,Language='DE')/Subjects"}},"ID":"842","Language":"DE","MeetingNumber":4,"IdSession":4716,"SessionNumber":16,"SessionName":"Fr\u00fchjahrssession 2007","Council":1,"CouncilName":"Nationalrat","CouncilAbbreviation":"NR","Date":"\/Date(1173225600000)\/","Begin":"1500","Modified":"\/Date(1447069996800)\/","LegislativePeriodNumber":47,"PublicationStatus":"final","MeetingOrderText":"Vierte Sitzung","SortOrder":4,"Location":"N"},"SubjectsBusiness":{"results":[{"__metadata":{"id":"https://ws.parlament.ch/OData.svc/SubjectBusiness(BusinessNumber=20060071,IdSubject=11372L,Language='DE')","uri":"https://ws.parlament.ch/OData.svc/SubjectBusiness(BusinessNumber=20060071,IdSubject=11372L,Language='DE')","type":"itsystems.Pd.DataServices.DataModel.SubjectBusiness"},"Subjects":{"__deferred":{"uri":"https://ws.parlament.ch/OData.svc/SubjectBusiness(BusinessNumber=20060071,IdSubject=11372L,Language='DE')/Subjects"}},"Businesses":{"__deferred":{"uri":"https://ws.parlament.ch/OData.svc/SubjectBusiness(BusinessNumber=20060071,IdSubject=11372L,Language='DE')/Businesses"}},"IdSubject":"11372","BusinessNumber":20060071,"Language":"DE","BusinessShortNumber":"06.071","Title":"Doppelbesteuerung. Abkommen mit Algerien","SortOrder":1,"PublishedNotes":"Zweitrat - Deuxi\u00e8me Conseil\n","Modified":"\/Date(1447069296053)\/","TitleDE":"Doppelbesteuerung.\nAbkommen mit Algerien","TitleFR":"Double imposition.\nConvention avec l'Alg\u00e9rie","TitleIT":null}]},"Transcripts":{"results":[{"__metadata":{"id":"https://ws.parlament.ch/OData.svc/Transcript(ID=71581L,Language='DE')","uri":"https://ws.parlament.ch/OData.svc/Transcript(ID=71581L,Language='DE')","type":"itsystems.Pd.DataServices.DataModel.Transcript"},"Subjects":{"__deferred":{"uri":"https://ws.parlament.ch/OData.svc/Transcript(ID=71581L,Language='DE')/Subjects"}},"MembersCouncil":{"__deferred":{"uri":"https://ws.parlament.ch/OData.svc/Transcript(ID=71581L,Language='DE')/MembersCouncil"}},"Businesses":{"__deferred":{"uri":"https://ws.parlament.ch/OData.svc/Transcript(ID=71581L,Language='DE')/Businesses"}},"ID":"71581","Language":"DE","IdSubject":"11372","VoteId":"3879","PersonNumber":null,"Type":2,"Text":"<pd_text><p><i>Gesamtabstimmung - Vote sur l'ensemble</i></p>\n<p>[NAM]</p>\n<p>F\u00fcr Annahme des Entwurfes .... 85 Stimmen</p>\n<p>Dagegen .... 49 Stimmen</p>\n</pd_text>","MeetingCouncilAbbreviation":"N","MeetingDate":"20070307","MeetingVerbalixOid":1521,"IdSession":"4716","SpeakerFirstName":null,"SpeakerLastName":null,"SpeakerFullName":"","SpeakerFunction":null,"CouncilId":null,"CouncilName":null,"CantonId":null,"CantonName":null,"CantonAbbreviation":null,"ParlGroupName":null,"ParlGroupAbbreviation":null,"SortOrder":7,"Start":"\/Date(1173293030496)\/","End":"\/Date(1173293030496)\/","Function":null,"DisplaySpeaker":null,"LanguageOfText":"DE","Modified":"\/Date(1774877935848)\/","StartTimeWithTimezone":"\/Date(1173293030497+0060)\/","EndTimeWithTimezone":"\/Date(1173293030497+0060)\/","VoteBusinessNumber":20060071,"VoteBusinessShortNumber":"06.071","VoteBusinessTitle":"Doppelbesteuerung.\nAbkommen mit Algerien"},{"__metadata":{"id":"https://ws.parlament.ch/OData.svc/Transcript(ID=71582L,Language='DE')","uri":"https://ws.parlament.ch/OData.svc/Transcript(ID=71582L,Language='DE')","type":"itsystems.Pd.DataServices.DataModel.Transcript"},"Subjects":{"__deferred":{"uri":"https://ws.parlament.ch/OData.svc/Transcript(ID=71582L,Language='DE')/Subjects"}},"MembersCouncil":{"__deferred":{"uri":"https://ws.parlament.ch/OData.svc/Transcript(ID=71582L,Language='DE')/MembersCouncil"}},"Businesses":{"__deferred":{"uri":"https://ws.parlament.ch/OData.svc/Transcript(ID=71582L,Language='DE')/Businesses"}},"ID":"71582","Language":"DE","IdSubject":"11372","VoteId":null,"PersonNumber":316,"Type":1,"Text":"<pd_text><p><i>Abstimmung - Vote</i></p>\n<p>F\u00fcr Eintreten .... 86 Stimmen</p>\n<p>Dagegen .... 52 Stimmen</p>\n<p>[VS]</p>\n<p>[VS]</p>\n<p><b>Bundesbeschluss \u00fcber die Genehmigung eines Doppelbesteuerungsabkommens mit Algerien </b></p>\n<p><b>Arr\u00eat\u00e9 f\u00e9d\u00e9ral approuvant une Convention de double imposition avec l'Alg\u00e9rie </b></p>\n<p>[VS]</p>\n<p><i>Detailberatung - Discussion par article</i></p>\n<p>[VS]</p>\n<p><b>Titel und Ingress, Art. 1, 2</b></p>\n<p><i>Antrag der Kommission</i></p>\n<p>Zustimmung zum Beschluss des St\u00e4nderates</p>\n<p>[VS]</p>\n<p><b>Titre et pr\u00e9ambule, art. 1, 2</b></p>\n<p><i>Proposition de la commission</i></p>\n<p>Adh\u00e9rer \u00e0 la d\u00e9cision du Conseil des Etats</p>\n<p>[VS]</p>\n<p><i>Angenommen - Adopt\u00e9</i></p>\n<p>[VS]</p>\n</pd_text>","MeetingCouncilAbbreviation":"N","MeetingDate":"20070307","MeetingVerbalixOid":1521,"IdSession":"4716","SpeakerFirstName":"Christine","SpeakerLastName":"Egerszegi-Obrist","SpeakerFullName":"Egerszegi-Obrist Christine","SpeakerFunction":"P-F","CouncilId":1,"CouncilName":"Nationalrat","CantonId":19,"CantonName":"Aargau","CantonAbbreviation":"AG","ParlGroupName":"Freisinnig-demokratische Fraktion","ParlGroupAbbreviation":"RL","SortOrder":6,"Start":"\/Date(1173292877636)\/","End":"\/Date(1173293030496)\/","Function":"P-F","DisplaySpeaker":false,"LanguageOfText":"DE","Modified":"\/Date(1774877935845)\/","StartTimeWithTimezone":"\/Date(1173292877637+0060)\/","EndTimeWithTimezone":"\/Date(1173293030497+0060)\/","VoteBusinessNumber":null,"VoteBusinessShortNumber":null,"VoteBusinessTitle":null},{"__metadata":{"id":"https://ws.parlament.ch/OData.svc/Transcript(ID=71583L,Language='DE')","uri":"https://ws.parlament.ch/OData.svc/Transcript(ID=71583L,Language='DE')","type":"itsystems.Pd.DataServices.DataModel.Transcript"},"Subjects":{"__deferred":{"uri":"https://ws.parlament.ch/OData.svc/Transcript(ID=71583L,Language='DE')/Subjects"}},"MembersCouncil":{"__deferred":{"uri":"https://ws.parlament.ch/OData.svc/Transcript(ID=71583L,Language='DE')/MembersCouncil"}},"Businesses":{"__deferred":{"uri":"https://ws.parlament.ch/OData.svc/Transcript(ID=71583L,Language='DE')/Businesses"}},"ID":"71583","Language":"DE","IdSubject":"11372","VoteId":null,"PersonNumber":398,"Type":1,"Text":"<pd_text><p>Es ist mir bewusst, dass die Klassifizierung von Staaten gleichsam nach ethischen Gesichtspunkten unter dem Aspekt von Doppelbesteuerungsabkommen ein sehr schwieriges Unterfangen w\u00e4re, und es g\u00e4be den einen oder anderen Staat, bei dem man sich dann die Frage stellen m\u00fcsste, ob die Voraussetzungen vorhanden sind, um Abkommen abzuschliessen. Das gilt aber nicht nur im Bereich der Doppelbesteuerungsabkommen, das gilt teilweise auch im Bereich der Rechtshilfe. Wir haben Rechtshilfeabkommen mit L\u00e4ndern, die teilweise Rechtsordnungen und insbesondere auch Justizordnungen haben, die vielleicht zu w\u00fcnschen \u00fcbrig lassen, die nicht perfekt sind. Trotzdem lohnt es sich eben, mit solchen Staaten Abkommen zu schliessen und auch im Rahmen dieser Abkommen deren Vollzug immer wieder zu hinterfragen.</p>\n<p>In der Tat hat die Schweiz mit verschiedenen L\u00e4ndern Doppelbesteuerungsabkommen abgeschlossen, die teilweise mit und ohne oder nur mit der sogenannten kleinen Amtshilfeklausel ausgestattet sind. Dabei wird auch auf die Situation in einzelnen L\u00e4ndern R\u00fccksicht genommen. Es gibt L\u00e4nder, in welchen der Steuerbetrug geregelt ist. In einzelnen L\u00e4ndern ist sogar zus\u00e4tzlich zum Steuerbetrug der Tatbestand \"and the like\", \u00fcber den wir ja auch schon diskutiert haben, geregelt. Diese Nuancen bestehen durchaus. </p>\n<p>Aber, wie gesagt - da wiederhole ich, was ich im vorhergehenden Votum gesagt habe -: Mit all diesen Fragen, die nicht im engeren Sinne mit Doppelbesteuerung und mit der Regelung der Steuersysteme zwischen zwei L\u00e4ndern zu tun haben, d\u00fcrfen wir nicht die Doppelbesteuerungsabkommen beladen und belasten, weil dann das eigentliche Ziel nicht mehr erreichbar w\u00e4re. Wenn schon, m\u00fcssen wir anders ansetzen. Die Staatengemeinschaften - in der OECD, in der Uno -, welche sich ihrerseits solche Werte auch im Bereich der Ethik stets auf ihre Fahne geschrieben haben, empfehlen uns f\u00fcr diese Frage andere Vorgehensweisen als Doppelbesteuerungsabkommen.</p>\n<p>So komme ich auch hier zum gleichen Schluss wie vorher, indem ich Sie ersuche, diesem Doppelbesteuerungsabkommen zuzustimmen.</p>\n<p>[PAGE 113] </p>\n</pd_text>","MeetingCouncilAbbreviation":"N","MeetingDate":"20070307","MeetingVerbalixOid":1521,"IdSession":"4716","SpeakerFirstName":"Hans-Rudolf","SpeakerLastName":"Merz","SpeakerFullName":"Merz Hans-Rudolf","SpeakerFunction":"BR-M","CouncilId":99,"CouncilName":"Bundesrat","CantonId":15,"CantonName":"Appenzell A.-Rh.","CantonAbbreviation":"AR","ParlGroupName":null,"ParlGroupAbbreviation":null,"SortOrder":5,"Start":"\/Date(1173292708871)\/","End":"\/Date(1173292877636)\/","Function":"BR-M","DisplaySpeaker":true,"LanguageOfText":"DE","Modified":"\/Date(1774877935844)\/","StartTimeWithTimezone":"\/Date(1173292708870+0060)\/","EndTimeWithTimezone":"\/Date(1173292877637+0060)\/","VoteBusinessNumber":null,"VoteBusinessShortNumber":null,"VoteBusinessTitle":null},{"__metadata":{"id":"https://ws.parlament.ch/OData.svc/Transcript(ID=71584L,Language='DE')","uri":"https://ws.parlament.ch/OData.svc/Transcript(ID=71584L,Language='DE')","type":"itsystems.Pd.DataServices.DataModel.Transcript"},"Subjects":{"__deferred":{"uri":"https://ws.parlament.ch/OData.svc/Transcript(ID=71584L,Language='DE')/Subjects"}},"MembersCouncil":{"__deferred":{"uri":"https://ws.parlament.ch/OData.svc/Transcript(ID=71584L,Language='DE')/MembersCouncil"}},"Businesses":{"__deferred":{"uri":"https://ws.parlament.ch/OData.svc/Transcript(ID=71584L,Language='DE')/Businesses"}},"ID":"71584","Language":"DE","IdSubject":"11372","VoteId":null,"PersonNumber":328,"Type":1,"Text":"<pd_text><p>Ich finde es schon erstaunlich, mit welcher K\u00fchnheit die Kommissionssprecher und die Mehrheit Aussenwirtschaft und Ethik trennen wollen. Es ist nicht eine technische Angelegenheit oder eine praktische Angelegenheit oder eine rein steuertechnische Angelegenheit, \u00fcber die wir hier sprechen. Es geht um die Koh\u00e4renzfrage, es geht um die Grunds\u00e4tze unserer Aussenpolitik: Wollen wir die Demokratie f\u00f6rdern, wollen wir die Menschenrechte f\u00f6rdern? Das sind die Fragen, die hinter diesem wichtigen Instrument des Doppelbesteuerungsabkommens stehen. Auch die Minderheit steht grunds\u00e4tzlich zum Instrument der Doppelbesteuerungsabkommen, aber wir glauben, dass wir die Verpflichtung haben, unsere Partner genau anzuschauen. Wir m\u00fcssen uns fragen, mit wem wir ein bilaterales Abkommen machen. Der Inhalt und das Verfahren m\u00fcssen \u00fcberpr\u00fcft werden. </p>\n<p>Ich m\u00f6chte mich jetzt doch auf die Frage beschr\u00e4nken, wie nun die Situation ist, wenn wir unseren Partner Algerien anschauen. F\u00fcr ein Doppelbesteuerungsabkommen, das unserer Wirtschaft und auch der Wirtschaft des anderen Landes, des Partnerlandes, n\u00fctzt, braucht es eine minimale Verl\u00e4sslichkeit. Diese ist hier im Falle von Algerien nicht gegeben. Algerien hat eine Situation, die gekennzeichnet ist durch eine mangelnde Rechtsstaatlichkeit, durch eine fehlende Unabh\u00e4ngigkeit der Richter, durch schwere Menschenrechtsverletzungen - das ist in verschiedenen Interpellationen in diesem Saal angesprochen und auch best\u00e4tigt worden; ich erinnere mich an die Interpellation Recordon und an die Interpellation Rennwald. Uns ist bewusst, dass sich der Staatspr\u00e4sident Bouteflika M\u00fche gibt. Er setzt sich effektiv f\u00fcr Fortschritte ein - leider aber mit zu wenig Erfolg. Milit\u00e4r, Polizei, Geheimdienste sind nur teilweise oder gar nicht unter seiner Kontrolle. Das Geld ist angesprochen worden, das Geld aus dem Erd\u00f6l- und Gasverkauf. Dieses Geld versickert. In Algerien haben wir eine der \u00e4rmsten Bev\u00f6lkerungen, und ich nehme an, und ich hoffe, dass wir das Versickern dieser Gelder mit unserem Doppelbesteuerungsabkommen nicht noch sch\u00fctzen wollen. Wir haben in Algerien keine Pressefreiheit, wir stellen willk\u00fcrliche Verhaftungen und Verurteilungen fest. Aber am schlimmsten ist - was von Amnesty International und der Uno best\u00e4tigt wird -, dass in Algerien gefoltert wird.</p>\n<p>Algerien weiss das und hat deswegen den Uno-Folterinspektoren die Einreise verweigert. Der Bundesrat und wir k\u00f6nnen nicht einfach von dieser Situation abstrahieren und so tun, als ob bei unserem Partner alles in Ordnung w\u00e4re. Wir k\u00f6nnen nicht einfach so tun, als ob es dann ja schon irgendwelche Instrumente gibt, um die Sache in Ordnung zu bringen. Wir k\u00f6nnen uns nicht um diese Situation foutieren, wir brauchen eine koh\u00e4rente schweizerische Aussenpolitik, und wir brauchen die Regeln der Rechtsstaatlichkeit, der Good Governance und der Menschenrechte. Wir m\u00fcssen diese f\u00f6rdern, und wir m\u00fcssen auch schauen, wie die Situation bei unseren Partnern ist.</p>\n<p>Ich bitte Sie im Interesse der algerischen Bev\u00f6lkerung und im Interesse unserer Schweizer Wirtschaft, das Doppelbesteuerungsabkommen mit Algerien abzulehnen.</p>\n</pd_text>","MeetingCouncilAbbreviation":"N","MeetingDate":"20070307","MeetingVerbalixOid":1521,"IdSession":"4716","SpeakerFirstName":"Remo","SpeakerLastName":"Gysin","SpeakerFullName":"Gysin Remo","SpeakerFunction":"Mit-M","CouncilId":1,"CouncilName":"Nationalrat","CantonId":12,"CantonName":"Basel-Stadt","CantonAbbreviation":"BS","ParlGroupName":"Sozialdemokratische Fraktion","ParlGroupAbbreviation":"S","SortOrder":4,"Start":"\/Date(1173292439246)\/","End":"\/Date(1173292708871)\/","Function":"Mit-M","DisplaySpeaker":true,"LanguageOfText":"DE","Modified":"\/Date(1774877935843)\/","StartTimeWithTimezone":"\/Date(1173292439247+0060)\/","EndTimeWithTimezone":"\/Date(1173292708870+0060)\/","VoteBusinessNumber":null,"VoteBusinessShortNumber":null,"VoteBusinessTitle":null},{"__metadata":{"id":"https://ws.parlament.ch/OData.svc/Transcript(ID=71585L,Language='DE')","uri":"https://ws.parlament.ch/OData.svc/Transcript(ID=71585L,Language='DE')","type":"itsystems.Pd.DataServices.DataModel.Transcript"},"Subjects":{"__deferred":{"uri":"https://ws.parlament.ch/OData.svc/Transcript(ID=71585L,Language='DE')/Subjects"}},"MembersCouncil":{"__deferred":{"uri":"https://ws.parlament.ch/OData.svc/Transcript(ID=71585L,Language='DE')/MembersCouncil"}},"Businesses":{"__deferred":{"uri":"https://ws.parlament.ch/OData.svc/Transcript(ID=71585L,Language='DE')/Businesses"}},"ID":"71585","Language":"DE","IdSubject":"11372","VoteId":null,"PersonNumber":463,"Type":1,"Text":"<pd_text><p>Comme cela a \u00e9t\u00e9 dit, le partenariat \u00e9conomique entre notre pays et l'Alg\u00e9rie est en constante augmentation et nous avons d\u00e9j\u00e0 de multiples accords \u00e9conomiques avec ce pays. Il s'agit donc de poursuivre ces relations en essayant de mettre au point une convention de double imposition. Celle-ci a \u00e9t\u00e9 sign\u00e9e en juin 2006 avec l'Alg\u00e9rie.</p>\n<p>Les buts g\u00e9n\u00e9raux ont \u00e9t\u00e9 d\u00e9velopp\u00e9s tout \u00e0 l'heure, \u00e0 savoir que d\u00e8s le moment o\u00f9 il y a des \u00e9changes qui deviennent de plus en plus nombreux, il est n\u00e9cessaire d'avoir une s\u00e9curit\u00e9 du droit en ce qui concerne la fiscalit\u00e9; il est n\u00e9cessaire aussi de favoriser les \u00e9changes et les investissements. Cette convention n'a rien de particulier du point de vue technique. Elle \u00e9tait cependant contest\u00e9e par une minorit\u00e9 de la commission, laquelle a consid\u00e9r\u00e9 qu'il ne fallait pas limiter le raisonnement \u00e0 l'aspect purement fiscal, mais voir quelle \u00e9tait la situation politique de ce pays-l\u00e0. Selon la minorit\u00e9, la Suisse ne devait pas intensifier ses relations \u00e9conomiques avec ce pays, \u00e9tant donn\u00e9 que le respect des droits de l'homme n'y \u00e9tait pas assur\u00e9.</p>\n<p>La commission ne partage pas cet avis et, par 16 voix contre 6 et aucune abstention, elle vous demande d'entrer en mati\u00e8re.</p>\n<p>En effet, c'est une question qui rel\u00e8ve de la politique g\u00e9n\u00e9rale - et notre politique \u00e9trang\u00e8re n'a rien \u00e0 faire avec le dossier de la politique fiscale -, c'est pourquoi il faut se poser la question de savoir si des pays sont politiquement fr\u00e9quentables au moment de l'\u00e9laboration de notre politique \u00e9trang\u00e8re, et non au moment o\u00f9 il s'agit de clarifier nos relations \u00e9conomiques avec eux.</p>\n<p>Ensuite, la majorit\u00e9 de la commission est d'avis qu'il n'est pas souhaitable de limiter nos relations \u00e9conomiques avec des pays en d\u00e9veloppement et qui ne sont peut-\u00eatre pas \"au top\" du point de vue des droits de l'homme, si vous me passez l'expression. Il faut essayer au contraire d'encourager le d\u00e9veloppement de ces pays, car cela favorisera progressivement la d\u00e9mocratie et le respect des droits de l'homme, qui pourront alors fleurir dans des pays qui pr\u00e9sentent actuellement peut-\u00eatre quelques difficult\u00e9s par rapport \u00e0 ces dossiers.</p>\n<p>C'est en fonction de ces \u00e9l\u00e9ments que la majorit\u00e9 de la commission vous demande d'accepter l'entr\u00e9e en mati\u00e8re et de ratifier la Convention de double imposition avec la R\u00e9publique alg\u00e9rienne d\u00e9mocratique et populaire.</p>\n</pd_text>","MeetingCouncilAbbreviation":"N","MeetingDate":"20070307","MeetingVerbalixOid":1521,"IdSession":"4716","SpeakerFirstName":"Charles","SpeakerLastName":"Favre","SpeakerFullName":"Favre Charles","SpeakerFunction":"Mit-M","CouncilId":1,"CouncilName":"Nationalrat","CantonId":22,"CantonName":"Waadt","CantonAbbreviation":"VD","ParlGroupName":"Freisinnig-demokratische Fraktion","ParlGroupAbbreviation":"RL","SortOrder":3,"Start":"\/Date(1173292276136)\/","End":"\/Date(1173292439246)\/","Function":"*","DisplaySpeaker":true,"LanguageOfText":"FR","Modified":"\/Date(1774877935840)\/","StartTimeWithTimezone":"\/Date(1173292276137+0060)\/","EndTimeWithTimezone":"\/Date(1173292439247+0060)\/","VoteBusinessNumber":null,"VoteBusinessShortNumber":null,"VoteBusinessTitle":null},{"__metadata":{"id":"https://ws.parlament.ch/OData.svc/Transcript(ID=71586L,Language='DE')","uri":"https://ws.parlament.ch/OData.svc/Transcript(ID=71586L,Language='DE')","type":"itsystems.Pd.DataServices.DataModel.Transcript"},"Subjects":{"__deferred":{"uri":"https://ws.parlament.ch/OData.svc/Transcript(ID=71586L,Language='DE')/Subjects"}},"MembersCouncil":{"__deferred":{"uri":"https://ws.parlament.ch/OData.svc/Transcript(ID=71586L,Language='DE')/MembersCouncil"}},"Businesses":{"__deferred":{"uri":"https://ws.parlament.ch/OData.svc/Transcript(ID=71586L,Language='DE')/Businesses"}},"ID":"71586","Language":"DE","IdSubject":"11372","VoteId":null,"PersonNumber":494,"Type":1,"Text":"<pd_text><p>Ich kann es kurz machen - wir haben bereits \u00fcber Sinn und Zweck dieser Doppelbesteuerungsabkommen diskutiert -: Ausschlaggebend f\u00fcr dieses neue Doppelbesteuerungsabkommen sind die erfreulichen Entwicklungen der Handelsbeziehungen zwischen der Schweiz und Algerien. F\u00fcr Roh- und Erd\u00f6l - dies sei einfach in Erinnerung gerufen - war Algerien zusammen mit Iran in den letzten Jahren der drittwichtigste Lieferant der Schweiz. In den letzten Jahren wurde mit Schweizer Exporten von Maschinen, chemischen und pharmazeutischen Produkten sowie Lebensmitteln nach Algerien ein Betrag von fast 200 Millionen Schweizer Franken j\u00e4hrlich erreicht. Somit nimmt Algerien unter den afrikanischen Handelspartnern der Schweiz den dritten Platz ein. </p>\n<p>Die Schweiz hat mit Algerien bereits verschiedene Abkommen abgeschlossen, so auch ein Abkommen \u00fcber die F\u00f6rderung und den gegenseitigen Schutz von Investitionen. Anl\u00e4sslich des Besuches des algerischen Pr\u00e4sidenten Bouteflika im November 2004 wurde der gegenseitige Wunsch nach einem Doppelbesteuerungsabkommen ge\u00e4ussert. Aus Schweizer Sicht soll dieses Abkommen Rechtssicherheit sowie steuerliche Entlastung der Schweizer Investoren bringen. Die Zahl der Schweizer Investoren in Algerien k\u00f6nnte angesichts der sehr grossen Infrastrukturprojekte in Algerien bedeutender werden. Daher sind g\u00fcnstige Rahmenbedingungen dem Engagement Schweizer Unternehmen in Algerien durchaus f\u00f6rderlich. Selbstverst\u00e4ndlich fordern auch wir, dass die ILO-Arbeitsrechte auch dort eingehalten werden; das sollte f\u00fcr Schweizer Unternehmen eigentlich eine Selbstverst\u00e4ndlichkeit sein. </p>\n<p>Nun wurden anl\u00e4sslich der Diskussion \u00fcber dieses Abkommen verschiedene Fragen ethischer und menschenrechtlicher Natur gestellt. Eine Minderheit hat sich auch hier aus wirtschaftsfremden \u00dcberlegungen gegen eine Ratifizierung ausgesprochen, da es sich angesichts der bestehenden Menschenrechtsprobleme f\u00fcr unser Land nicht geb\u00fchre, unsere Wirtschaftsbeziehungen zu intensivieren. Auch in diesem Fall gilt, was zuvor zum Doppelbesteuerungsabkommen mit Pakistan gesagt wurde: Aussen- und [PAGE 112] Menschenrechtspolitik k\u00f6nnen nicht mit dem Instrument eines Besteuerungsabkommens verfolgt werden. </p>\n<p>Daher lade ich Sie einmal mehr ein, mit der Mehrheit zu stimmen. Das Doppelbesteuerungsabkommen wurde in der Kommission mit 16 zu 6 bei 0 Enthaltungen gutgeheissen. Ich lade Sie daher ein, der Mehrheit zu folgen.</p>\n</pd_text>","MeetingCouncilAbbreviation":"N","MeetingDate":"20070307","MeetingVerbalixOid":1521,"IdSession":"4716","SpeakerFirstName":"Lucrezia","SpeakerLastName":"Meier-Schatz","SpeakerFullName":"Meier-Schatz Lucrezia","SpeakerFunction":"Mit-F","CouncilId":1,"CouncilName":"Nationalrat","CantonId":17,"CantonName":"St. Gallen","CantonAbbreviation":"SG","ParlGroupName":"Christlichdemokratische Fraktion","ParlGroupAbbreviation":"M-E","SortOrder":2,"Start":"\/Date(1173292087465)\/","End":"\/Date(1173292276136)\/","Function":"*","DisplaySpeaker":true,"LanguageOfText":"DE","Modified":"\/Date(1774877935839)\/","StartTimeWithTimezone":"\/Date(1173292087467+0060)\/","EndTimeWithTimezone":"\/Date(1173292276137+0060)\/","VoteBusinessNumber":null,"VoteBusinessShortNumber":null,"VoteBusinessTitle":null},{"__metadata":{"id":"https://ws.parlament.ch/OData.svc/Transcript(ID=71587L,Language='DE')","uri":"https://ws.parlament.ch/OData.svc/Transcript(ID=71587L,Language='DE')","type":"itsystems.Pd.DataServices.DataModel.Transcript"},"Subjects":{"__deferred":{"uri":"https://ws.parlament.ch/OData.svc/Transcript(ID=71587L,Language='DE')/Subjects"}},"MembersCouncil":{"__deferred":{"uri":"https://ws.parlament.ch/OData.svc/Transcript(ID=71587L,Language='DE')/MembersCouncil"}},"Businesses":{"__deferred":{"uri":"https://ws.parlament.ch/OData.svc/Transcript(ID=71587L,Language='DE')/Businesses"}},"ID":"71587","Language":"DE","IdSubject":"11372","VoteId":null,"PersonNumber":null,"Type":3,"Text":"<pd_text><p><i>Antrag der Mehrheit</i></p>\n<p>Eintreten</p>\n<p>[VS]</p>\n<p><i>Antrag der Minderheit</i></p>\n<p>(Gysin Remo, F\u00e4ssler, Fehr Hans-J\u00fcrg, Genner, H\u00e4mmerle, Leuenberger-Gen\u00e8ve, Leutenegger Oberholzer, Rechsteiner Paul)</p>\n<p>Nichteintreten</p>\n<p>[VS]</p>\n<p><i>Proposition de la majorit\u00e9</i></p>\n<p>Entrer en mati\u00e8re</p>\n<p>[VS]</p>\n<p><i>Proposition de la minorit\u00e9</i></p>\n<p>(Gysin Remo, F\u00e4ssler, Fehr Hans-J\u00fcrg, Genner, H\u00e4mmerle, Leuenberger-Gen\u00e8ve, Leutenegger Oberholzer, Rechsteiner Paul)</p>\n<p>Ne pas entrer en mati\u00e8re</p>\n</pd_text>","MeetingCouncilAbbreviation":"N","MeetingDate":"20070307","MeetingVerbalixOid":1521,"IdSession":"4716","SpeakerFirstName":null,"SpeakerLastName":null,"SpeakerFullName":"","SpeakerFunction":null,"CouncilId":null,"CouncilName":null,"CantonId":null,"CantonName":null,"CantonAbbreviation":null,"ParlGroupName":null,"ParlGroupAbbreviation":null,"SortOrder":1,"Start":null,"End":null,"Function":null,"DisplaySpeaker":null,"LanguageOfText":"DE","Modified":"\/Date(1774877935837)\/","StartTimeWithTimezone":null,"EndTimeWithTimezone":null,"VoteBusinessNumber":null,"VoteBusinessShortNumber":null,"VoteBusinessTitle":null}]},"ID":"11372","Language":"DE","IdMeeting":"842","VerbalixOid":238857,"SortOrder":6,"Modified":"\/Date(1774877935836)\/"}}