{"d":{"__metadata":{"id":"https://ws.parlament.ch/OData.svc/Subject(ID=11788L,Language='DE')","uri":"https://ws.parlament.ch/OData.svc/Subject(ID=11788L,Language='DE')","type":"itsystems.Pd.DataServices.DataModel.Subject"},"Meetings":{"__metadata":{"id":"https://ws.parlament.ch/OData.svc/Meeting(ID=873L,Language='DE')","uri":"https://ws.parlament.ch/OData.svc/Meeting(ID=873L,Language='DE')","type":"itsystems.Pd.DataServices.DataModel.Meeting"},"Sessions":{"__deferred":{"uri":"https://ws.parlament.ch/OData.svc/Meeting(ID=873L,Language='DE')/Sessions"}},"Subjects":{"__deferred":{"uri":"https://ws.parlament.ch/OData.svc/Meeting(ID=873L,Language='DE')/Subjects"}},"ID":"873","Language":"DE","MeetingNumber":6,"IdSession":4717,"SessionNumber":17,"SessionName":"Sommersession 2007","Council":2,"CouncilName":"St\u00e4nderat","CouncilAbbreviation":"SR","Date":"\/Date(1181606400000)\/","Begin":"0800","Modified":"\/Date(1447070011070)\/","LegislativePeriodNumber":47,"PublicationStatus":"final","MeetingOrderText":"Sechste Sitzung","SortOrder":6,"Location":"S"},"SubjectsBusiness":{"results":[{"__metadata":{"id":"https://ws.parlament.ch/OData.svc/SubjectBusiness(BusinessNumber=20060090,IdSubject=11788L,Language='DE')","uri":"https://ws.parlament.ch/OData.svc/SubjectBusiness(BusinessNumber=20060090,IdSubject=11788L,Language='DE')","type":"itsystems.Pd.DataServices.DataModel.SubjectBusiness"},"Subjects":{"__deferred":{"uri":"https://ws.parlament.ch/OData.svc/SubjectBusiness(BusinessNumber=20060090,IdSubject=11788L,Language='DE')/Subjects"}},"Businesses":{"__deferred":{"uri":"https://ws.parlament.ch/OData.svc/SubjectBusiness(BusinessNumber=20060090,IdSubject=11788L,Language='DE')/Businesses"}},"IdSubject":"11788","BusinessNumber":20060090,"Language":"DE","BusinessShortNumber":"06.090","Title":"Soziale Sicherheit. Abkommen mit der Republik Bulgarien","SortOrder":1,"PublishedNotes":"Zweitrat - Deuxi\u00e8me Conseil\n","Modified":"\/Date(1447069296486)\/","TitleDE":"Soziale Sicherheit.\nAbkommen\nmit der Republik Bulgarien","TitleFR":"S\u00e9curit\u00e9 sociale.\nConvention\navec la R\u00e9publique de Bulgarie","TitleIT":null}]},"Transcripts":{"results":[{"__metadata":{"id":"https://ws.parlament.ch/OData.svc/Transcript(ID=74999L,Language='DE')","uri":"https://ws.parlament.ch/OData.svc/Transcript(ID=74999L,Language='DE')","type":"itsystems.Pd.DataServices.DataModel.Transcript"},"Subjects":{"__deferred":{"uri":"https://ws.parlament.ch/OData.svc/Transcript(ID=74999L,Language='DE')/Subjects"}},"MembersCouncil":{"__deferred":{"uri":"https://ws.parlament.ch/OData.svc/Transcript(ID=74999L,Language='DE')/MembersCouncil"}},"Businesses":{"__deferred":{"uri":"https://ws.parlament.ch/OData.svc/Transcript(ID=74999L,Language='DE')/Businesses"}},"ID":"74999","Language":"DE","IdSubject":"11788","VoteId":null,"PersonNumber":277,"Type":1,"Text":"<pd_text><p><i>Eintreten wird ohne Gegenantrag beschlossen</i></p>\n<p><i>L'entr\u00e9e en mati\u00e8re est d\u00e9cid\u00e9e sans opposition</i></p>\n<p>[VS]</p>\n<p><b>Bundesbeschluss \u00fcber die Genehmigung des Abkommens zwischen der Schweiz und Bulgarien \u00fcber soziale Sicherheit </b></p>\n<p><b>Arr\u00eat\u00e9 f\u00e9d\u00e9ral concernant la Convention de s\u00e9curit\u00e9 sociale entre la Suisse et la Bulgarie </b></p>\n<p>[VS]</p>\n<p><i>Gesamtberatung - Traitement global</i></p>\n<p>[VS]</p>\n<p><b>Titel und Ingress, Art. 1, 2</b></p>\n<p><b>Titre et pr\u00e9ambule, art. 1, 2</b></p>\n<p>[VS]</p>\n<p><i>Gesamtabstimmung - Vote sur l'ensemble</i></p>\n<p>F\u00fcr Annahme des Entwurfes .... 32 Stimmen</p>\n<p>(Einstimmigkeit)</p>\n<p>(0 Enthaltungen)</p>\n<p>[PAGE 453] </p>\n</pd_text>","MeetingCouncilAbbreviation":"S","MeetingDate":"20070612","MeetingVerbalixOid":1570,"IdSession":"4717","SpeakerFirstName":"Peter","SpeakerLastName":"Bieri","SpeakerFullName":"Bieri Peter","SpeakerFunction":"P-M","CouncilId":2,"CouncilName":"St\u00e4nderat","CantonId":9,"CantonName":"Zug","CantonAbbreviation":"ZG","ParlGroupName":"Christlichdemokratische Fraktion","ParlGroupAbbreviation":"M-E","SortOrder":2,"Start":"\/Date(1181635683473)\/","End":"\/Date(1181635768787)\/","Function":"P-M","DisplaySpeaker":false,"LanguageOfText":null,"Modified":"\/Date(1609935460203)\/","StartTimeWithTimezone":"\/Date(1181635683473+0120)\/","EndTimeWithTimezone":"\/Date(1181635768787+0120)\/","VoteBusinessNumber":null,"VoteBusinessShortNumber":null,"VoteBusinessTitle":null},{"__metadata":{"id":"https://ws.parlament.ch/OData.svc/Transcript(ID=75000L,Language='DE')","uri":"https://ws.parlament.ch/OData.svc/Transcript(ID=75000L,Language='DE')","type":"itsystems.Pd.DataServices.DataModel.Transcript"},"Subjects":{"__deferred":{"uri":"https://ws.parlament.ch/OData.svc/Transcript(ID=75000L,Language='DE')/Subjects"}},"MembersCouncil":{"__deferred":{"uri":"https://ws.parlament.ch/OData.svc/Transcript(ID=75000L,Language='DE')/MembersCouncil"}},"Businesses":{"__deferred":{"uri":"https://ws.parlament.ch/OData.svc/Transcript(ID=75000L,Language='DE')/Businesses"}},"ID":"75000","Language":"DE","IdSubject":"11788","VoteId":null,"PersonNumber":532,"Type":1,"Text":"<pd_text><p>Das Abkommen zwischen der Schweiz und Bulgarien \u00fcber soziale Sicherheit f\u00fcgt sich in eine ganze Reihe analoger Abkommen ein, welche unser Land in den letzten zehn Jahren mit anderen europ\u00e4ischen Staaten ausgehandelt hat, und folgt dem Muster dieser Sozialversicherungsabkommen sowie den allgemeinen Grunds\u00e4tzen des internationalen Sozialversicherungsrechtes. Das Abkommen beschl\u00e4gt in diesem Sinne die Alters-, die Hinterlassenen- und die Invalidenversicherung, die Krankenversicherung sowie die Familienzulagen in der Landwirtschaft. Es grenzt die Unterstellung unter ein nationales Sozialversicherungssystem ab und gew\u00e4hrleistet den Leistungsbezug und den Leistungsexport f\u00fcr die Vertragsstaatsangeh\u00f6rigen. Das Abkommen rechtfertigt sich nicht zuletzt deshalb, weil sich die wirtschaftlichen Beziehungen der beiden L\u00e4nder in den letzten Jahren stark intensiviert haben.</p>\n<p>Wie Sie wissen, ist Bulgarien zu Beginn dieses Jahres der EU beigetreten. Dieser Umstand und die Tatsache, dass das Abkommen durchwegs dem Muster der bisherigen Vertr\u00e4ge \u00fcber die soziale Sicherheit folgt, haben dazu gef\u00fchrt, dass nicht wie \u00fcblicherweise die SGK, sondern Ihre APK die Vorberatung \u00fcbernommen hat. Unsere Kommission hat sich denn auch vornehmlich mit den Fragen befasst, wie sich das Abkommen in unsere Europapolitik einf\u00fcgt, nachdem Bulgarien zur EU geh\u00f6rt, und welches sein Stellenwert ist, wenn die Personenfreiz\u00fcgigkeit, also das Abkommen vom 21. Juni 1999 zwischen der Schweiz und der Europ\u00e4ischen Gemeinschaft und ihren Mitgliedstaaten, auf Bulgarien ausgedehnt wird. Gem\u00e4ss unserer Erkenntnis hat das vorliegende Abkommen in einem gewissen Sinne tats\u00e4chlich nur \u00dcbergangscharakter. Die Verhandlungen haben indessen schon vor einigen Jahren begonnen, und das Abkommen ist von Bulgarien bereits ratifiziert worden. </p>\n<p>Mit Rum\u00e4nien stellt sich, nebenbei bemerkt, die Situation anders dar, nachdem hier keinerlei Verhandlungen gef\u00fchrt worden sind. </p>\n<p>Der \u00dcbergangscharakter dauert an, bis die Bestimmungen bez\u00fcglich einer Ausdehnung des Freiz\u00fcgigkeitsabkommens zwischen der Schweiz und Bulgarien in Kraft treten. Verhandlungen hierzu haben noch nicht begonnen. Der Bundesrat f\u00fchrt noch die Konsultationen zum Verhandlungsmandat. In der Folge werden dann die Bestimmungen des Abkommens grunds\u00e4tzlich ausgesetzt und durch die EU-Regelungen bzw. die Regelungen der Ausdehnung der Freiz\u00fcgigkeit auf Bulgarien abgel\u00f6st, soweit diese den gleichen Sachbereich betreffen.</p>\n<p>Dabei ist aber zu beachten, dass sich der sachliche Geltungsbereich des vorliegenden Abkommens und jener des Abkommens mit der EU \u00fcber die Freiz\u00fcgigkeit auch betreffend die soziale Sicherheit nicht v\u00f6llig decken. Zwar geht das Freiz\u00fcgigkeitsabkommen grunds\u00e4tzlich weiter, im Abkommen mit Bulgarien gelten die Unterstellungsbestimmungen jedoch nicht nur f\u00fcr die Angeh\u00f6rigen der Vertragsstaaten, sondern auch f\u00fcr jene von Drittstaaten ausserhalb der EU. F\u00fcr Fragen der Unterstellung, welche Angeh\u00f6rige von Drittstaaten betreffen, w\u00fcrde das vorliegende Abkommen also seine Geltung behalten. Das Freiz\u00fcgigkeitsabkommen ist zudem f\u00fcr Nichterwerbst\u00e4tige, z. B. Kinder, nicht anwendbar. Das kann etwa f\u00fcr Eingliederungsmassnahmen der IV bedeutungsvoll sein. Schliesslich bleibt zu beachten, dass das Freiz\u00fcgigkeitsabkommen urspr\u00fcnglich f\u00fcr sieben Jahre abgeschlossen wurde. W\u00fcrde die Verl\u00e4ngerung des Freiz\u00fcgigkeitsabkommens abgelehnt und w\u00fcrden damit dessen Bestimmungen zur Sozialversicherung aufgehoben, so w\u00fcrde das Abkommen mit Bulgarien g\u00e4nzlich wiederaufleben.</p>\n<p>Die APK erachtet dieses Abkommen auch in Anbetracht einer kommenden Ausdehnung des Freiz\u00fcgigkeitsabkommens mit der EU auf Bulgarien als weiterhin zweckm\u00e4ssig und sinnvoll. Es unterstreicht unsere guten Beziehungen zu Bulgarien, die auch nicht belastet werden sollen. Wie gesagt verdient das Abkommen auch aus sozialpolitischer Sicht unsere Unterst\u00fctzung.</p>\n<p>Die APK beantragt Ihnen einstimmig Eintreten und Zustimmung zum Bundesbeschluss \u00fcber die Genehmigung des Abkommens zwischen der Schweiz und Bulgarien \u00fcber soziale Sicherheit.</p>\n<p>Zur Detailberatung habe ich keine weiteren Bemerkungen.</p>\n</pd_text>","MeetingCouncilAbbreviation":"S","MeetingDate":"20070612","MeetingVerbalixOid":1570,"IdSession":"4717","SpeakerFirstName":"Philipp","SpeakerLastName":"St\u00e4helin","SpeakerFullName":"St\u00e4helin Philipp","SpeakerFunction":"Mit-M","CouncilId":2,"CouncilName":"St\u00e4nderat","CantonId":20,"CantonName":"Thurgau","CantonAbbreviation":"TG","ParlGroupName":"Christlichdemokratische Fraktion","ParlGroupAbbreviation":"M-E","SortOrder":1,"Start":"\/Date(1181635361520)\/","End":"\/Date(1181635683473)\/","Function":"*","DisplaySpeaker":true,"LanguageOfText":"DE","Modified":"\/Date(1609935460200)\/","StartTimeWithTimezone":"\/Date(1181635361520+0120)\/","EndTimeWithTimezone":"\/Date(1181635683473+0120)\/","VoteBusinessNumber":null,"VoteBusinessShortNumber":null,"VoteBusinessTitle":null}]},"ID":"11788","Language":"DE","IdMeeting":"873","VerbalixOid":247114,"SortOrder":1,"Modified":"\/Date(1447070011150)\/"}}