{"d":{"__metadata":{"id":"https://ws.parlament.ch/OData.svc/Subject(ID=11807L,Language='DE')","uri":"https://ws.parlament.ch/OData.svc/Subject(ID=11807L,Language='DE')","type":"itsystems.Pd.DataServices.DataModel.Subject"},"Meetings":{"__metadata":{"id":"https://ws.parlament.ch/OData.svc/Meeting(ID=876L,Language='DE')","uri":"https://ws.parlament.ch/OData.svc/Meeting(ID=876L,Language='DE')","type":"itsystems.Pd.DataServices.DataModel.Meeting"},"Sessions":{"__deferred":{"uri":"https://ws.parlament.ch/OData.svc/Meeting(ID=876L,Language='DE')/Sessions"}},"Subjects":{"__deferred":{"uri":"https://ws.parlament.ch/OData.svc/Meeting(ID=876L,Language='DE')/Subjects"}},"ID":"876","Language":"DE","MeetingNumber":9,"IdSession":4717,"SessionNumber":17,"SessionName":"Sommersession 2007","Council":2,"CouncilName":"St\u00e4nderat","CouncilAbbreviation":"SR","Date":"\/Date(1182124800000)\/","Begin":"1630","Modified":"\/Date(1447070012217)\/","LegislativePeriodNumber":47,"PublicationStatus":"final","MeetingOrderText":"Neunte Sitzung","SortOrder":9,"Location":"S"},"SubjectsBusiness":{"results":[{"__metadata":{"id":"https://ws.parlament.ch/OData.svc/SubjectBusiness(BusinessNumber=20060099,IdSubject=11807L,Language='DE')","uri":"https://ws.parlament.ch/OData.svc/SubjectBusiness(BusinessNumber=20060099,IdSubject=11807L,Language='DE')","type":"itsystems.Pd.DataServices.DataModel.SubjectBusiness"},"Subjects":{"__deferred":{"uri":"https://ws.parlament.ch/OData.svc/SubjectBusiness(BusinessNumber=20060099,IdSubject=11807L,Language='DE')/Subjects"}},"Businesses":{"__deferred":{"uri":"https://ws.parlament.ch/OData.svc/SubjectBusiness(BusinessNumber=20060099,IdSubject=11807L,Language='DE')/Businesses"}},"IdSubject":"11807","BusinessNumber":20060099,"Language":"DE","BusinessShortNumber":"06.099","Title":"Zusammenarbeit mit den Staaten Osteuropas und der GUS. Weiterf\u00fchrung","SortOrder":1,"PublishedNotes":"Differenzen - Divergences\n","Modified":"\/Date(1447069296736)\/","TitleDE":"Zusammenarbeit\nmit den Staaten Osteuropas\nund der GUS. Weiterf\u00fchrung","TitleFR":"Coop\u00e9ration avec les Etats\nd'Europe de l'Est\net de la CEI. Poursuite","TitleIT":null}]},"Transcripts":{"results":[{"__metadata":{"id":"https://ws.parlament.ch/OData.svc/Transcript(ID=75312L,Language='DE')","uri":"https://ws.parlament.ch/OData.svc/Transcript(ID=75312L,Language='DE')","type":"itsystems.Pd.DataServices.DataModel.Transcript"},"Subjects":{"__deferred":{"uri":"https://ws.parlament.ch/OData.svc/Transcript(ID=75312L,Language='DE')/Subjects"}},"MembersCouncil":{"__deferred":{"uri":"https://ws.parlament.ch/OData.svc/Transcript(ID=75312L,Language='DE')/MembersCouncil"}},"Businesses":{"__deferred":{"uri":"https://ws.parlament.ch/OData.svc/Transcript(ID=75312L,Language='DE')/Businesses"}},"ID":"75312","Language":"DE","IdSubject":"11807","VoteId":null,"PersonNumber":277,"Type":1,"Text":"<pd_text><p><i>Angenommen - Adopt\u00e9</i></p>\n<p>[VS] [PAGE 537] </p>\n<p><b>Pr\u00e4sident</b> (Bieri Peter, Pr\u00e4sident): Wir haben somit beschlossen, den Beitrag von 650 Millionen auf 730 Millionen Franken zu erh\u00f6hen. Deshalb ist die Ausgabenbremse auch f\u00fcr diesen neuen Betrag zu l\u00f6sen. Der Rechtsdienst hat uns geraten, diese Abstimmung noch durchzuf\u00fchren.</p>\n<p>[VS]</p>\n<p><i>Ausgabenbremse - Frein aux d\u00e9penses</i></p>\n<p>[VS]</p>\n<p><i>Abstimmung - Vote</i></p>\n<p>F\u00fcr Annahme der Ausgabe .... 29 Stimmen</p>\n<p>Dagegen .... 3 Stimmen</p>\n<p>(0 Enthaltungen)</p>\n<p>[VS]</p>\n<p><i>Das qualifizierte Mehr ist erreicht</i></p>\n<p><i>La majorit\u00e9 qualifi\u00e9e est acquise</i></p>\n</pd_text>","MeetingCouncilAbbreviation":"S","MeetingDate":"20070618","MeetingVerbalixOid":1573,"IdSession":"4717","SpeakerFirstName":"Peter","SpeakerLastName":"Bieri","SpeakerFullName":"Bieri Peter","SpeakerFunction":"P-M","CouncilId":2,"CouncilName":"St\u00e4nderat","CantonId":9,"CantonName":"Zug","CantonAbbreviation":"ZG","ParlGroupName":"Christlichdemokratische Fraktion","ParlGroupAbbreviation":"M-E","SortOrder":4,"Start":"\/Date(1182185832780)\/","End":"\/Date(1182185854763)\/","Function":"P-M","DisplaySpeaker":false,"LanguageOfText":null,"Modified":"\/Date(1510849780267)\/","StartTimeWithTimezone":"\/Date(1182185832780+0120)\/","EndTimeWithTimezone":"\/Date(1182185854763+0120)\/","VoteBusinessNumber":null,"VoteBusinessShortNumber":null,"VoteBusinessTitle":null},{"__metadata":{"id":"https://ws.parlament.ch/OData.svc/Transcript(ID=75313L,Language='DE')","uri":"https://ws.parlament.ch/OData.svc/Transcript(ID=75313L,Language='DE')","type":"itsystems.Pd.DataServices.DataModel.Transcript"},"Subjects":{"__deferred":{"uri":"https://ws.parlament.ch/OData.svc/Transcript(ID=75313L,Language='DE')/Subjects"}},"MembersCouncil":{"__deferred":{"uri":"https://ws.parlament.ch/OData.svc/Transcript(ID=75313L,Language='DE')/MembersCouncil"}},"Businesses":{"__deferred":{"uri":"https://ws.parlament.ch/OData.svc/Transcript(ID=75313L,Language='DE')/Businesses"}},"ID":"75313","Language":"DE","IdSubject":"11807","VoteId":null,"PersonNumber":827,"Type":1,"Text":"<pd_text><p>Lors de sa s\u00e9ance du 20 mars 2007, le Conseil des Etats s'est prononc\u00e9 en faveur d'un cr\u00e9dit-cadre de 650 millions de francs. A l'inverse, le Conseil national a d\u00e9cid\u00e9, \u00e0 une large majorit\u00e9, lors de sa s\u00e9ance du 14 juin 2007, de porter le montant du cr\u00e9dit-cadre \u00e0 730 millions de francs, motiv\u00e9 par la volont\u00e9 d'\u00e9viter que la compensation des d\u00e9penses d'un milliard de francs pr\u00e9vue au titre de la contribution \u00e0 l'\u00e9largissement en faveur des dix nouveaux Etats membres de l'Union europ\u00e9enne n'intervienne au d\u00e9triment de l'aide publique au d\u00e9veloppement.</p>\n<p>Dans ce contexte, je voudrais mentionner la motion Leuthard 05.3808 dont le classement a \u00e9t\u00e9 rejet\u00e9 par le Conseil des Etats lors de sa s\u00e9ance du 20 mars 2007, puis par la Commission de politique ext\u00e9rieure du Conseil national et par le Conseil national lui-m\u00eame. Cette motion pr\u00e9voit de compenser le financement de la contribution \u00e0 l'\u00e9largissement au niveau du budget de la Conf\u00e9d\u00e9ration et non pas au d\u00e9triment de l'aide publique au d\u00e9veloppement. J'interpr\u00e8te donc votre souci de vouloir respecter la motion Leuthard dans son ensemble comme un souci de ne pas vouloir diminuer l'aide publique au d\u00e9veloppement.</p>\n<p>Je rappelle que l'augmentation du cr\u00e9dit-cadre contribuerait au maintien du pourcentage de l'aide publique au d\u00e9veloppement. En effet, le montant et le pourcentage de celle-ci est descendu en 2006 \u00e0 0,39 pour cent du revenu national brut, alors que le gouvernement suisse a fait des promesses devant les Nations Unies en 2005 de r\u00e9examiner le principe d'augmenter l'aide publique au d\u00e9veloppement \u00e0 partir de 2008. La d\u00e9cision du Conseil national d'augmenter le cr\u00e9dit-cadre pour ne pas toucher \u00e0 l'aide publique au d\u00e9veloppement va dans le sens d'un respect de nos obligations internationales.</p>\n<p>Je voudrais dire enfin qu'il est essentiel que ce cr\u00e9dit-cadre pour la continuation de l'aide traditionnelle avec les pays de l'Est puisse \u00eatre adopt\u00e9 par le Parlement pendant la session actuelle. Dans le cas contraire, l'aide traditionnelle \u00e0 l'Europe de l'Est serait priv\u00e9e de moyens d'engagement d\u00e8s le milieu de cette ann\u00e9e, \u00e9tant donn\u00e9 que les moyens provenant de la deuxi\u00e8me augmentation du IIIe cr\u00e9dit-cadre, approuv\u00e9e par le Parlement en octobre 2004, sont d\u00e9j\u00e0 pratiquement totalement engag\u00e9s. Si les divergences entre le Conseil national et le Conseil des Etats devaient subsister, le pr\u00e9sent cr\u00e9dit-cadre ne pourrait \u00eatre trait\u00e9 d\u00e9finitivement que durant la session d'automne. Ce retard signifierait, en raison de l'\u00e9puisement du IIIe cr\u00e9dit-cadre, que nous devrions entre-temps stopper notre aide aux pays de l'Est.</p>\n<p>Je remercie la Commission de politique ext\u00e9rieure pour son excellente coop\u00e9ration dans un contexte politique complexe et, disons-le de mani\u00e8re diplomatique, dynamique qui requiert de nous tous une grande flexibilit\u00e9. Je compte sur votre compr\u00e9hension pour les d\u00e9cisions qui vont suivre.</p>\n</pd_text>","MeetingCouncilAbbreviation":"S","MeetingDate":"20070618","MeetingVerbalixOid":1573,"IdSession":"4717","SpeakerFirstName":"Micheline","SpeakerLastName":"Calmy-Rey","SpeakerFullName":"Calmy-Rey Micheline","SpeakerFunction":"BPR-F","CouncilId":99,"CouncilName":"Bundesrat","CantonId":25,"CantonName":"Genf","CantonAbbreviation":"GE","ParlGroupName":null,"ParlGroupAbbreviation":null,"SortOrder":3,"Start":"\/Date(1182185644107)\/","End":"\/Date(1182185832780)\/","Function":"BPR-F","DisplaySpeaker":true,"LanguageOfText":"FR","Modified":"\/Date(1510849780267)\/","StartTimeWithTimezone":"\/Date(1182185644107+0120)\/","EndTimeWithTimezone":"\/Date(1182185832780+0120)\/","VoteBusinessNumber":null,"VoteBusinessShortNumber":null,"VoteBusinessTitle":null},{"__metadata":{"id":"https://ws.parlament.ch/OData.svc/Transcript(ID=75314L,Language='DE')","uri":"https://ws.parlament.ch/OData.svc/Transcript(ID=75314L,Language='DE')","type":"itsystems.Pd.DataServices.DataModel.Transcript"},"Subjects":{"__deferred":{"uri":"https://ws.parlament.ch/OData.svc/Transcript(ID=75314L,Language='DE')/Subjects"}},"MembersCouncil":{"__deferred":{"uri":"https://ws.parlament.ch/OData.svc/Transcript(ID=75314L,Language='DE')/MembersCouncil"}},"Businesses":{"__deferred":{"uri":"https://ws.parlament.ch/OData.svc/Transcript(ID=75314L,Language='DE')/Businesses"}},"ID":"75314","Language":"DE","IdSubject":"11807","VoteId":null,"PersonNumber":528,"Type":1,"Text":"<pd_text><p>Bei diesem Gesch\u00e4ft geht es um den IV. Rahmenkredit f\u00fcr die Finanzierung der Zusammenarbeit mit den Staaten Osteuropas f\u00fcr die Periode 2007 bis 2010, also f\u00fcr die Vierjahresperiode, die bereits begonnen hat. Rechtliche Grundlage hiezu ist das vom Volk am 26. November 2006 angenommene Gesetz \u00fcber die Zusammenarbeit mit den Staaten Osteuropas.</p>\n<p>Nach den Beratungen in beiden Kammern ist eine einzige Differenz entstanden. Sie betrifft die H\u00f6he des Rahmenkredites. Der Bundesrat beantragt 650 Millionen Franken. Unser Rat hat die Vorlage als Erstrat am 20. M\u00e4rz 2007 beraten. Dabei ist er der Mehrheit seiner APK gefolgt und hat mit 23 zu 14 Stimmen einen Minderheitsantrag auf Erh\u00f6hung des Rahmenkredites von 650 Millionen gem\u00e4ss Bundesrat auf 730 Million Franken abgelehnt. Der Nationalrat hat sich am 14. Juni 2007, also letzte Woche, mit der Vorlage befasst und den umgekehrten Entscheid getroffen: Mit 109 zu 63 Stimmen hat er auf Antrag der Mehrheit der APK-NR der Erh\u00f6hung auf 730 Millionen Franken zugestimmt und einen dagegen gerichteten Minderheitsantrag abgelehnt.</p>\n<p>Diese unterschiedlichen Betr\u00e4ge erkl\u00e4ren sich durch den engen Zusammenhang zwischen der Finanzierung der Osthilfe und der haushaltneutralen Finanzierung des Erweiterungsbeitrages von einer Milliarde Franken mittels Kompensation. Der Bundesrat hat einen Kompensationsschl\u00fcssel 60 Prozent EDA/EVD und 40 Prozent allgemeine Bundesmittel beschlossen. Er hat ebenfalls beschlossen, dass die Kompensation von 600 Millionen Franken \u00fcber zehn Jahre in EDA und EVD zulasten der Osthilfe vorgenommen wird. Ungef\u00e4hr ein Drittel der durchschnittlich 60 Millionen Franken j\u00e4hrlich, das heisst ungef\u00e4hr 20 Millionen Franken pro Jahr, gehen nun aber zulasten der als \u00f6ffentliche Entwicklungshilfe anrechenbaren Osthilfe.</p>\n<p>Mit der Annahme der Motion Leuthard beziehungsweise der Ablehnung ihrer Abschreibung sowie mit der Verankerung ihres Inhaltes im Bundesbeschluss zum Erweiterungsbeitrag, in Artikel 1 Absatz 2, haben die R\u00e4te ihren Willen bekr\u00e4ftigt, dass die \u00f6ffentliche Entwicklungszusammenarbeit, also auch jene im Bereich der Osthilfe, von der Kompensation ausgenommen werden muss. Die vom Nationalrat beschlossene Aufstockung des Rahmenkredites um 80 Millionen Franken auf 730 Millionen Franken f\u00fcr vier Jahre soll diesen Grundsatz umsetzen und auf der Ebene des Verpflichtungskredites die Mittel wieder zur Verf\u00fcgung stellen, die gem\u00e4ss dem bundesr\u00e4tlichen Kompensationsmechanismus bei den Zahlungskrediten zulasten der \u00f6ffentlichen Entwicklungshilfe j\u00e4hrlich in der Osthilfe kompensiert w\u00fcrden.</p>\n<p>Es geht dabei also auch um die Koh\u00e4renz zu unseren fr\u00fcheren Beschl\u00fcssen. Der bisherige Rahmenkredit f\u00fcr die Osthilfe l\u00e4uft aus. Wenn wir uns in dieser Session nicht auf den IV. Rahmenkredit einigen, entsteht eine L\u00fccke. Die Art dieses Gesch\u00e4ftes eignet sich nicht f\u00fcr einen Basar. </p>\n<p>Nachdem der Nationalrat in der Gesamtabstimmung dieser Vorlage mit 116 zu 42 Stimmen \u00fcberaus deutlich zugestimmt hat, beantragt Ihnen Ihre APK heute einstimmig, sich diesem Entscheid anzuschliessen und damit der endlosen Saga zu einem w\u00fcrdigen Abschluss zu verhelfen. </p>\n</pd_text>","MeetingCouncilAbbreviation":"S","MeetingDate":"20070618","MeetingVerbalixOid":1573,"IdSession":"4717","SpeakerFirstName":"Peter","SpeakerLastName":"Briner","SpeakerFullName":"Briner Peter","SpeakerFunction":"Mit-M","CouncilId":2,"CouncilName":"St\u00e4nderat","CantonId":14,"CantonName":"Schaffhausen","CantonAbbreviation":"SH","ParlGroupName":"Freisinnig-demokratische Fraktion","ParlGroupAbbreviation":"RL","SortOrder":2,"Start":"\/Date(1182185372547)\/","End":"\/Date(1182185644107)\/","Function":"*","DisplaySpeaker":true,"LanguageOfText":"DE","Modified":"\/Date(1510849780267)\/","StartTimeWithTimezone":"\/Date(1182185372547+0120)\/","EndTimeWithTimezone":"\/Date(1182185644107+0120)\/","VoteBusinessNumber":null,"VoteBusinessShortNumber":null,"VoteBusinessTitle":null},{"__metadata":{"id":"https://ws.parlament.ch/OData.svc/Transcript(ID=75315L,Language='DE')","uri":"https://ws.parlament.ch/OData.svc/Transcript(ID=75315L,Language='DE')","type":"itsystems.Pd.DataServices.DataModel.Transcript"},"Subjects":{"__deferred":{"uri":"https://ws.parlament.ch/OData.svc/Transcript(ID=75315L,Language='DE')/Subjects"}},"MembersCouncil":{"__deferred":{"uri":"https://ws.parlament.ch/OData.svc/Transcript(ID=75315L,Language='DE')/MembersCouncil"}},"Businesses":{"__deferred":{"uri":"https://ws.parlament.ch/OData.svc/Transcript(ID=75315L,Language='DE')/Businesses"}},"ID":"75315","Language":"DE","IdSubject":"11807","VoteId":null,"PersonNumber":277,"Type":1,"Text":"<pd_text><p><b>Bundesbeschluss \u00fcber den Rahmenkredit zur Weiterf\u00fchrung der Zusammenarbeit mit den Staaten Osteuropas und der GUS (IV. Rahmenkredit) </b></p>\n<p><b>Arr\u00eat\u00e9 f\u00e9d\u00e9ral concernant un cr\u00e9dit-cadre pour la poursuite de la coop\u00e9ration avec les Etats d'Europe de l'Est et de la CEI (IVe cr\u00e9dit-cadre) </b></p>\n<p>[VS]</p>\n<p><b>Art. 1 Abs. 1</b></p>\n<p><i>Antrag der Kommission</i></p>\n<p>Zustimmung zum Beschluss des Nationalrates</p>\n<p>[VS]</p>\n<p><b>Art. 1 al. 1</b></p>\n<p><i>Proposition de la commission</i></p>\n<p>Adh\u00e9rer \u00e0 la d\u00e9cision du Conseil national</p>\n</pd_text>","MeetingCouncilAbbreviation":"S","MeetingDate":"20070618","MeetingVerbalixOid":1573,"IdSession":"4717","SpeakerFirstName":"Peter","SpeakerLastName":"Bieri","SpeakerFullName":"Bieri Peter","SpeakerFunction":"P-M","CouncilId":2,"CouncilName":"St\u00e4nderat","CantonId":9,"CantonName":"Zug","CantonAbbreviation":"ZG","ParlGroupName":"Christlichdemokratische Fraktion","ParlGroupAbbreviation":"M-E","SortOrder":1,"Start":"\/Date(1182185369717)\/","End":"\/Date(1182185372547)\/","Function":"P-M","DisplaySpeaker":false,"LanguageOfText":null,"Modified":"\/Date(1510849780267)\/","StartTimeWithTimezone":"\/Date(1182185369717+0120)\/","EndTimeWithTimezone":"\/Date(1182185372547+0120)\/","VoteBusinessNumber":null,"VoteBusinessShortNumber":null,"VoteBusinessTitle":null}]},"ID":"11807","Language":"DE","IdMeeting":"876","VerbalixOid":248510,"SortOrder":3,"Modified":"\/Date(1510849780267)\/"}}