{"d":{"__metadata":{"id":"https://ws.parlament.ch/OData.svc/Subject(ID=11828L,Language='DE')","uri":"https://ws.parlament.ch/OData.svc/Subject(ID=11828L,Language='DE')","type":"itsystems.Pd.DataServices.DataModel.Subject"},"Meetings":{"__metadata":{"id":"https://ws.parlament.ch/OData.svc/Meeting(ID=879L,Language='DE')","uri":"https://ws.parlament.ch/OData.svc/Meeting(ID=879L,Language='DE')","type":"itsystems.Pd.DataServices.DataModel.Meeting"},"Sessions":{"__deferred":{"uri":"https://ws.parlament.ch/OData.svc/Meeting(ID=879L,Language='DE')/Sessions"}},"Subjects":{"__deferred":{"uri":"https://ws.parlament.ch/OData.svc/Meeting(ID=879L,Language='DE')/Subjects"}},"ID":"879","Language":"DE","MeetingNumber":12,"IdSession":4717,"SessionNumber":17,"SessionName":"Sommersession 2007","Council":2,"CouncilName":"St\u00e4nderat","CouncilAbbreviation":"SR","Date":"\/Date(1182384000000)\/","Begin":"0800","Modified":"\/Date(1447070013223)\/","LegislativePeriodNumber":47,"PublicationStatus":"final","MeetingOrderText":"Zw\u00f6lfte Sitzung","SortOrder":12,"Location":"S"},"SubjectsBusiness":{"results":[{"__metadata":{"id":"https://ws.parlament.ch/OData.svc/SubjectBusiness(BusinessNumber=20060082,IdSubject=11828L,Language='DE')","uri":"https://ws.parlament.ch/OData.svc/SubjectBusiness(BusinessNumber=20060082,IdSubject=11828L,Language='DE')","type":"itsystems.Pd.DataServices.DataModel.SubjectBusiness"},"Subjects":{"__deferred":{"uri":"https://ws.parlament.ch/OData.svc/SubjectBusiness(BusinessNumber=20060082,IdSubject=11828L,Language='DE')/Subjects"}},"Businesses":{"__deferred":{"uri":"https://ws.parlament.ch/OData.svc/SubjectBusiness(BusinessNumber=20060082,IdSubject=11828L,Language='DE')/Businesses"}},"IdSubject":"11828","BusinessNumber":20060082,"Language":"DE","BusinessShortNumber":"06.082","Title":"Globale Umweltprobleme. Rahmenkredit 2007-2010","SortOrder":1,"PublishedNotes":"Zweitrat - Deuxi\u00e8me Conseil\n","Modified":"\/Date(1447069296313)\/","TitleDE":"Globale Umweltprobleme.\nRahmenkredit 2007-2010","TitleFR":"Environnement mondial.\nCr\u00e9dit-cadre 2007-2010","TitleIT":null}]},"Transcripts":{"results":[{"__metadata":{"id":"https://ws.parlament.ch/OData.svc/Transcript(ID=75481L,Language='DE')","uri":"https://ws.parlament.ch/OData.svc/Transcript(ID=75481L,Language='DE')","type":"itsystems.Pd.DataServices.DataModel.Transcript"},"Subjects":{"__deferred":{"uri":"https://ws.parlament.ch/OData.svc/Transcript(ID=75481L,Language='DE')/Subjects"}},"MembersCouncil":{"__deferred":{"uri":"https://ws.parlament.ch/OData.svc/Transcript(ID=75481L,Language='DE')/MembersCouncil"}},"Businesses":{"__deferred":{"uri":"https://ws.parlament.ch/OData.svc/Transcript(ID=75481L,Language='DE')/Businesses"}},"ID":"75481","Language":"DE","IdSubject":"11828","VoteId":null,"PersonNumber":277,"Type":1,"Text":"<pd_text><p><i>Eintreten wird ohne Gegenantrag beschlossen</i></p>\n<p><i>L'entr\u00e9e en mati\u00e8re est d\u00e9cid\u00e9e sans opposition</i></p>\n<p>[VS]</p>\n<p><b>Bundesbeschluss \u00fcber einen Rahmenkredit f\u00fcr die globale Umwelt </b></p>\n<p><b>Arr\u00eat\u00e9 f\u00e9d\u00e9ral concernant un cr\u00e9dit-cadre pour la protection de l'environnement mondial </b></p>\n<p>[VS]</p>\n<p><i>Detailberatung - Discussion par article</i></p>\n<p>[VS]</p>\n<p><b>Titel und Ingress, Art. 1-3</b></p>\n<p><i>Antrag der Kommission</i></p>\n<p>Zustimmung zum Beschluss des Nationalrates</p>\n<p>[VS]</p>\n<p><b>Titre et pr\u00e9ambule, art. 1-3</b></p>\n<p><i>Proposition de la commission</i></p>\n<p>Adh\u00e9rer \u00e0 la d\u00e9cision du Conseil national</p>\n<p>[VS]</p>\n<p><i>Angenommen - Adopt\u00e9</i></p>\n<p>[VS] [PAGE 614] </p>\n<p><i>Art. 1</i></p>\n<p>[VS]</p>\n<p><i>Ausgabenbremse - Frein aux d\u00e9penses</i></p>\n<p>[VS]</p>\n<p><i>Abstimmung - Vote</i></p>\n<p>F\u00fcr Annahme der Ausgabe .... 35 Stimmen</p>\n<p>(Einstimmigkeit)</p>\n<p>(0 Enthaltungen)</p>\n<p>[VS]</p>\n<p><i>Das qualifizierte Mehr ist erreicht</i></p>\n<p><i>La majorit\u00e9 qualifi\u00e9e est acquise</i></p>\n<p>[VS]</p>\n<p><i>Gesamtabstimmung - Vote sur l'ensemble</i></p>\n<p>F\u00fcr Annahme des Entwurfes .... 36 Stimmen</p>\n<p>(Einstimmigkeit)</p>\n<p>(0 Enthaltungen)</p>\n</pd_text>","MeetingCouncilAbbreviation":"S","MeetingDate":"20070621","MeetingVerbalixOid":1576,"IdSession":"4717","SpeakerFirstName":"Peter","SpeakerLastName":"Bieri","SpeakerFullName":"Bieri Peter","SpeakerFunction":"P-M","CouncilId":2,"CouncilName":"St\u00e4nderat","CantonId":9,"CantonName":"Zug","CantonAbbreviation":"ZG","ParlGroupName":"Christlichdemokratische Fraktion","ParlGroupAbbreviation":"M-E","SortOrder":4,"Start":"\/Date(1182413915613)\/","End":"\/Date(1182414011537)\/","Function":"P-M","DisplaySpeaker":false,"LanguageOfText":null,"Modified":"\/Date(1510849782420)\/","StartTimeWithTimezone":"\/Date(1182413915613+0120)\/","EndTimeWithTimezone":"\/Date(1182414011537+0120)\/","VoteBusinessNumber":null,"VoteBusinessShortNumber":null,"VoteBusinessTitle":null},{"__metadata":{"id":"https://ws.parlament.ch/OData.svc/Transcript(ID=75482L,Language='DE')","uri":"https://ws.parlament.ch/OData.svc/Transcript(ID=75482L,Language='DE')","type":"itsystems.Pd.DataServices.DataModel.Transcript"},"Subjects":{"__deferred":{"uri":"https://ws.parlament.ch/OData.svc/Transcript(ID=75482L,Language='DE')/Subjects"}},"MembersCouncil":{"__deferred":{"uri":"https://ws.parlament.ch/OData.svc/Transcript(ID=75482L,Language='DE')/MembersCouncil"}},"Businesses":{"__deferred":{"uri":"https://ws.parlament.ch/OData.svc/Transcript(ID=75482L,Language='DE')/Businesses"}},"ID":"75482","Language":"DE","IdSubject":"11828","VoteId":null,"PersonNumber":134,"Type":1,"Text":"<pd_text><p>Wenn ich mich sehr kurz fasse, mag das der Bedeutung der Vorlage einerseits nicht entsprechen. Andererseits haben Ihre UREK und Ihre APK das Gesch\u00e4ft gr\u00fcndlich vorbereitet, der Nationalrat hat es auch im Plenum gr\u00fcndlich diskutiert, und vor allem hat Herr B\u00fcttiker die Vorlage vollumf\u00e4nglich, mit all ihren Facetten, vorgestellt. Es liegt kein anderer Antrag vor, sodass ich, auch wegen des Zeitdruckes, jetzt einfach sage: Ich danke Ihnen f\u00fcr die gute Vorbereitung. Ich danke auch f\u00fcr die Bemerkung von Herrn St\u00e4helin. Wir gehen dem nach; diese Frage ist ja schon an der entsprechenden Sitzung aufgeworfen worden. </p>\n<p>Ich bin froh, wenn Sie dieser Vorlage zustimmen.</p>\n</pd_text>","MeetingCouncilAbbreviation":"S","MeetingDate":"20070621","MeetingVerbalixOid":1576,"IdSession":"4717","SpeakerFirstName":"Moritz","SpeakerLastName":"Leuenberger","SpeakerFullName":"Leuenberger Moritz","SpeakerFunction":"BR-M","CouncilId":99,"CouncilName":"Bundesrat","CantonId":1,"CantonName":"Z\u00fcrich","CantonAbbreviation":"ZH","ParlGroupName":null,"ParlGroupAbbreviation":null,"SortOrder":3,"Start":"\/Date(1182413860240)\/","End":"\/Date(1182413915613)\/","Function":"BR-M","DisplaySpeaker":true,"LanguageOfText":"DE","Modified":"\/Date(1510849782420)\/","StartTimeWithTimezone":"\/Date(1182413860240+0120)\/","EndTimeWithTimezone":"\/Date(1182413915613+0120)\/","VoteBusinessNumber":null,"VoteBusinessShortNumber":null,"VoteBusinessTitle":null},{"__metadata":{"id":"https://ws.parlament.ch/OData.svc/Transcript(ID=75483L,Language='DE')","uri":"https://ws.parlament.ch/OData.svc/Transcript(ID=75483L,Language='DE')","type":"itsystems.Pd.DataServices.DataModel.Transcript"},"Subjects":{"__deferred":{"uri":"https://ws.parlament.ch/OData.svc/Transcript(ID=75483L,Language='DE')/Subjects"}},"MembersCouncil":{"__deferred":{"uri":"https://ws.parlament.ch/OData.svc/Transcript(ID=75483L,Language='DE')/MembersCouncil"}},"Businesses":{"__deferred":{"uri":"https://ws.parlament.ch/OData.svc/Transcript(ID=75483L,Language='DE')/Businesses"}},"ID":"75483","Language":"DE","IdSubject":"11828","VoteId":null,"PersonNumber":532,"Type":1,"Text":"<pd_text><p>Wir haben diese Vorlage in der Aussenpolitischen Kommission mitbehandelt und unterst\u00fctzen sie ausdr\u00fccklich.</p>\n<p>Wir sind dabei auf einen Punkt gestossen, den ich auch im Plenum vortragen will. Wir haben festgestellt, dass sich die Stimmrechtsgruppe im GEF-Rat, in welcher die Schweiz mitwirkt, nicht mit jener in den Bretton-Woods-Institutionen deckt, also jener von Weltbank und vom Internationalen W\u00e4hrungsfonds. Wir m\u00f6chten empfehlen, dass unser Land hier eine Deckungsgleichheit erreichen k\u00f6nnte, dass also auch mit Serbien und Polen Kontakte gepflegt werden. Es geht uns darum, dass diese Stimmrechtsgruppe insgesamt eine gewisse St\u00e4rkung und einen guten internen Zusammenhalt erf\u00e4hrt; denn sie erscheint nicht in allen Bereichen als gesichert. Ich m\u00f6chte diese Empfehlung auch hier abgeben.</p>\n<p>Im \u00dcbrigen unterst\u00fctzen wir, wie gesagt, den Kredit.</p>\n</pd_text>","MeetingCouncilAbbreviation":"S","MeetingDate":"20070621","MeetingVerbalixOid":1576,"IdSession":"4717","SpeakerFirstName":"Philipp","SpeakerLastName":"St\u00e4helin","SpeakerFullName":"St\u00e4helin Philipp","SpeakerFunction":"Mit-M","CouncilId":2,"CouncilName":"St\u00e4nderat","CantonId":20,"CantonName":"Thurgau","CantonAbbreviation":"TG","ParlGroupName":"Christlichdemokratische Fraktion","ParlGroupAbbreviation":"M-E","SortOrder":2,"Start":"\/Date(1182413777347)\/","End":"\/Date(1182413860240)\/","Function":"Mit-M","DisplaySpeaker":true,"LanguageOfText":"DE","Modified":"\/Date(1510849782420)\/","StartTimeWithTimezone":"\/Date(1182413777347+0120)\/","EndTimeWithTimezone":"\/Date(1182413860240+0120)\/","VoteBusinessNumber":null,"VoteBusinessShortNumber":null,"VoteBusinessTitle":null},{"__metadata":{"id":"https://ws.parlament.ch/OData.svc/Transcript(ID=75484L,Language='DE')","uri":"https://ws.parlament.ch/OData.svc/Transcript(ID=75484L,Language='DE')","type":"itsystems.Pd.DataServices.DataModel.Transcript"},"Subjects":{"__deferred":{"uri":"https://ws.parlament.ch/OData.svc/Transcript(ID=75484L,Language='DE')/Subjects"}},"MembersCouncil":{"__deferred":{"uri":"https://ws.parlament.ch/OData.svc/Transcript(ID=75484L,Language='DE')/MembersCouncil"}},"Businesses":{"__deferred":{"uri":"https://ws.parlament.ch/OData.svc/Transcript(ID=75484L,Language='DE')/Businesses"}},"ID":"75484","Language":"DE","IdSubject":"11828","VoteId":null,"PersonNumber":37,"Type":1,"Text":"<pd_text><p>Die globalen Umweltprobleme - Klimawandel, Verlust der Artenvielfalt, Zerst\u00f6rung der Ozonschicht, Belastung durch Chemikalien, W\u00fcstenbildung, Wasserkrise - gef\u00e4hrden das \u00f6kologische Gleichgewicht unseres Planeten. Sie betreffen uns alle und erfordern ein solidarisches Vorgehen s\u00e4mtlicher L\u00e4nder. Der Schutz der Umwelt ist eine Grundvoraussetzung f\u00fcr die Bek\u00e4mpfung der Armut, denn die Abh\u00e4ngigkeit von nat\u00fcrlichen [PAGE 613] Ressourcen - W\u00e4ldern, Wasser, Pflanzen und Wildtieren - ist in den \u00e4rmsten L\u00e4ndern am gr\u00f6ssten.</p>\n<p>Die Staatengemeinschaft hat sich am Rio-Gipfel zum Ziel gesetzt, einen Beitrag zur L\u00f6sung dieser globalen Umweltprobleme zu leisten. Die Entwicklungsl\u00e4nder haben daf\u00fcr aber oft nicht die Mittel. Darum wird versucht, diese L\u00e4nder bei der Umsetzung der Umweltkonventionen zu unterst\u00fctzen. Dabei ist zwischen Aktivit\u00e4ten zum Schutz der Umwelt, die prim\u00e4r im eigenen Nutzen und Interesse sind - hier ist die traditionelle Entwicklungszusammenarbeit gefragt -, und Aktivit\u00e4ten, die im Interesse der globalen Umwelt sind, zu unterscheiden. Die Mehrkosten f\u00fcr diese Aktivit\u00e4ten werden vom sogenannten GEF, dem Globalen Umweltfonds, getragen. \u00dcber den Rahmenkredit f\u00fcr diesen GEF, das heisst \u00fcber den schweizerischen Beitrag an den Globalen Umweltfonds, hat der St\u00e4nderat nun zu entscheiden. Der Nationalrat hat ihn bereits in der Fr\u00fchjahrssession genehmigt. Die UREK-SR hat die Vorlage an ihrer Sitzung vom 17. April 2007 einstimmig gutgeheissen.</p>\n<p>Der GEF dient als Finanzierungsmechanismus f\u00fcr die zentralen Konventionen im Umweltbereich, die anl\u00e4sslich des Gipfels in Rio und danach verabschiedet worden sind. Die Schweiz hat sich mit Erfolg daf\u00fcr eingesetzt, anstelle zahlreicher kleiner Fonds einige wenige gut funktionierende Finanzierungsinstrumente zu errichten, wodurch eine gr\u00f6ssere Effizienz gew\u00e4hrleistet wird.</p>\n<p>Die Begleitung der Arbeiten des GEF wird von schweizerischer Seite unter Federf\u00fchrung des Bafu sichergestellt. Der GEF arbeitet nicht isoliert, sondern unterst\u00fctzt Projekte verschiedenster Institutionen, insbesondere Projekte der Weltbank, des Uno-Entwicklungsprogramms, des Uno-Umweltprogramms und der regionalen Entwicklungsbanken. Ferner sucht der GEF bei seiner T\u00e4tigkeit, namentlich auf Anregung der Schweiz, zunehmend die Zusammenarbeit mit dem Privatsektor.</p>\n<p>Die Schweiz vertritt ihre Stimmrechtsgruppe - zu der auch die zentralasiatischen Partnerl\u00e4nder Kirgistan, Usbekistan, Tadschikistan, Turkmenistan, Kasachstan und Aserbaidschan geh\u00f6ren - permanent im GEF-Rat. Der Aufwand f\u00fcr diese Stimmrechtsgruppe, die 1999 auf Initiative der Schweiz geschaffen wurde, bleibt gross. Der GEF-Rat trifft sich zweimal im Jahr und entscheidet insbesondere \u00fcber die strategische Ausrichtung der Projektarbeit.</p>\n<p>Ich komme zum Rahmenkredit: Der mit der vorliegenden Botschaft beantragte Rahmenkredit umfasst gerundet 110 Millionen Franken. Er liegt damit um 15 Millionen Franken tiefer als der letzte vom Parlament im Jahre 2003 genehmigte Rahmenkredit im Umfang von 125 Millionen Franken. Grund f\u00fcr die Reduktion des Rahmenkredites ist prim\u00e4r die Wechselkursentwicklung. Die wichtigste Komponente des Rahmenkredites ist der schweizerische Beitrag an die vierte Wiederauff\u00fcllung des Globalen Umweltfonds. Dieser Beitrag betr\u00e4gt gem\u00e4ss Antrag des Bundesrates 88 Millionen Franken. Der Beitrag an den Ozonfonds des Protokolls von Montreal betr\u00e4gt 12 Millionen Franken, der Beitrag an den Klimafonds 6 Millionen Franken, der Durchf\u00fchrungskredit f\u00fcr begleitende Aktivit\u00e4ten, unter anderem f\u00fcr die F\u00fchrung der Stimmrechtsgruppe und f\u00fcr Kontrollmassnahmen, betr\u00e4gt 3,5 Millionen Franken. Der Beitrag der Schweiz zur Wiederauff\u00fcllung des GEF wird zun\u00e4chst auf der Grundlage des IDA-Verteilschl\u00fcssels festgelegt. Dieser betr\u00e4gt f\u00fcr die Schweiz neu 2,26 Prozent - zuvor waren es 2,43 Prozent - und entspricht 70 Millionen Franken.</p>\n<p>Ich komme zur gesetzlichen Grundlage: Parallel zur parlamentarischen Beratung des letzten Rahmenkredites genehmigten die R\u00e4te einen neuen Artikel 53 des Umweltschutzgesetzes. Er stellt die gesetzliche Grundlage f\u00fcr das internationale Engagement der Schweiz im Umweltbereich dar. Artikel 53 Absatz 2 USG sieht vor, dass Beitr\u00e4ge an Fonds zur Unterst\u00fctzung von Entwicklungs- und Transitionsl\u00e4ndern bei der Umsetzung von internationalen Umweltabkommen immer in Form von Rahmenkrediten f\u00fcr jeweils mehrere Jahre beschlossen werden. Auch haben wir mit diesen Geldern systematisch den Einbezug der Privatwirtschaft, insbesondere der schweizerischen, gef\u00f6rdert. Nennenswert sind unsere Anstrengungen zur F\u00f6rderung der erneuerbaren Energien in Entwicklungsl\u00e4ndern durch Schweizer Firmen.</p>\n<p>Ich komme zum Fazit:</p>\n<p>1. Dieser Beitrag und der gesamte Rahmenkredit sind ein Bekenntnis der Schweiz zum globalen Umweltschutz.</p>\n<p>2. Sie sind auch ein Bekenntnis der Schweiz, dass sie sich f\u00fcr die Umsetzung der grossen globalen Umweltkonventionen einsetzt.</p>\n<p>3. Der Rahmenkredit im vorgeschlagenen Umfang erlaubt der Schweiz, ihre wichtige Rolle bei der Gestaltung der globalen Umweltpolitik weiter wahrzunehmen.</p>\n<p>4. Der Rahmenkredit ist auch ein glaubw\u00fcrdiges Bekenntnis der Schweiz zur Solidarit\u00e4t mit den Transitions- und Entwicklungsl\u00e4ndern wie auch mit unseren europ\u00e4ischen Partnern.</p>\n<p>Ich beantrage Ihnen Eintreten auf die Vorlage und Zustimmung zum Kredit.</p>\n</pd_text>","MeetingCouncilAbbreviation":"S","MeetingDate":"20070621","MeetingVerbalixOid":1576,"IdSession":"4717","SpeakerFirstName":"Rolf","SpeakerLastName":"B\u00fcttiker","SpeakerFullName":"B\u00fcttiker Rolf","SpeakerFunction":"Mit-M","CouncilId":2,"CouncilName":"St\u00e4nderat","CantonId":11,"CantonName":"Solothurn","CantonAbbreviation":"SO","ParlGroupName":"Freisinnig-demokratische Fraktion","ParlGroupAbbreviation":"RL","SortOrder":1,"Start":"\/Date(1182413335943)\/","End":"\/Date(1182413777347)\/","Function":"*","DisplaySpeaker":true,"LanguageOfText":"DE","Modified":"\/Date(1510849782420)\/","StartTimeWithTimezone":"\/Date(1182413335943+0120)\/","EndTimeWithTimezone":"\/Date(1182413777347+0120)\/","VoteBusinessNumber":null,"VoteBusinessShortNumber":null,"VoteBusinessTitle":null}]},"ID":"11828","Language":"DE","IdMeeting":"879","VerbalixOid":249787,"SortOrder":4,"Modified":"\/Date(1510849782407)\/"}}