{"d":{"__metadata":{"id":"https://ws.parlament.ch/OData.svc/Subject(ID=11859L,Language='DE')","uri":"https://ws.parlament.ch/OData.svc/Subject(ID=11859L,Language='DE')","type":"itsystems.Pd.DataServices.DataModel.Subject"},"Meetings":{"__metadata":{"id":"https://ws.parlament.ch/OData.svc/Meeting(ID=881L,Language='DE')","uri":"https://ws.parlament.ch/OData.svc/Meeting(ID=881L,Language='DE')","type":"itsystems.Pd.DataServices.DataModel.Meeting"},"Sessions":{"__deferred":{"uri":"https://ws.parlament.ch/OData.svc/Meeting(ID=881L,Language='DE')/Sessions"}},"Subjects":{"__deferred":{"uri":"https://ws.parlament.ch/OData.svc/Meeting(ID=881L,Language='DE')/Subjects"}},"ID":"881","Language":"DE","MeetingNumber":14,"IdSession":4717,"SessionNumber":17,"SessionName":"Sommersession 2007","Council":2,"CouncilName":"St\u00e4nderat","CouncilAbbreviation":"SR","Date":"\/Date(1182470400000)\/","Begin":"0800","Modified":"\/Date(1447070013620)\/","LegislativePeriodNumber":47,"PublicationStatus":"final","MeetingOrderText":"Vierzehnte Sitzung","SortOrder":14,"Location":"S"},"SubjectsBusiness":{"results":[{"__metadata":{"id":"https://ws.parlament.ch/OData.svc/SubjectBusiness(BusinessNumber=20060094,IdSubject=11859L,Language='DE')","uri":"https://ws.parlament.ch/OData.svc/SubjectBusiness(BusinessNumber=20060094,IdSubject=11859L,Language='DE')","type":"itsystems.Pd.DataServices.DataModel.SubjectBusiness"},"Subjects":{"__deferred":{"uri":"https://ws.parlament.ch/OData.svc/SubjectBusiness(BusinessNumber=20060094,IdSubject=11859L,Language='DE')/Subjects"}},"Businesses":{"__deferred":{"uri":"https://ws.parlament.ch/OData.svc/SubjectBusiness(BusinessNumber=20060094,IdSubject=11859L,Language='DE')/Businesses"}},"IdSubject":"11859","BusinessNumber":20060094,"Language":"DE","BusinessShortNumber":"06.094","Title":"NFA. Festlegung der Beitr\u00e4ge des Ressourcen-, Lasten- und H\u00e4rteausgleichs","SortOrder":1,"PublishedNotes":"Schlussabstimmung - Vote final\n","Modified":"\/Date(1447069296620)\/","TitleDE":"NFA. Festlegung\nder Beitr\u00e4ge\ndes Ressourcen-,\nLasten- und\nH\u00e4rteausgleichs","TitleFR":"RPT. Dotation\nde la p\u00e9r\u00e9quation des ressources,\nde la compensation des charges\net de la compensation\ndes cas de rigueur","TitleIT":null}]},"Transcripts":{"results":[{"__metadata":{"id":"https://ws.parlament.ch/OData.svc/Transcript(ID=75678L,Language='DE')","uri":"https://ws.parlament.ch/OData.svc/Transcript(ID=75678L,Language='DE')","type":"itsystems.Pd.DataServices.DataModel.Transcript"},"Subjects":{"__deferred":{"uri":"https://ws.parlament.ch/OData.svc/Transcript(ID=75678L,Language='DE')/Subjects"}},"MembersCouncil":{"__deferred":{"uri":"https://ws.parlament.ch/OData.svc/Transcript(ID=75678L,Language='DE')/MembersCouncil"}},"Businesses":{"__deferred":{"uri":"https://ws.parlament.ch/OData.svc/Transcript(ID=75678L,Language='DE')/Businesses"}},"ID":"75678","Language":"DE","IdSubject":"11859","VoteId":null,"PersonNumber":277,"Type":1,"Text":"<pd_text><p><b>1. Bundesbeschluss \u00fcber die Festlegung der Grundbeitr\u00e4ge des Ressourcen- und Lastenausgleichs </b></p>\n<p><b>1. Arr\u00eat\u00e9 f\u00e9d\u00e9ral concernant la d\u00e9termination des contributions de base \u00e0 la p\u00e9r\u00e9quation des ressources et \u00e0 la compensation des charges </b></p>\n<p>[VS]</p>\n<p><i>Abstimmung - Vote</i></p>\n<p>F\u00fcr Annahme des Entwurfes .... 35 Stimmen</p>\n<p>Dagegen .... 6 Stimmen</p>\n<p>(1 Enthaltung)</p>\n<p>[VS]</p>\n<p>[VS]</p>\n<p><b>2. Bundesbeschluss \u00fcber die Festlegung des H\u00e4rteausgleichs </b></p>\n<p><b>2. Arr\u00eat\u00e9 f\u00e9d\u00e9ral concernant la dotation de la compensation des cas de rigueur </b></p>\n<p>[VS]</p>\n<p><i>Abstimmung - Vote</i></p>\n<p>F\u00fcr Annahme des Entwurfes .... 35 Stimmen</p>\n<p>Dagegen .... 2 Stimmen</p>\n<p>(5 Enthaltungen)</p>\n<p>[VS]</p>\n<p>[VS]</p>\n<p><b>4. Bundesgesetz \u00fcber die \u00c4nderung von Erlassen im Rahmen des \u00dcbergangs zur Neugestaltung des Finanzausgleichs und der Aufgabenteilung zwischen Bund und Kantonen </b></p>\n<p><b>4. Loi f\u00e9d\u00e9rale concernant la modification d'actes dans le cadre de la r\u00e9forme de la p\u00e9r\u00e9quation financi\u00e8re et de la r\u00e9partition des t\u00e2ches entre la Conf\u00e9d\u00e9ration et les cantons </b></p>\n<p>[VS]</p>\n<p><i>Abstimmung - Vote</i></p>\n<p>F\u00fcr Annahme des Entwurfes .... 34 Stimmen</p>\n<p>Dagegen .... 2 Stimmen</p>\n<p>(6 Enthaltungen)</p>\n</pd_text>","MeetingCouncilAbbreviation":"S","MeetingDate":"20070622","MeetingVerbalixOid":1578,"IdSession":"4717","SpeakerFirstName":"Peter","SpeakerLastName":"Bieri","SpeakerFullName":"Bieri Peter","SpeakerFunction":"P-M","CouncilId":2,"CouncilName":"St\u00e4nderat","CantonId":9,"CantonName":"Zug","CantonAbbreviation":"ZG","ParlGroupName":"Christlichdemokratische Fraktion","ParlGroupAbbreviation":"M-E","SortOrder":2,"Start":"\/Date(1182500171020)\/","End":"\/Date(1182500307257)\/","Function":"P-M","DisplaySpeaker":false,"LanguageOfText":null,"Modified":"\/Date(1510849783670)\/","StartTimeWithTimezone":"\/Date(1182500171020+0120)\/","EndTimeWithTimezone":"\/Date(1182500307257+0120)\/","VoteBusinessNumber":null,"VoteBusinessShortNumber":null,"VoteBusinessTitle":null},{"__metadata":{"id":"https://ws.parlament.ch/OData.svc/Transcript(ID=75679L,Language='DE')","uri":"https://ws.parlament.ch/OData.svc/Transcript(ID=75679L,Language='DE')","type":"itsystems.Pd.DataServices.DataModel.Transcript"},"Subjects":{"__deferred":{"uri":"https://ws.parlament.ch/OData.svc/Transcript(ID=75679L,Language='DE')/Subjects"}},"MembersCouncil":{"__deferred":{"uri":"https://ws.parlament.ch/OData.svc/Transcript(ID=75679L,Language='DE')/MembersCouncil"}},"Businesses":{"__deferred":{"uri":"https://ws.parlament.ch/OData.svc/Transcript(ID=75679L,Language='DE')/Businesses"}},"ID":"75679","Language":"DE","IdSubject":"11859","VoteId":null,"PersonNumber":531,"Type":1,"Text":"<pd_text><p>Ich \u00e4ussere mich im Namen der Redaktionskommission zur Vorlage 4, zum Bundesgesetz \u00fcber die \u00c4nderung von Erlassen im Rahmen des \u00dcbergangs zur Neugestaltung des Finanzausgleichs und der Aufgabenteilung zwischen Bund und [PAGE 663] Kantonen. Nach Artikel 3 Absatz 3 der Verordnung der Bundesversammlung \u00fcber die Redaktionskommission sind erhebliche Text\u00e4nderungen in jedem Rat durch die Redaktionskommission vor der Schlussabstimmung zu erl\u00e4utern.</p>\n<p>Der Entwurf des Bundesrates f\u00fcr die Vorlage 4 enthielt einen neuen Anhang f\u00fcr das Bundesgesetz \u00fcber die Invalidenversicherung, mit einer Tabelle \u00fcber die Aufteilung der Leistungen der Kantone. Wir haben feststellt, dass dieser Anhang samt Tabelle bisher in keiner Fahne enthalten war. Jetzt finden Sie im verteilten Schlussabstimmungstext auch diesen Anhang vor.</p>\n<p>Gem\u00e4ss Entwurf des Bundesrates ergaben die Leistungen an die Kantone einen Gesamtbetrag von 245 Millionen Franken. Das Parlament hat nun diesen Gesamtbetrag auf 490 Millionen Franken angehoben. Automatisch m\u00fcssen somit auch die Zahlen in der Tabelle des erw\u00e4hnten Anhangs entsprechend angepasst werden. Die Zahlen wurden jeweils einfach verdoppelt, obschon sie nie explizit in den R\u00e4ten diskutiert worden sind. Da es sich aber nur um eine rein rechnerische Anpassung an den Entscheid der R\u00e4te zu Absatz 4 Buchstabe b der \u00dcbergangsbestimmungen handelt - es geht lediglich um eine Verdoppelung der Zahlen -, hat die Redaktionskommission die Anpassung der Zahlen in der Tabelle vorgenommen. Dies m\u00fcssen wir Ihnen heute so kommunizieren.</p>\n<p>[VS]</p>\n</pd_text>","MeetingCouncilAbbreviation":"S","MeetingDate":"20070622","MeetingVerbalixOid":1578,"IdSession":"4717","SpeakerFirstName":"Hansruedi","SpeakerLastName":"Stadler","SpeakerFullName":"Stadler Hansruedi","SpeakerFunction":"Mit-M","CouncilId":2,"CouncilName":"St\u00e4nderat","CantonId":4,"CantonName":"Uri","CantonAbbreviation":"UR","ParlGroupName":"Christlichdemokratische Fraktion","ParlGroupAbbreviation":"M-E","SortOrder":1,"Start":"\/Date(1182500038160)\/","End":"\/Date(1182500171020)\/","Function":"*","DisplaySpeaker":true,"LanguageOfText":"DE","Modified":"\/Date(1510849783670)\/","StartTimeWithTimezone":"\/Date(1182500038160+0120)\/","EndTimeWithTimezone":"\/Date(1182500171020+0120)\/","VoteBusinessNumber":null,"VoteBusinessShortNumber":null,"VoteBusinessTitle":null}]},"ID":"11859","Language":"DE","IdMeeting":"881","VerbalixOid":250549,"SortOrder":15,"Modified":"\/Date(1510849783670)\/"}}