{"d":{"__metadata":{"id":"https://ws.parlament.ch/OData.svc/Subject(ID=12393L,Language='DE')","uri":"https://ws.parlament.ch/OData.svc/Subject(ID=12393L,Language='DE')","type":"itsystems.Pd.DataServices.DataModel.Subject"},"Meetings":{"__metadata":{"id":"https://ws.parlament.ch/OData.svc/Meeting(ID=906L,Language='DE')","uri":"https://ws.parlament.ch/OData.svc/Meeting(ID=906L,Language='DE')","type":"itsystems.Pd.DataServices.DataModel.Meeting"},"Sessions":{"__deferred":{"uri":"https://ws.parlament.ch/OData.svc/Meeting(ID=906L,Language='DE')/Sessions"}},"Subjects":{"__deferred":{"uri":"https://ws.parlament.ch/OData.svc/Meeting(ID=906L,Language='DE')/Subjects"}},"ID":"906","Language":"DE","MeetingNumber":6,"IdSession":4718,"SessionNumber":18,"SessionName":"Herbstsession 2007","Council":2,"CouncilName":"St\u00e4nderat","CouncilAbbreviation":"SR","Date":"\/Date(1190678400000)\/","Begin":"0800","Modified":"\/Date(1447070024053)\/","LegislativePeriodNumber":47,"PublicationStatus":"final","MeetingOrderText":"Sechste Sitzung","SortOrder":6,"Location":"S"},"SubjectsBusiness":{"results":[{"__metadata":{"id":"https://ws.parlament.ch/OData.svc/SubjectBusiness(BusinessNumber=20070024,IdSubject=12393L,Language='DE')","uri":"https://ws.parlament.ch/OData.svc/SubjectBusiness(BusinessNumber=20070024,IdSubject=12393L,Language='DE')","type":"itsystems.Pd.DataServices.DataModel.SubjectBusiness"},"Subjects":{"__deferred":{"uri":"https://ws.parlament.ch/OData.svc/SubjectBusiness(BusinessNumber=20070024,IdSubject=12393L,Language='DE')/Subjects"}},"Businesses":{"__deferred":{"uri":"https://ws.parlament.ch/OData.svc/SubjectBusiness(BusinessNumber=20070024,IdSubject=12393L,Language='DE')/Businesses"}},"IdSubject":"12393","BusinessNumber":20070024,"Language":"DE","BusinessShortNumber":"07.024","Title":"Standortf\u00f6rderung 2008-2011","SortOrder":1,"PublishedNotes":"Differenzen - Divergences\n","Modified":"\/Date(1447069327800)\/","TitleDE":"Standortf\u00f6rderung 2008-2011","TitleFR":"Promotion \u00e9conomique 2008-2011","TitleIT":null}]},"Transcripts":{"results":[{"__metadata":{"id":"https://ws.parlament.ch/OData.svc/Transcript(ID=78293L,Language='DE')","uri":"https://ws.parlament.ch/OData.svc/Transcript(ID=78293L,Language='DE')","type":"itsystems.Pd.DataServices.DataModel.Transcript"},"Subjects":{"__deferred":{"uri":"https://ws.parlament.ch/OData.svc/Transcript(ID=78293L,Language='DE')/Subjects"}},"MembersCouncil":{"__deferred":{"uri":"https://ws.parlament.ch/OData.svc/Transcript(ID=78293L,Language='DE')/MembersCouncil"}},"Businesses":{"__deferred":{"uri":"https://ws.parlament.ch/OData.svc/Transcript(ID=78293L,Language='DE')/Businesses"}},"ID":"78293","Language":"DE","IdSubject":"12393","VoteId":null,"PersonNumber":277,"Type":1,"Text":"<pd_text><p><i>Abstimmung - Vote</i></p>\n<p>F\u00fcr den Antrag der Kommission .... 26 Stimmen</p>\n<p>F\u00fcr den Antrag des Bundesrates .... 9 Stimmen</p>\n</pd_text>","MeetingCouncilAbbreviation":"S","MeetingDate":"20070925","MeetingVerbalixOid":1603,"IdSession":"4718","SpeakerFirstName":"Peter","SpeakerLastName":"Bieri","SpeakerFullName":"Bieri Peter","SpeakerFunction":"P-M","CouncilId":2,"CouncilName":"St\u00e4nderat","CantonId":9,"CantonName":"Zug","CantonAbbreviation":"ZG","ParlGroupName":"Christlichdemokratische Fraktion","ParlGroupAbbreviation":"M-E","SortOrder":4,"Start":"\/Date(1190708891340)\/","End":"\/Date(1190708944887)\/","Function":"P-M","DisplaySpeaker":false,"LanguageOfText":null,"Modified":"\/Date(1510849803953)\/","StartTimeWithTimezone":"\/Date(1190708891340+0120)\/","EndTimeWithTimezone":"\/Date(1190708944887+0120)\/","VoteBusinessNumber":null,"VoteBusinessShortNumber":null,"VoteBusinessTitle":null},{"__metadata":{"id":"https://ws.parlament.ch/OData.svc/Transcript(ID=78294L,Language='DE')","uri":"https://ws.parlament.ch/OData.svc/Transcript(ID=78294L,Language='DE')","type":"itsystems.Pd.DataServices.DataModel.Transcript"},"Subjects":{"__deferred":{"uri":"https://ws.parlament.ch/OData.svc/Transcript(ID=78294L,Language='DE')/Subjects"}},"MembersCouncil":{"__deferred":{"uri":"https://ws.parlament.ch/OData.svc/Transcript(ID=78294L,Language='DE')/MembersCouncil"}},"Businesses":{"__deferred":{"uri":"https://ws.parlament.ch/OData.svc/Transcript(ID=78294L,Language='DE')/Businesses"}},"ID":"78294","Language":"DE","IdSubject":"12393","VoteId":null,"PersonNumber":488,"Type":1,"Text":"<pd_text><p>Meine Argumente f\u00fcr die bundesr\u00e4tliche Version sind nicht mit solchen gegen Schweiz Tourismus gekoppelt, das war noch nie so. Wir haben immer dargelegt, dass Schweiz Tourismus eine ausgezeichnete Arbeit macht, dass sich das in der Vergangenheit auch stark verbessert hat und dass die Mittel gut eingesetzt werden. Darum geht es nicht. Ich kann dasselbe zu Osec und zu Location Switzerland sagen. Dort haben Sie ebenso konsequent alle Budgeterh\u00f6hungen abgewiesen. Volkswirtschaftlich, das muss ich Ihnen sagen, w\u00e4re eine Ausweitung des Budgets bei Location Switzerland noch wichtiger als bei Schweiz Tourismus. Dort haben Sie gesagt, dass das finanzpolitisch nicht drinliege und Sie eine Ausweitung des Budgets nicht wollten. Ich muss Sie einfach auch hier auf die finanzpolitischen Konsequenzen hinweisen. Ich h\u00e4tte unz\u00e4hlige Gr\u00fcnde gehabt, um Ihnen Budgeterh\u00f6hungen f\u00fcr all diese Organisationen schmackhaft zu machen. Ich bleibe ebenso konsequent in meiner Haltung, indem ich sage, dass wir uns bem\u00fcht haben, die bisherigen Zahlungsrahmen im Finanzplan beizubehalten; Erh\u00f6hungen w\u00e4ren f\u00fcr alle Organisationen, die in diesem Rahmengesetz enthalten sind, gerechtfertigt. </p>\n<p>Wenn Sie das Budget ausweiten, m\u00fcssen Sie diese 9 Millionen Franken zus\u00e4tzlich \u00fcber das Kredit-Budget zuschanzen und mir einmal mehr sagen, was Sie aber erneut nicht tun, wo Sie diesen Betrag kompensieren wollen. Deshalb ist mein einziger Appell finanzpolitischer Natur. Alles andere, beispielsweise die Qualit\u00e4t der Leistungen, steht f\u00fcr mich nicht zur Diskussion. Dass selbstverst\u00e4ndlich auch die zus\u00e4tzlichen 9 Millionen Franken gut eingesetzt w\u00fcrden, ist zweifellos so.</p>\n<p>Nachdem wir hier eine weitere Differenz haben, glaube ich, dass es sinnvoll ist, wenn Sie abstimmen; das ist auch dem Nationalrat gegen\u00fcber korrekt. Deshalb muss ich an meiner Version festhalten.</p>\n</pd_text>","MeetingCouncilAbbreviation":"S","MeetingDate":"20070925","MeetingVerbalixOid":1603,"IdSession":"4718","SpeakerFirstName":"Doris","SpeakerLastName":"Leuthard","SpeakerFullName":"Leuthard Doris","SpeakerFunction":"BR-F","CouncilId":99,"CouncilName":"Bundesrat","CantonId":19,"CantonName":"Aargau","CantonAbbreviation":"AG","ParlGroupName":null,"ParlGroupAbbreviation":null,"SortOrder":3,"Start":"\/Date(1190708770590)\/","End":"\/Date(1190708891340)\/","Function":"BR-F","DisplaySpeaker":true,"LanguageOfText":"DE","Modified":"\/Date(1510849803953)\/","StartTimeWithTimezone":"\/Date(1190708770590+0120)\/","EndTimeWithTimezone":"\/Date(1190708891340+0120)\/","VoteBusinessNumber":null,"VoteBusinessShortNumber":null,"VoteBusinessTitle":null},{"__metadata":{"id":"https://ws.parlament.ch/OData.svc/Transcript(ID=78295L,Language='DE')","uri":"https://ws.parlament.ch/OData.svc/Transcript(ID=78295L,Language='DE')","type":"itsystems.Pd.DataServices.DataModel.Transcript"},"Subjects":{"__deferred":{"uri":"https://ws.parlament.ch/OData.svc/Transcript(ID=78295L,Language='DE')/Subjects"}},"MembersCouncil":{"__deferred":{"uri":"https://ws.parlament.ch/OData.svc/Transcript(ID=78295L,Language='DE')/MembersCouncil"}},"Businesses":{"__deferred":{"uri":"https://ws.parlament.ch/OData.svc/Transcript(ID=78295L,Language='DE')/Businesses"}},"ID":"78295","Language":"DE","IdSubject":"12393","VoteId":null,"PersonNumber":85,"Type":1,"Text":"<pd_text><p>Unsere Kommission beantragt Ihnen sehr klar, mit 8 zu 2 Stimmen bei 1 Enthaltung, an unserem Entscheid festzuhalten. Wir haben uns ja entschieden, den Betrag f\u00fcr Schweiz Tourismus als Finanzhilfe f\u00fcr die kommenden vier Jahre von 186 auf 195 Millionen Franken aufzustocken. Ich darf dies f\u00fcr die Kommission wie folgt kurz begr\u00fcnden.</p>\n<p>Mit dieser Erh\u00f6hung sprechen wir keinen substanziellen Mehrbetrag, wir gleichen lediglich die Teuerung aus. Auch der Bundesrat wollte die Teuerung ausgleichen, hatte aber \u00fcbersehen, dass 60 Prozent der Ausgaben von Schweiz Tourismus im Ausland anfallen - zum grossen Teil in L\u00e4ndern, in welchen die Teuerung viel h\u00f6her ist als in der Schweiz; sie betr\u00e4gt dort bis zu 10 Prozent. Trotzdem hat der Bundesrat nur die schweizerische Teuerung ausgleichen wollen. Wir haben das korrigiert. Es ist keinerlei Geschenk an Schweiz Tourismus, es ist aber eine Anerkennung der bisherigen Leistungen, eine Anerkennung der Tatsache, dass Schweiz Tourismus in den letzten vier Jahren eine enorme Aufbauarbeit geleistet und erfolgreich gearbeitet hat, und eine Anerkennung der Tatsache, dass der Tourismus f\u00fcr die Schweiz ein wesentliches volkswirtschaftliches Standbein darstellt. Dieses Engagement unterst\u00fctzen wir, indem wir real den gleichen Betrag wie bisher sprechen und die Teuerung in den L\u00e4ndern ausgleichen, wo sie tats\u00e4chlich anf\u00e4llt.</p>\n<p>Man hat im Nationalrat damit argumentiert, dass in den letzten zehn Jahren der Betrag ja wesentlich erh\u00f6ht wurde. Das stimmt und war notwendig. Aber hier geht es nicht um eine Erh\u00f6hung, sondern um eine Weiterf\u00fchrung jener Unterst\u00fctzung an das Unternehmen Schweiz Tourismus, welche real dieselbe ist wie heute. Wenn Sie dem Nationalrat folgten, w\u00fcrden Sie abbauen und Schweiz Tourismus einige wichtige Projekte nicht mehr oder nur mehr in beschr\u00e4nktem Masse erlauben. [PAGE 772] </p>\n<p>Diese Argumente f\u00fchren schliesslich dazu, dass keine Minderheit der Kommission einen anderen Antrag stellt. Ich darf Sie und den Bundesrat einladen, sich der Kommission anzuschliessen. Es bestehen sehr gute Aussichten, dass sich der Nationalrat, der im letzten Durchgang nur noch relativ knapp an seiner Haltung festhielt, uns anschliessen wird.</p>\n</pd_text>","MeetingCouncilAbbreviation":"S","MeetingDate":"20070925","MeetingVerbalixOid":1603,"IdSession":"4718","SpeakerFirstName":"Bruno","SpeakerLastName":"Frick","SpeakerFullName":"Frick Bruno","SpeakerFunction":"Mit-M","CouncilId":2,"CouncilName":"St\u00e4nderat","CantonId":5,"CantonName":"Schwyz","CantonAbbreviation":"SZ","ParlGroupName":"Christlichdemokratische Fraktion","ParlGroupAbbreviation":"M-E","SortOrder":2,"Start":"\/Date(1190708576713)\/","End":"\/Date(1190708763260)\/","Function":"*","DisplaySpeaker":true,"LanguageOfText":"DE","Modified":"\/Date(1510849803953)\/","StartTimeWithTimezone":"\/Date(1190708576713+0120)\/","EndTimeWithTimezone":"\/Date(1190708763260+0120)\/","VoteBusinessNumber":null,"VoteBusinessShortNumber":null,"VoteBusinessTitle":null},{"__metadata":{"id":"https://ws.parlament.ch/OData.svc/Transcript(ID=78296L,Language='DE')","uri":"https://ws.parlament.ch/OData.svc/Transcript(ID=78296L,Language='DE')","type":"itsystems.Pd.DataServices.DataModel.Transcript"},"Subjects":{"__deferred":{"uri":"https://ws.parlament.ch/OData.svc/Transcript(ID=78296L,Language='DE')/Subjects"}},"MembersCouncil":{"__deferred":{"uri":"https://ws.parlament.ch/OData.svc/Transcript(ID=78296L,Language='DE')/MembersCouncil"}},"Businesses":{"__deferred":{"uri":"https://ws.parlament.ch/OData.svc/Transcript(ID=78296L,Language='DE')/Businesses"}},"ID":"78296","Language":"DE","IdSubject":"12393","VoteId":null,"PersonNumber":277,"Type":1,"Text":"<pd_text><p><b>4. Bundesbeschluss \u00fcber die Finanzhilfe 2008-2011 an Schweiz Tourismus </b></p>\n<p><b>4. Arr\u00eat\u00e9 f\u00e9d\u00e9ral concernant l'aide financi\u00e8re accord\u00e9e \u00e0 Suisse Tourisme pour les ann\u00e9es 2008-2011 </b></p>\n<p>[VS]</p>\n<p><b>Art. 1</b></p>\n<p><i>Antrag der Kommission</i></p>\n<p>Festhalten</p>\n<p><i>Proposition de la commission</i></p>\n<p>Maintenir</p>\n</pd_text>","MeetingCouncilAbbreviation":"S","MeetingDate":"20070925","MeetingVerbalixOid":1603,"IdSession":"4718","SpeakerFirstName":"Peter","SpeakerLastName":"Bieri","SpeakerFullName":"Bieri Peter","SpeakerFunction":"P-M","CouncilId":2,"CouncilName":"St\u00e4nderat","CantonId":9,"CantonName":"Zug","CantonAbbreviation":"ZG","ParlGroupName":"Christlichdemokratische Fraktion","ParlGroupAbbreviation":"M-E","SortOrder":1,"Start":"\/Date(1190708545980)\/","End":"\/Date(1190708576713)\/","Function":"P-M","DisplaySpeaker":false,"LanguageOfText":null,"Modified":"\/Date(1510849803953)\/","StartTimeWithTimezone":"\/Date(1190708545980+0120)\/","EndTimeWithTimezone":"\/Date(1190708576713+0120)\/","VoteBusinessNumber":null,"VoteBusinessShortNumber":null,"VoteBusinessTitle":null}]},"ID":"12393","Language":"DE","IdMeeting":"906","VerbalixOid":253376,"SortOrder":3,"Modified":"\/Date(1510849803937)\/"}}