{"d":{"__metadata":{"id":"https://ws.parlament.ch/OData.svc/Subject(ID=12428L,Language='DE')","uri":"https://ws.parlament.ch/OData.svc/Subject(ID=12428L,Language='DE')","type":"itsystems.Pd.DataServices.DataModel.Subject"},"Meetings":{"__metadata":{"id":"https://ws.parlament.ch/OData.svc/Meeting(ID=910L,Language='DE')","uri":"https://ws.parlament.ch/OData.svc/Meeting(ID=910L,Language='DE')","type":"itsystems.Pd.DataServices.DataModel.Meeting"},"Sessions":{"__deferred":{"uri":"https://ws.parlament.ch/OData.svc/Meeting(ID=910L,Language='DE')/Sessions"}},"Subjects":{"__deferred":{"uri":"https://ws.parlament.ch/OData.svc/Meeting(ID=910L,Language='DE')/Subjects"}},"ID":"910","Language":"DE","MeetingNumber":10,"IdSession":4718,"SessionNumber":18,"SessionName":"Herbstsession 2007","Council":2,"CouncilName":"St\u00e4nderat","CouncilAbbreviation":"SR","Date":"\/Date(1191283200000)\/","Begin":"0800","Modified":"\/Date(1447070025420)\/","LegislativePeriodNumber":47,"PublicationStatus":"final","MeetingOrderText":"Zehnte Sitzung","SortOrder":10,"Location":"S"},"SubjectsBusiness":{"results":[{"__metadata":{"id":"https://ws.parlament.ch/OData.svc/SubjectBusiness(BusinessNumber=20070027,IdSubject=12428L,Language='DE')","uri":"https://ws.parlament.ch/OData.svc/SubjectBusiness(BusinessNumber=20070027,IdSubject=12428L,Language='DE')","type":"itsystems.Pd.DataServices.DataModel.SubjectBusiness"},"Subjects":{"__deferred":{"uri":"https://ws.parlament.ch/OData.svc/SubjectBusiness(BusinessNumber=20070027,IdSubject=12428L,Language='DE')/Subjects"}},"Businesses":{"__deferred":{"uri":"https://ws.parlament.ch/OData.svc/SubjectBusiness(BusinessNumber=20070027,IdSubject=12428L,Language='DE')/Businesses"}},"IdSubject":"12428","BusinessNumber":20070027,"Language":"DE","BusinessShortNumber":"07.027","Title":"Soziale Sicherheit. Abkommen mit Australien","SortOrder":1,"PublishedNotes":"Zweitrat - Deuxi\u00e8me Conseil\n","Modified":"\/Date(1447069327873)\/","TitleDE":"Soziale Sicherheit.\nAbkommen mit Australien","TitleFR":"S\u00e9curit\u00e9 sociale.\nConvention avec l'Australie","TitleIT":null}]},"Transcripts":{"results":[{"__metadata":{"id":"https://ws.parlament.ch/OData.svc/Transcript(ID=78659L,Language='DE')","uri":"https://ws.parlament.ch/OData.svc/Transcript(ID=78659L,Language='DE')","type":"itsystems.Pd.DataServices.DataModel.Transcript"},"Subjects":{"__deferred":{"uri":"https://ws.parlament.ch/OData.svc/Transcript(ID=78659L,Language='DE')/Subjects"}},"MembersCouncil":{"__deferred":{"uri":"https://ws.parlament.ch/OData.svc/Transcript(ID=78659L,Language='DE')/MembersCouncil"}},"Businesses":{"__deferred":{"uri":"https://ws.parlament.ch/OData.svc/Transcript(ID=78659L,Language='DE')/Businesses"}},"ID":"78659","Language":"DE","IdSubject":"12428","VoteId":null,"PersonNumber":277,"Type":1,"Text":"<pd_text><p><i>Eintreten wird ohne Gegenantrag beschlossen</i></p>\n<p><i>L'entr\u00e9e en mati\u00e8re est d\u00e9cid\u00e9e sans opposition</i></p>\n<p>[VS]</p>\n<p><b>Bundesbeschluss \u00fcber die Genehmigung des Abkommens zwischen der Schweiz und Australien \u00fcber soziale Sicherheit </b></p>\n<p><b>Arr\u00eat\u00e9 f\u00e9d\u00e9ral concernant la Convention de s\u00e9curit\u00e9 sociale entre la Suisse et l'Australie </b></p>\n<p>[VS]</p>\n<p><i>Gesamtberatung - Traitement global</i></p>\n<p>[VS]</p>\n<p><b>Titel und Ingress, Art. 1, 2</b></p>\n<p><b>Titre et pr\u00e9ambule, art. 1, 2</b></p>\n<p>[VS]</p>\n<p><i>Gesamtabstimmung - Vote sur l'ensemble</i></p>\n<p>F\u00fcr Annahme des Entwurfes .... 27 Stimmen</p>\n<p>(Einstimmigkeit)</p>\n<p>(0 Enthaltungen)</p>\n</pd_text>","MeetingCouncilAbbreviation":"S","MeetingDate":"20071002","MeetingVerbalixOid":1607,"IdSession":"4718","SpeakerFirstName":"Peter","SpeakerLastName":"Bieri","SpeakerFullName":"Bieri Peter","SpeakerFunction":"P-M","CouncilId":2,"CouncilName":"St\u00e4nderat","CantonId":9,"CantonName":"Zug","CantonAbbreviation":"ZG","ParlGroupName":"Christlichdemokratische Fraktion","ParlGroupAbbreviation":"M-E","SortOrder":3,"Start":"\/Date(1191313278140)\/","End":"\/Date(1191313328890)\/","Function":"P-M","DisplaySpeaker":false,"LanguageOfText":null,"Modified":"\/Date(1510849806453)\/","StartTimeWithTimezone":"\/Date(1191313278140+0120)\/","EndTimeWithTimezone":"\/Date(1191313328890+0120)\/","VoteBusinessNumber":null,"VoteBusinessShortNumber":null,"VoteBusinessTitle":null},{"__metadata":{"id":"https://ws.parlament.ch/OData.svc/Transcript(ID=78660L,Language='DE')","uri":"https://ws.parlament.ch/OData.svc/Transcript(ID=78660L,Language='DE')","type":"itsystems.Pd.DataServices.DataModel.Transcript"},"Subjects":{"__deferred":{"uri":"https://ws.parlament.ch/OData.svc/Transcript(ID=78660L,Language='DE')/Subjects"}},"MembersCouncil":{"__deferred":{"uri":"https://ws.parlament.ch/OData.svc/Transcript(ID=78660L,Language='DE')/MembersCouncil"}},"Businesses":{"__deferred":{"uri":"https://ws.parlament.ch/OData.svc/Transcript(ID=78660L,Language='DE')/Businesses"}},"ID":"78660","Language":"DE","IdSubject":"12428","VoteId":null,"PersonNumber":370,"Type":1,"Text":"<pd_text><p>Sie k\u00f6nnen die Argumentation der schriftlichen Berichterstattung entnehmen. Ich bitte Sie in diesem Sinne, dem Antrag der Kommission zuzustimmen.</p>\n</pd_text>","MeetingCouncilAbbreviation":"S","MeetingDate":"20071002","MeetingVerbalixOid":1607,"IdSession":"4718","SpeakerFirstName":"Erika","SpeakerLastName":"Forster-Vannini","SpeakerFullName":"Forster-Vannini Erika","SpeakerFunction":"Mit-F","CouncilId":2,"CouncilName":"St\u00e4nderat","CantonId":17,"CantonName":"St. Gallen","CantonAbbreviation":"SG","ParlGroupName":"Freisinnig-demokratische Fraktion","ParlGroupAbbreviation":"RL","SortOrder":2,"Start":"\/Date(1191313264703)\/","End":"\/Date(1191313278140)\/","Function":"*","DisplaySpeaker":true,"LanguageOfText":"DE","Modified":"\/Date(1510849806453)\/","StartTimeWithTimezone":"\/Date(1191313264703+0120)\/","EndTimeWithTimezone":"\/Date(1191313278140+0120)\/","VoteBusinessNumber":null,"VoteBusinessShortNumber":null,"VoteBusinessTitle":null},{"__metadata":{"id":"https://ws.parlament.ch/OData.svc/Transcript(ID=78661L,Language='DE')","uri":"https://ws.parlament.ch/OData.svc/Transcript(ID=78661L,Language='DE')","type":"itsystems.Pd.DataServices.DataModel.Transcript"},"Subjects":{"__deferred":{"uri":"https://ws.parlament.ch/OData.svc/Transcript(ID=78661L,Language='DE')/Subjects"}},"MembersCouncil":{"__deferred":{"uri":"https://ws.parlament.ch/OData.svc/Transcript(ID=78661L,Language='DE')/MembersCouncil"}},"Businesses":{"__deferred":{"uri":"https://ws.parlament.ch/OData.svc/Transcript(ID=78661L,Language='DE')/Businesses"}},"ID":"78661","Language":"DE","IdSubject":"12428","VoteId":null,"PersonNumber":277,"Type":1,"Text":"<pd_text><p>Es liegt ein schriftlicher Bericht der Kommission vor. Sie beantragt einstimmig, dem Bundesbeschluss zuzustimmen und den Bundesrat zu erm\u00e4chtigen, das Abkommen zu ratifizieren.</p>\n</pd_text>","MeetingCouncilAbbreviation":"S","MeetingDate":"20071002","MeetingVerbalixOid":1607,"IdSession":"4718","SpeakerFirstName":"Peter","SpeakerLastName":"Bieri","SpeakerFullName":"Bieri Peter","SpeakerFunction":"P-M","CouncilId":2,"CouncilName":"St\u00e4nderat","CantonId":9,"CantonName":"Zug","CantonAbbreviation":"ZG","ParlGroupName":"Christlichdemokratische Fraktion","ParlGroupAbbreviation":"M-E","SortOrder":1,"Start":"\/Date(1191313232953)\/","End":"\/Date(1191313264703)\/","Function":"P-M","DisplaySpeaker":true,"LanguageOfText":"DE","Modified":"\/Date(1510849806453)\/","StartTimeWithTimezone":"\/Date(1191313232953+0120)\/","EndTimeWithTimezone":"\/Date(1191313264703+0120)\/","VoteBusinessNumber":null,"VoteBusinessShortNumber":null,"VoteBusinessTitle":null}]},"ID":"12428","Language":"DE","IdMeeting":"910","VerbalixOid":255573,"SortOrder":4,"Modified":"\/Date(1510849806453)\/"}}