{"d":{"__metadata":{"id":"https://ws.parlament.ch/OData.svc/Subject(ID=12439L,Language='DE')","uri":"https://ws.parlament.ch/OData.svc/Subject(ID=12439L,Language='DE')","type":"itsystems.Pd.DataServices.DataModel.Subject"},"Meetings":{"__metadata":{"id":"https://ws.parlament.ch/OData.svc/Meeting(ID=910L,Language='DE')","uri":"https://ws.parlament.ch/OData.svc/Meeting(ID=910L,Language='DE')","type":"itsystems.Pd.DataServices.DataModel.Meeting"},"Sessions":{"__deferred":{"uri":"https://ws.parlament.ch/OData.svc/Meeting(ID=910L,Language='DE')/Sessions"}},"Subjects":{"__deferred":{"uri":"https://ws.parlament.ch/OData.svc/Meeting(ID=910L,Language='DE')/Subjects"}},"ID":"910","Language":"DE","MeetingNumber":10,"IdSession":4718,"SessionNumber":18,"SessionName":"Herbstsession 2007","Council":2,"CouncilName":"St\u00e4nderat","CouncilAbbreviation":"SR","Date":"\/Date(1191283200000)\/","Begin":"0800","Modified":"\/Date(1447070025420)\/","LegislativePeriodNumber":47,"PublicationStatus":"final","MeetingOrderText":"Zehnte Sitzung","SortOrder":10,"Location":"S"},"SubjectsBusiness":{"results":[{"__metadata":{"id":"https://ws.parlament.ch/OData.svc/SubjectBusiness(BusinessNumber=20060097,IdSubject=12439L,Language='DE')","uri":"https://ws.parlament.ch/OData.svc/SubjectBusiness(BusinessNumber=20060097,IdSubject=12439L,Language='DE')","type":"itsystems.Pd.DataServices.DataModel.SubjectBusiness"},"Subjects":{"__deferred":{"uri":"https://ws.parlament.ch/OData.svc/SubjectBusiness(BusinessNumber=20060097,IdSubject=12439L,Language='DE')/Subjects"}},"Businesses":{"__deferred":{"uri":"https://ws.parlament.ch/OData.svc/SubjectBusiness(BusinessNumber=20060097,IdSubject=12439L,Language='DE')/Businesses"}},"IdSubject":"12439","BusinessNumber":20060097,"Language":"DE","BusinessShortNumber":"06.097","Title":"Stiftung Bibliomedia. Finanzhilfe 2008-2011","SortOrder":1,"PublishedNotes":"Zweitrat - Deuxi\u00e8me Conseil\n","Modified":"\/Date(1447069296690)\/","TitleDE":"Stiftung Bibliomedia.\nFinanzhilfe 2008-2011","TitleFR":"Fondation Bibliomedia.\nAide financi\u00e8re 2008-2011","TitleIT":null}]},"Transcripts":{"results":[{"__metadata":{"id":"https://ws.parlament.ch/OData.svc/Transcript(ID=78703L,Language='DE')","uri":"https://ws.parlament.ch/OData.svc/Transcript(ID=78703L,Language='DE')","type":"itsystems.Pd.DataServices.DataModel.Transcript"},"Subjects":{"__deferred":{"uri":"https://ws.parlament.ch/OData.svc/Transcript(ID=78703L,Language='DE')/Subjects"}},"MembersCouncil":{"__deferred":{"uri":"https://ws.parlament.ch/OData.svc/Transcript(ID=78703L,Language='DE')/MembersCouncil"}},"Businesses":{"__deferred":{"uri":"https://ws.parlament.ch/OData.svc/Transcript(ID=78703L,Language='DE')/Businesses"}},"ID":"78703","Language":"DE","IdSubject":"12439","VoteId":null,"PersonNumber":277,"Type":1,"Text":"<pd_text><p><i>Angenommen - Adopt\u00e9</i></p>\n<p>[VS]</p>\n<p><b>Art. 2</b></p>\n<p><i>Antrag der Kommission</i></p>\n<p>Zustimmung zum Beschluss des Nationalrates</p>\n<p><i>Proposition de la commission</i></p>\n<p>Adh\u00e9rer \u00e0 la d\u00e9cision du Conseil national</p>\n<p>[VS]</p>\n<p><i>Angenommen - Adopt\u00e9</i></p>\n<p>[VS]</p>\n<p><i>Gesamtabstimmung - Vote sur l'ensemble</i></p>\n<p>F\u00fcr Annahme des Entwurfes .... 30 Stimmen</p>\n<p>(Einstimmigkeit)</p>\n<p>(0 Enthaltungen)</p>\n</pd_text>","MeetingCouncilAbbreviation":"S","MeetingDate":"20071002","MeetingVerbalixOid":1607,"IdSession":"4718","SpeakerFirstName":"Peter","SpeakerLastName":"Bieri","SpeakerFullName":"Bieri Peter","SpeakerFunction":"P-M","CouncilId":2,"CouncilName":"St\u00e4nderat","CantonId":9,"CantonName":"Zug","CantonAbbreviation":"ZG","ParlGroupName":"Christlichdemokratische Fraktion","ParlGroupAbbreviation":"M-E","SortOrder":5,"Start":"\/Date(1191314108890)\/","End":"\/Date(1191314163267)\/","Function":"P-M","DisplaySpeaker":false,"LanguageOfText":null,"Modified":"\/Date(1510849806470)\/","StartTimeWithTimezone":"\/Date(1191314108890+0120)\/","EndTimeWithTimezone":"\/Date(1191314163267+0120)\/","VoteBusinessNumber":null,"VoteBusinessShortNumber":null,"VoteBusinessTitle":null},{"__metadata":{"id":"https://ws.parlament.ch/OData.svc/Transcript(ID=78704L,Language='DE')","uri":"https://ws.parlament.ch/OData.svc/Transcript(ID=78704L,Language='DE')","type":"itsystems.Pd.DataServices.DataModel.Transcript"},"Subjects":{"__deferred":{"uri":"https://ws.parlament.ch/OData.svc/Transcript(ID=78704L,Language='DE')/Subjects"}},"MembersCouncil":{"__deferred":{"uri":"https://ws.parlament.ch/OData.svc/Transcript(ID=78704L,Language='DE')/MembersCouncil"}},"Businesses":{"__deferred":{"uri":"https://ws.parlament.ch/OData.svc/Transcript(ID=78704L,Language='DE')/Businesses"}},"ID":"78704","Language":"DE","IdSubject":"12439","VoteId":null,"PersonNumber":50,"Type":1,"Text":"<pd_text><p>Nous sommes pr\u00eats \u00e0 mourir pour notre proposition, mais nous ne demandons pas de vote! <i>(Hilarit\u00e9)</i></p>\n</pd_text>","MeetingCouncilAbbreviation":"S","MeetingDate":"20071002","MeetingVerbalixOid":1607,"IdSession":"4718","SpeakerFirstName":"Pascal","SpeakerLastName":"Couchepin","SpeakerFullName":"Couchepin Pascal","SpeakerFunction":"VPBR-M","CouncilId":99,"CouncilName":"Bundesrat","CantonId":23,"CantonName":"Wallis","CantonAbbreviation":"VS","ParlGroupName":null,"ParlGroupAbbreviation":null,"SortOrder":4,"Start":"\/Date(1191314104187)\/","End":"\/Date(1191314108890)\/","Function":"VPBR-M","DisplaySpeaker":true,"LanguageOfText":"FR","Modified":"\/Date(1510849806470)\/","StartTimeWithTimezone":"\/Date(1191314104187+0120)\/","EndTimeWithTimezone":"\/Date(1191314108890+0120)\/","VoteBusinessNumber":null,"VoteBusinessShortNumber":null,"VoteBusinessTitle":null},{"__metadata":{"id":"https://ws.parlament.ch/OData.svc/Transcript(ID=78705L,Language='DE')","uri":"https://ws.parlament.ch/OData.svc/Transcript(ID=78705L,Language='DE')","type":"itsystems.Pd.DataServices.DataModel.Transcript"},"Subjects":{"__deferred":{"uri":"https://ws.parlament.ch/OData.svc/Transcript(ID=78705L,Language='DE')/Subjects"}},"MembersCouncil":{"__deferred":{"uri":"https://ws.parlament.ch/OData.svc/Transcript(ID=78705L,Language='DE')/MembersCouncil"}},"Businesses":{"__deferred":{"uri":"https://ws.parlament.ch/OData.svc/Transcript(ID=78705L,Language='DE')/Businesses"}},"ID":"78705","Language":"DE","IdSubject":"12439","VoteId":null,"PersonNumber":277,"Type":1,"Text":"<pd_text><p><i>Eintreten wird ohne Gegenantrag beschlossen</i></p>\n<p><i>L'entr\u00e9e en mati\u00e8re est d\u00e9cid\u00e9e sans opposition</i></p>\n<p>[VS]</p>\n<p>[VS]</p>\n<p><b>1. Bundesgesetz \u00fcber die Ausrichtung von Finanzhilfen an die Stiftung Bibliomedia </b></p>\n<p><b>1. Loi f\u00e9d\u00e9rale sur l'octroi d'aides financi\u00e8res \u00e0 la fondation Bibliomedia </b></p>\n<p>[VS]</p>\n<p><i>Detailberatung - Discussion par article</i></p>\n<p>[VS]</p>\n<p><b>Titel und Ingress, Ziff. I, II</b></p>\n<p><i>Antrag der Kommission</i></p>\n<p>Zustimmung zum Beschluss des Nationalrates</p>\n<p>[VS]</p>\n<p><b>Titre et pr\u00e9ambule, ch. I, II</b></p>\n<p><i>Proposition de la commission</i></p>\n<p>Adh\u00e9rer \u00e0 la d\u00e9cision du Conseil national</p>\n<p>[VS]</p>\n<p><i>Angenommen - Adopt\u00e9</i></p>\n<p>[VS]</p>\n<p><i>Gesamtabstimmung - Vote sur l'ensemble</i></p>\n<p>F\u00fcr Annahme des Entwurfes .... 30 Stimmen</p>\n<p>(Einstimmigkeit)</p>\n<p>(0 Enthaltungen)</p>\n<p>[VS]</p>\n<p>[VS]</p>\n<p><b>2. Bundesbeschluss betreffend den Zahlungsrahmen f\u00fcr die Finanzhilfe an die Stiftung Bibliomedia in den Jahren 2008-2011 </b></p>\n<p><b>2. Arr\u00eat\u00e9 f\u00e9d\u00e9ral concernant le plafond de d\u00e9penses en vue de l'octroi d'aides financi\u00e8res \u00e0 la fondation Bibliomedia pour la p\u00e9riode 2008-2011 </b></p>\n<p>[VS]</p>\n<p><i>Detailberatung - Discussion par article</i></p>\n<p>[VS]</p>\n<p><b>Titel und Ingress</b></p>\n<p><i>Antrag der Kommission</i></p>\n<p>Zustimmung zum Beschluss des Nationalrates</p>\n<p>[VS]</p>\n<p><b>Titre et pr\u00e9ambule</b></p>\n<p><i>Proposition de la commission</i></p>\n<p>Adh\u00e9rer \u00e0 la d\u00e9cision du Conseil national</p>\n<p>[VS]</p>\n<p><i>Angenommen - Adopt\u00e9</i></p>\n<p>[VS]</p>\n<p><b>Art. 1</b></p>\n<p><i>Antrag der Kommission</i></p>\n<p>Zustimmung zum Beschluss des Nationalrates</p>\n<p><i>Proposition de la commission</i></p>\n<p>Adh\u00e9rer \u00e0 la d\u00e9cision du Conseil national</p>\n<p>[VS]</p>\n<p><b>Pr\u00e4sident</b> (Bieri Peter, Pr\u00e4sident): Herr Bundesrat Couchepin, darf ich feststellen, dass Sie aufgrund der gef\u00e4llten Entscheide im Nationalrat nicht mehr an den 6 Millionen Franken gem\u00e4ss Ihrem urspr\u00fcnglichen Antrag festhalten?</p>\n</pd_text>","MeetingCouncilAbbreviation":"S","MeetingDate":"20071002","MeetingVerbalixOid":1607,"IdSession":"4718","SpeakerFirstName":"Peter","SpeakerLastName":"Bieri","SpeakerFullName":"Bieri Peter","SpeakerFunction":"P-M","CouncilId":2,"CouncilName":"St\u00e4nderat","CantonId":9,"CantonName":"Zug","CantonAbbreviation":"ZG","ParlGroupName":"Christlichdemokratische Fraktion","ParlGroupAbbreviation":"M-E","SortOrder":3,"Start":"\/Date(1191314023873)\/","End":"\/Date(1191314104187)\/","Function":"P-M","DisplaySpeaker":false,"LanguageOfText":null,"Modified":"\/Date(1510849806470)\/","StartTimeWithTimezone":"\/Date(1191314023873+0120)\/","EndTimeWithTimezone":"\/Date(1191314104187+0120)\/","VoteBusinessNumber":null,"VoteBusinessShortNumber":null,"VoteBusinessTitle":null},{"__metadata":{"id":"https://ws.parlament.ch/OData.svc/Transcript(ID=78706L,Language='DE')","uri":"https://ws.parlament.ch/OData.svc/Transcript(ID=78706L,Language='DE')","type":"itsystems.Pd.DataServices.DataModel.Transcript"},"Subjects":{"__deferred":{"uri":"https://ws.parlament.ch/OData.svc/Transcript(ID=78706L,Language='DE')/Subjects"}},"MembersCouncil":{"__deferred":{"uri":"https://ws.parlament.ch/OData.svc/Transcript(ID=78706L,Language='DE')/MembersCouncil"}},"Businesses":{"__deferred":{"uri":"https://ws.parlament.ch/OData.svc/Transcript(ID=78706L,Language='DE')/Businesses"}},"ID":"78706","Language":"DE","IdSubject":"12439","VoteId":null,"PersonNumber":50,"Type":1,"Text":"<pd_text><p>Apr\u00e8s l'expos\u00e9 complet, objectif, fait par Madame Amgwerd, je constate qu'il n'y a qu'un seul point de divergence avec le Conseil f\u00e9d\u00e9ral, c'est de savoir s'il faut attribuer 8 millions ou 6 millions de francs \u00e0 Bibliomedia pour la p\u00e9riode 2008-2011.</p>\n<p>Madame Amgwerd a raison de dire que le Conseil f\u00e9d\u00e9ral consid\u00e8re ce travail comme important. N\u00e9anmoins, nous pensons que le relais peut \u00eatre pris, partiellement au moins, par d'autres instances, qu'il faut faire une pes\u00e9e des int\u00e9r\u00eats entre l'int\u00e9r\u00eat g\u00e9n\u00e9ral de la Conf\u00e9d\u00e9ration \u00e0 am\u00e9liorer sa situation financi\u00e8re et l'int\u00e9r\u00eat de Bibliomedia \u00e0 conserver la subvention de 8 millions de francs qui \u00e9tait pr\u00e9vue initialement.</p>\n<p>Le Conseil national a vot\u00e9 en faveur du maintien de la subvention de 8 millions de francs. Votre commission, semble-t-il, va dans ce sens. Il \u00e9tait d\u00e8s lors important que le Conseil f\u00e9d\u00e9ral rappelle les raisons pour lesquelles il pense toujours qu'il est possible d'accorder pour la prochaine p\u00e9riode un plafond de d\u00e9penses de 6 millions de francs seulement au lieu de 8 millions. Mais ce n'est pas cela qui va changer le destin de la Conf\u00e9d\u00e9ration ni celui des finances publiques.</p>\n</pd_text>","MeetingCouncilAbbreviation":"S","MeetingDate":"20071002","MeetingVerbalixOid":1607,"IdSession":"4718","SpeakerFirstName":"Pascal","SpeakerLastName":"Couchepin","SpeakerFullName":"Couchepin Pascal","SpeakerFunction":"VPBR-M","CouncilId":99,"CouncilName":"Bundesrat","CantonId":23,"CantonName":"Wallis","CantonAbbreviation":"VS","ParlGroupName":null,"ParlGroupAbbreviation":null,"SortOrder":2,"Start":"\/Date(1191313942170)\/","End":"\/Date(1191314023873)\/","Function":"VPBR-M","DisplaySpeaker":true,"LanguageOfText":"FR","Modified":"\/Date(1510849806470)\/","StartTimeWithTimezone":"\/Date(1191313942170+0120)\/","EndTimeWithTimezone":"\/Date(1191314023873+0120)\/","VoteBusinessNumber":null,"VoteBusinessShortNumber":null,"VoteBusinessTitle":null},{"__metadata":{"id":"https://ws.parlament.ch/OData.svc/Transcript(ID=78707L,Language='DE')","uri":"https://ws.parlament.ch/OData.svc/Transcript(ID=78707L,Language='DE')","type":"itsystems.Pd.DataServices.DataModel.Transcript"},"Subjects":{"__deferred":{"uri":"https://ws.parlament.ch/OData.svc/Transcript(ID=78707L,Language='DE')/Subjects"}},"MembersCouncil":{"__deferred":{"uri":"https://ws.parlament.ch/OData.svc/Transcript(ID=78707L,Language='DE')/MembersCouncil"}},"Businesses":{"__deferred":{"uri":"https://ws.parlament.ch/OData.svc/Transcript(ID=78707L,Language='DE')/Businesses"}},"ID":"78707","Language":"DE","IdSubject":"12439","VoteId":null,"PersonNumber":1107,"Type":1,"Text":"<pd_text><p>Bibliomedia est une vieille dame qui se porte bien! En effet, la fondation Bibliomedia est soutenue par la Conf\u00e9d\u00e9ration depuis [PAGE 876] sa cr\u00e9ation en 1921. Son action pour la promotion de la culture r\u00e9pond toujours \u00e0 un vrai besoin, aujourd'hui peut-\u00eatre encore plus qu'hier, malgr\u00e9 le succ\u00e8s de nouvelles et d'autres techniques de communication et certainement aussi \u00e0 cause d'elles. Cette vieille dame garde une allure de jeunesse, elle fonctionne bien, elle a du succ\u00e8s et elle promeut des projets de sensibilisation \u00e0 la lecture comme celui tr\u00e8s innovateur qui s'intitule \"Nati per leggere\", qui s'adresse aux parents de jeunes enfants et qui est particuli\u00e8rement d\u00e9velopp\u00e9 pour le moment en Suisse italienne.</p>\n<p>Le projet qui est soumis \u00e0 notre appr\u00e9ciation comprend deux actes: le premier concerne la prorogation de la loi f\u00e9d\u00e9rale sur l'octroi d'aides financi\u00e8res \u00e0 la fondation Bibliomedia; le second concerne le plafond de d\u00e9penses en vue de l'octroi d'aides financi\u00e8res \u00e0 la fondation Bibliomedia pour la p\u00e9riode 2008-2011.</p>\n<p>Je vous expose tout d'abord en quelques mots quelles sont les activit\u00e9s de Bibliomedia. Le but de la fondation est d'assurer et d'am\u00e9liorer l'acc\u00e8s au livre et \u00e0 la lecture. Bibliomedia s'engage pour garantir un r\u00e9seau dense de biblioth\u00e8ques dans toute la Suisse, pour favoriser la cr\u00e9ation de biblioth\u00e8ques dans des communes, des r\u00e9gions, des institutions, o\u00f9, sans la fondation, il n'aurait pas \u00e9t\u00e9 possible de mettre sur pied une biblioth\u00e8que digne de ce nom. Il peut s'agir d'une aide financi\u00e8re \u00e0 de petites biblioth\u00e8ques, mais aussi d'offrir la possibilit\u00e9 de renouveler le choix de livres, et cela de mani\u00e8re r\u00e9guli\u00e8re. Bibliomedia met des livres \u00e0 disposition de biblioth\u00e8ques communales, de jardins d'enfants, de biblioth\u00e8ques d'int\u00e9gration, de centres de jeunesse, d'\u00e9coles, de colonies de vacances, mais aussi d'h\u00f4pitaux, d'\u00e9tablissements m\u00e9dicosociaux (EMS) ou de centres p\u00e9nitentiaires par exemple.</p>\n<p>Bibliomedia permet d'att\u00e9nuer les disparit\u00e9s sociales et r\u00e9gionales dans l'acc\u00e8s \u00e0 la lecture et elle favorise donc la lecture pour tous. Dans les \u00e9coles, et plusieurs d'entre vous en ont certainement fait l'exp\u00e9rience durant leur scolarit\u00e9, c'est Bibliomedia qui fournit aux classes ces vingt ou trente exemplaires de livres identiques qui permettent de lire un livre en classe non seulement dans sa langue maternelle, mais aussi parfois dans une autre langue nationale. Certains membres de la commission, lors de l'examen de ce projet, ont clairement dit combien ce service est appr\u00e9ci\u00e9 par le corps enseignant.</p>\n<p>Gr\u00e2ce \u00e0 Bibliomedia, les enfants qui ne lisent pas \u00e0 la maison pourront lire jusqu'\u00e0 six livres en classe par an. Dans ce sens, Bibliomedia joue un r\u00f4le important et incontest\u00e9 pour la promotion de la lecture en augmentant les comp\u00e9tences des \u00e9l\u00e8ves en lecture et en favorisant l'apprentissage de leur langue, puis celui d'autres langues. Dans le cadre de l'\u00e9tude PISA, il a \u00e9t\u00e9 constat\u00e9 des lacunes en lecture parmi les adolescents et nous savons aussi que l'illettrisme existe dans notre pays. On estime qu'environ la moiti\u00e9 seulement de la population suisse de 15 \u00e0 65 ans poss\u00e8de la capacit\u00e9 de lire et de comprendre un texte suivi d'une certaine longueur. Environ 10 pour cent de la population n'est pas en mesure de comprendre un texte simple. Je me r\u00e9f\u00e8re au message, page 9159 de la version fran\u00e7aise. Il est donc clair que favoriser la lecture permet une meilleure compr\u00e9hension de sa langue maternelle, une meilleure int\u00e9gration et ensuite un apprentissage plus facile des langues \u00e9trang\u00e8res.</p>\n<p>Depuis 2000, Bibliomedia est li\u00e9e \u00e0 la Conf\u00e9d\u00e9ration par un contrat de prestations. De plus, le DFI et la CDIP ont convenu de principes communs qui d\u00e9finissent le soutien accord\u00e9 \u00e0 cette institution. La Conf\u00e9d\u00e9ration est le principal soutien financier de la fondation depuis sa cr\u00e9ation, mais les cantons et les communes participent \u00e9galement \u00e0 son financement. Globalement, les cantons et les communes versent annuellement un montant d'environ 1,5 million de francs \u00e0 Bibliomedia. Depuis 2000, les cantons remboursent int\u00e9gralement les prestations fournies par Bibliomedia aux \u00e9coles publiques.</p>\n<p>Concr\u00e8tement, cela veut dire par exemple qu'en 2005, Bibliomedia a renouvel\u00e9 le fonds de 615 biblioth\u00e8ques publiques et que 9950 classes et 200 autres institutions ont fait appel \u00e0 ses services. Plus de 980 000 livres et autres m\u00e9dias ont \u00e9t\u00e9 pr\u00eat\u00e9s dans plus de 1700 localit\u00e9s, les deux tiers ont \u00e9t\u00e9 pr\u00eat\u00e9s \u00e0 des biblioth\u00e8ques publiques, le reste \u00e0 diverses institutions que j'ai cit\u00e9es - h\u00f4pitaux, EMS, colonies de vacances, par exemple. Le pr\u00eat de livres en langues \u00e9trang\u00e8res a \u00e9galement tr\u00e8s fortement augment\u00e9. Bibliomedia pr\u00eate actuellement 70 000 livres en diff\u00e9rentes langues \u00e9trang\u00e8res \u00e0 plus de 300 biblioth\u00e8ques et institutions. Les services de lectures suivies pour les classes sont tr\u00e8s demand\u00e9s, et ce dans tous les cantons.</p>\n<p>Bibliomedia exerce ses activit\u00e9s de mani\u00e8re d\u00e9centralis\u00e9e, avec trois centres: \u00e0 Biasca, Lausanne et Soleure. Chaque centre a une grande autonomie et peut r\u00e9pondre au mieux aux besoins sp\u00e9cifiques de chaque r\u00e9gion linguistique. Suite aux r\u00e9ductions budg\u00e9taires, elle a actuellement 17,15 postes de travail, chiffre inf\u00e9rieur \u00e0 celui de 1990.</p>\n<p>La commission ayant accept\u00e9 les deux actes qui vous sont soumis \u00e0 l'unanimit\u00e9, je me permets de vous les pr\u00e9senter ensemble dans le d\u00e9bat d'entr\u00e9e en mati\u00e8re, afin de ne pas y revenir dans la discussion par article.</p>\n<p>Le premier acte concerne la prorogation de la validit\u00e9 de la loi f\u00e9d\u00e9rale qui est la base l\u00e9gale pour l'octroi d'aides financi\u00e8res \u00e0 la fondation Bibliomedia. La loi f\u00e9d\u00e9rale du 19 d\u00e9cembre 2003 relative \u00e0 l'octroi d'aides financi\u00e8res \u00e0 la fondation Bibliomedia expire le 31 d\u00e9cembre 2007. Il faut la proroger de quelques ann\u00e9es encore en consid\u00e9rant que la future loi sur l'encouragement de la culture comprendra une r\u00e9glementation d\u00e9finitive \u00e0 ce sujet. Cette prorogation est donc une solution transitoire dans l'attente de l'adoption prochaine de la loi sur l'encouragement de la culture. Il est propos\u00e9 de prolonger la validit\u00e9 de la loi, comme je l'ai dit, au plus tard jusqu'\u00e0 fin 2011. Avec la solution propos\u00e9e, la loi en vigueur est reprise sans changement et pour une dur\u00e9e d\u00e9termin\u00e9e. La proc\u00e9dure de consultation n'est donc pas n\u00e9cessaire.</p>\n<p>Le Conseil national a accept\u00e9 cette prorogation, par 134 voix contre 31, et votre commission \u00e0 l'unanimit\u00e9. Nous vous demandons d'en faire de m\u00eame.</p>\n<p>Deuxi\u00e8me point, si vous le permettez: le dernier arr\u00eat\u00e9 f\u00e9d\u00e9ral, du 18 d\u00e9cembre 2003, accordait \u00e0 Bibliomedia 8 millions de francs pour la p\u00e9riode de 2004-2007.</p>\n<p>Je constate tout d'abord que, par rapport \u00e0 la d\u00e9cision pr\u00e9c\u00e9dente, nous avons un peu plus d'avance, car nous sommes  au mois d'octobre. Mais si le d\u00e9lai r\u00e9f\u00e9rendaire, qui ne sera vraisemblablement pas utilis\u00e9, est respect\u00e9, ce sera effectivement un peu juste, puisque le plafond de d\u00e9penses et le contrat de prestations expirent \u00e0 fin 2007.</p>\n<p>A fin 2005 et pour des questions de restrictions budg\u00e9taires, le montant de 8 millions de francs a \u00e9t\u00e9 abaiss\u00e9 \u00e0 7 millions, ce qui repr\u00e9sentait 25 pour cent de r\u00e9duction pour 2006 et 2007. Aujourd'hui, le Conseil f\u00e9d\u00e9ral propose dans son projet un montant de 6 millions de francs, donc 1,5 million de francs par an, alors qu'auparavant, avant les restrictions budg\u00e9taires, il s'agissait de 2 millions de francs par an. Dans son message, le Conseil f\u00e9d\u00e9ral dit: \"Il importe que la fondation poursuive ses activit\u00e9s, mettant \u00e0 profit ses connaissances, son exp\u00e9rience et ses contacts pour promouvoir l'acc\u00e8s \u00e0 la lecture pour tous.\"</p>\n<p>En l'an 2000, la part du financement de la Conf\u00e9d\u00e9ration s'\u00e9levait \u00e0 55 pour cent. Pour la p\u00e9riode 2008-2011, elle n'est que de 39 pour cent, si nous acceptons les 6 millions de francs propos\u00e9s par le Conseil f\u00e9d\u00e9ral. Le montant annuel de 1,5 million de francs \u00e9quivaut \u00e0 la subvention de 1990. Cela figure noir sur blanc dans le message, \u00e0 la page 9164: \"Bibliomedia fournit donc un effort particulier en vue de l'assainissement des finances f\u00e9d\u00e9rales. En contrepartie, la fondation se voit oblig\u00e9e de r\u00e9duire certains de ses services .... La fondation envisage de diminuer son effectif de personnel de 15 pour cent (moins 2,5 postes \u00e0 plein temps), de r\u00e9duire ses achats de m\u00e9dias de 12 pour cent et de revoir \u00e0 la baisse ses projets de soutien \u00e0 la lecture.\"</p>\n<p>Vous comprenez pourquoi le Conseil national propose de maintenir le montant de 8 millions de francs sur quatre ans. La d\u00e9cision a \u00e9t\u00e9 prise par 86 voix contre 66, puis au vote sur l'ensemble par 127 voix contre 39. [PAGE 877] </p>\n<p>La commission vous propose, \u00e0 l'unanimit\u00e9, de suivre le Conseil national et d'accepter le montant de 8 millions de francs. Il ne s'agit pas d'une augmentation, mais simplement du maintien du statu quo, alors que le Conseil f\u00e9d\u00e9ral propose, tout en pr\u00e9tendant que la fondation doit poursuivre ses activit\u00e9s, de diminuer son aide de 2 millions de francs, ce qui signifie une diminution de 25 pour cent, avec les cons\u00e9quences que je viens d'\u00e9voquer.</p>\n<p>Je vous prie donc d'adopter la proposition de la commission, qui se rallie ainsi au Conseil national. Je n'aurai pas d'autres remarques \u00e0 faire durant la discussion par article.</p>\n</pd_text>","MeetingCouncilAbbreviation":"S","MeetingDate":"20071002","MeetingVerbalixOid":1607,"IdSession":"4718","SpeakerFirstName":"Madeleine","SpeakerLastName":"Amgwerd","SpeakerFullName":"Amgwerd Madeleine","SpeakerFunction":"Mit-F","CouncilId":2,"CouncilName":"St\u00e4nderat","CantonId":26,"CantonName":"Jura","CantonAbbreviation":"JU","ParlGroupName":"Christlichdemokratische Fraktion","ParlGroupAbbreviation":"M-E","SortOrder":1,"Start":"\/Date(1191313345250)\/","End":"\/Date(1191313942170)\/","Function":"*","DisplaySpeaker":true,"LanguageOfText":"FR","Modified":"\/Date(1510849806470)\/","StartTimeWithTimezone":"\/Date(1191313345250+0120)\/","EndTimeWithTimezone":"\/Date(1191313942170+0120)\/","VoteBusinessNumber":null,"VoteBusinessShortNumber":null,"VoteBusinessTitle":null}]},"ID":"12439","Language":"DE","IdMeeting":"910","VerbalixOid":255589,"SortOrder":5,"Modified":"\/Date(1510849806453)\/"}}