{"d":{"__metadata":{"id":"https://ws.parlament.ch/OData.svc/Subject(ID=12514L,Language='DE')","uri":"https://ws.parlament.ch/OData.svc/Subject(ID=12514L,Language='DE')","type":"itsystems.Pd.DataServices.DataModel.Subject"},"Meetings":{"__metadata":{"id":"https://ws.parlament.ch/OData.svc/Meeting(ID=918L,Language='DE')","uri":"https://ws.parlament.ch/OData.svc/Meeting(ID=918L,Language='DE')","type":"itsystems.Pd.DataServices.DataModel.Meeting"},"Sessions":{"__deferred":{"uri":"https://ws.parlament.ch/OData.svc/Meeting(ID=918L,Language='DE')/Sessions"}},"Subjects":{"__deferred":{"uri":"https://ws.parlament.ch/OData.svc/Meeting(ID=918L,Language='DE')/Subjects"}},"ID":"918","Language":"DE","MeetingNumber":4,"IdSession":4801,"SessionNumber":1,"SessionName":"Wintersession 2007","Council":1,"CouncilName":"Nationalrat","CouncilAbbreviation":"NR","Date":"\/Date(1196899200000)\/","Begin":"0800","Modified":"\/Date(1447070028283)\/","LegislativePeriodNumber":48,"PublicationStatus":"final","MeetingOrderText":"Vierte Sitzung","SortOrder":4,"Location":"N"},"SubjectsBusiness":{"results":[{"__metadata":{"id":"https://ws.parlament.ch/OData.svc/SubjectBusiness(BusinessNumber=20073311,IdSubject=12514L,Language='DE')","uri":"https://ws.parlament.ch/OData.svc/SubjectBusiness(BusinessNumber=20073311,IdSubject=12514L,Language='DE')","type":"itsystems.Pd.DataServices.DataModel.SubjectBusiness"},"Subjects":{"__deferred":{"uri":"https://ws.parlament.ch/OData.svc/SubjectBusiness(BusinessNumber=20073311,IdSubject=12514L,Language='DE')/Subjects"}},"Businesses":{"__deferred":{"uri":"https://ws.parlament.ch/OData.svc/SubjectBusiness(BusinessNumber=20073311,IdSubject=12514L,Language='DE')/Businesses"}},"IdSubject":"12514","BusinessNumber":20073311,"Language":"DE","BusinessShortNumber":"07.3311","Title":"Renaturierung von Fliessgew\u00e4ssern. Gegenentwurf zur Volksinitiative \"Lebendiges Wasser\"","SortOrder":1,"PublishedNotes":null,"Modified":"\/Date(1447069341890)\/","TitleDE":"Motion Epiney Simon.\nRenaturierung von Fliessgew\u00e4ssern.\nGegenentwurf zur Volksinitiative\n\"Lebendiges Wasser\"","TitleFR":"Motion Epiney Simon.\nRenaturation des cours d'eau.\nContre-projet \u00e0 l'initiative populaire\n\"Eaux vivantes\"","TitleIT":null}]},"Transcripts":{"results":[{"__metadata":{"id":"https://ws.parlament.ch/OData.svc/Transcript(ID=79213L,Language='DE')","uri":"https://ws.parlament.ch/OData.svc/Transcript(ID=79213L,Language='DE')","type":"itsystems.Pd.DataServices.DataModel.Transcript"},"Subjects":{"__deferred":{"uri":"https://ws.parlament.ch/OData.svc/Transcript(ID=79213L,Language='DE')/Subjects"}},"MembersCouncil":{"__deferred":{"uri":"https://ws.parlament.ch/OData.svc/Transcript(ID=79213L,Language='DE')/MembersCouncil"}},"Businesses":{"__deferred":{"uri":"https://ws.parlament.ch/OData.svc/Transcript(ID=79213L,Language='DE')/Businesses"}},"ID":"79213","Language":"DE","IdSubject":"12514","VoteId":"41","PersonNumber":null,"Type":2,"Text":"<pd_text><p><i>Abstimmung - Vote</i></p>\n<p>[NAM]</p>\n<p>F\u00fcr Annahme der Motion ... 91 Stimmen</p>\n<p>Dagegen ... 80 Stimmen</p>\n</pd_text>","MeetingCouncilAbbreviation":"N","MeetingDate":"20071206","MeetingVerbalixOid":1615,"IdSession":"4801","SpeakerFirstName":null,"SpeakerLastName":null,"SpeakerFullName":"","SpeakerFunction":null,"CouncilId":null,"CouncilName":null,"CantonId":null,"CantonName":null,"CantonAbbreviation":null,"ParlGroupName":null,"ParlGroupAbbreviation":null,"SortOrder":7,"Start":"\/Date(1196936103513)\/","End":"\/Date(1196936103513)\/","Function":null,"DisplaySpeaker":null,"LanguageOfText":"DE","Modified":"\/Date(1774877898796)\/","StartTimeWithTimezone":"\/Date(1196936103513+0060)\/","EndTimeWithTimezone":"\/Date(1196936103513+0060)\/","VoteBusinessNumber":20073311,"VoteBusinessShortNumber":"07.3311","VoteBusinessTitle":"Motion Epiney Simon.\nRenaturierung von Fliessgew\u00e4ssern.\nGegenentwurf zur Volksinitiative\n\"Lebendiges Wasser\""},{"__metadata":{"id":"https://ws.parlament.ch/OData.svc/Transcript(ID=79214L,Language='DE')","uri":"https://ws.parlament.ch/OData.svc/Transcript(ID=79214L,Language='DE')","type":"itsystems.Pd.DataServices.DataModel.Transcript"},"Subjects":{"__deferred":{"uri":"https://ws.parlament.ch/OData.svc/Transcript(ID=79214L,Language='DE')/Subjects"}},"MembersCouncil":{"__deferred":{"uri":"https://ws.parlament.ch/OData.svc/Transcript(ID=79214L,Language='DE')/MembersCouncil"}},"Businesses":{"__deferred":{"uri":"https://ws.parlament.ch/OData.svc/Transcript(ID=79214L,Language='DE')/Businesses"}},"ID":"79214","Language":"DE","IdSubject":"12514","VoteId":null,"PersonNumber":453,"Type":1,"Text":"<pd_text><p>La majorit\u00e9 de la commission propose d'adopter la motion. Une minorit\u00e9 et le Conseil f\u00e9d\u00e9ral proposent de la rejeter.</p>\n</pd_text>","MeetingCouncilAbbreviation":"N","MeetingDate":"20071206","MeetingVerbalixOid":1615,"IdSession":"4801","SpeakerFirstName":"Andr\u00e9","SpeakerLastName":"Bugnon","SpeakerFullName":"Bugnon Andr\u00e9","SpeakerFunction":"P-M","CouncilId":1,"CouncilName":"Nationalrat","CantonId":22,"CantonName":"Waadt","CantonAbbreviation":"VD","ParlGroupName":"Fraktion der Schweizerischen Volkspartei","ParlGroupAbbreviation":"V","SortOrder":6,"Start":"\/Date(1196935979638)\/","End":"\/Date(1196936103513)\/","Function":"P-M","DisplaySpeaker":true,"LanguageOfText":"FR","Modified":"\/Date(1774877898794)\/","StartTimeWithTimezone":"\/Date(1196935979637+0060)\/","EndTimeWithTimezone":"\/Date(1196936103513+0060)\/","VoteBusinessNumber":null,"VoteBusinessShortNumber":null,"VoteBusinessTitle":null},{"__metadata":{"id":"https://ws.parlament.ch/OData.svc/Transcript(ID=79215L,Language='DE')","uri":"https://ws.parlament.ch/OData.svc/Transcript(ID=79215L,Language='DE')","type":"itsystems.Pd.DataServices.DataModel.Transcript"},"Subjects":{"__deferred":{"uri":"https://ws.parlament.ch/OData.svc/Transcript(ID=79215L,Language='DE')/Subjects"}},"MembersCouncil":{"__deferred":{"uri":"https://ws.parlament.ch/OData.svc/Transcript(ID=79215L,Language='DE')/MembersCouncil"}},"Businesses":{"__deferred":{"uri":"https://ws.parlament.ch/OData.svc/Transcript(ID=79215L,Language='DE')/Businesses"}},"ID":"79215","Language":"DE","IdSubject":"12514","VoteId":null,"PersonNumber":134,"Type":1,"Text":"<pd_text><p>Die Frage, ob der Initiative ein Gegenvorschlag gegen\u00fcbergestellt werden soll, hat nicht nur die beiden Kommissionen, sondern auch den Bundesrat mehrmals besch\u00e4ftigt. Das Problem dabei ist, dass ein Gegenvorschlag einerseits der Initiative teilweise entgegenkommen will, wie das \u00fcblicherweise bei einem Gegenvorschlag der Fall ist, dass er aber, wenn wir eine Gesamtsicht der Problematik vornehmen, auch in die der Initiative absolut entgegengesetzte Richtung formuliert werden m\u00fcsste. Bei diesen Diskussionen hat der Bundesrat schlussendlich entschieden, von einem Gegenvorschlag abzusehen. Er hat seine Ablehnung der Initiative dem Parlament \u00fcbermittelt.</p>\n<p>In der st\u00e4nder\u00e4tlichen Kommission ist man nun daran, trotzdem einen Gegenvorschlag zu formulieren. Die wesentliche Arbeit h\u00e4ngt nun davon ab, wie und schlussendlich ob dieser Gegenvorschlag im St\u00e4nderat zustande kommen wird. Insofern ist es vielleicht obsolet, was mit dieser Motion geschieht. Aus der Optik des Bundesrates, der keinen Gegenvorschlag formuliert hat, ist es logisch, dass er Ihnen die Motion ebenfalls zur Ablehnung empfiehlt. Die Hauptarbeit wird aber nachher beim eigentlichen Gegenvorschlag liegen, der im St\u00e4nderat im Entstehen begriffen ist. </p>\n</pd_text>","MeetingCouncilAbbreviation":"N","MeetingDate":"20071206","MeetingVerbalixOid":1615,"IdSession":"4801","SpeakerFirstName":"Moritz","SpeakerLastName":"Leuenberger","SpeakerFullName":"Leuenberger Moritz","SpeakerFunction":"BR-M","CouncilId":99,"CouncilName":"Bundesrat","CantonId":1,"CantonName":"Z\u00fcrich","CantonAbbreviation":"ZH","ParlGroupName":null,"ParlGroupAbbreviation":null,"SortOrder":5,"Start":"\/Date(1196935861513)\/","End":"\/Date(1196935979638)\/","Function":"BR-M","DisplaySpeaker":true,"LanguageOfText":"DE","Modified":"\/Date(1774877898792)\/","StartTimeWithTimezone":"\/Date(1196935861513+0060)\/","EndTimeWithTimezone":"\/Date(1196935979637+0060)\/","VoteBusinessNumber":null,"VoteBusinessShortNumber":null,"VoteBusinessTitle":null},{"__metadata":{"id":"https://ws.parlament.ch/OData.svc/Transcript(ID=79216L,Language='DE')","uri":"https://ws.parlament.ch/OData.svc/Transcript(ID=79216L,Language='DE')","type":"itsystems.Pd.DataServices.DataModel.Transcript"},"Subjects":{"__deferred":{"uri":"https://ws.parlament.ch/OData.svc/Transcript(ID=79216L,Language='DE')/Subjects"}},"MembersCouncil":{"__deferred":{"uri":"https://ws.parlament.ch/OData.svc/Transcript(ID=79216L,Language='DE')/MembersCouncil"}},"Businesses":{"__deferred":{"uri":"https://ws.parlament.ch/OData.svc/Transcript(ID=79216L,Language='DE')/Businesses"}},"ID":"79216","Language":"DE","IdSubject":"12514","VoteId":null,"PersonNumber":336,"Type":1,"Text":"<pd_text><p>Namens der Minderheit beantrage ich Ihnen, die Motion Epiney abzulehnen. Die Minderheit bef\u00fcrchtet, dass zu viele Vorschl\u00e4ge der Initiative in einen Gegenvorschlag einfliessen werden. F\u00fcr die Minderheit ist die einheimische Wasserkraft mit einem Anteil von \u00fcber 50 Prozent ein wichtiger Pfeiler der schweizerischen Stromversorgung. Die Rahmenbedingungen m\u00fcssen daher so ausgestaltet sein, dass auch bei ge\u00f6ffnetem Strommarkt die Spitzen- und die Regelenergie in den Wasserkraftanlagen produziert werden k\u00f6nnen. Die Volksinitiative und die Motion laufen diesen Bestrebungen klar entgegen.</p>\n<p>Folgende Argumente sprechen klar gegen die Motion: Ihre Umsetzung f\u00fchrte zu einer Einschr\u00e4nkung der Stromproduktion aus Wasserkraft, was dem ehrgeizigen Ausbauziel f\u00fcr die Wasserkraft im k\u00fcrzlich revidierten Stromversorgungsgesetz klar widerspr\u00e4che. Ein wirtschaftlicher Betrieb der Speicherkraftwerke w\u00fcrde verunm\u00f6glicht, weil sie nicht mehr produzieren k\u00f6nnten, wenn der Bedarf und der Preis am h\u00f6chsten sind. Dies f\u00fchrte zu Mindereinnahmen und zu fehlenden Mitteln f\u00fcr den Erhalt und die Erneuerung der Anlagen. Wichtige Arbeitspl\u00e4tze in den Berg- und Randregionen w\u00fcrden gef\u00e4hrdet. Die Initiative wie die Motion sind einseitig auf eine Renaturierung der Gew\u00e4sser, Fl\u00fcsse, Seen und Uferbereiche ausgerichtet. Sie blenden den Nutzen der Wasserkraft f\u00fcr die schweizerische Volkswirtschaft klar aus.</p>\n<p>Die Minderheit lehnt also die Motion klar ab. Bei einem Gegenvorschlag ist die Gefahr sehr gross, dass wesentliche Elemente der sogenannten Fischerei-Initiative in einen Gesetzentwurf einfliessen. Die Abstimmung l\u00e4sst sich auch ohne Gegenvorschlag gewinnen. Die Fischerei-Initiative hat zu viele Schwachpunkte, beispielsweise was die Ausweitung des Beschwerderechtes betrifft. Zudem wird der Renaturierung bei \u00f6ffentlichen Bauten bereits heute Rechnung getragen, wie man sehr gut beobachten kann. Sehr viele \u00f6ffentliche Mittel fliessen heute in diesen Bereich und werden auch dort eingesetzt. Es besteht in diesem Sinne also kein Handlungsbedarf.</p>\n<p>Der Bundesrat hat auf einen Gegenvorschlag verzichtet. Seiner Ansicht nach m\u00fcssen die geltenden Gesetze konsequent vollzogen werden. Bei der Planung der Massnahmen in diesen Bereichen muss auf alle Zweige, wie Wasserwirtschaft, Umgebung usw., R\u00fccksicht genommen werden. In diesem Sinne ist das Anliegen erf\u00fcllt. </p>\n<p>Ich bitte Sie deshalb: Stimmen Sie der Minderheit zu, und lehnen Sie die Motion ab.</p>\n<p>[PAGE 1831] </p>\n</pd_text>","MeetingCouncilAbbreviation":"N","MeetingDate":"20071206","MeetingVerbalixOid":1615,"IdSession":"4801","SpeakerFirstName":"Josef","SpeakerLastName":"Kunz","SpeakerFullName":"Kunz Josef","SpeakerFunction":"Mit-M","CouncilId":1,"CouncilName":"Nationalrat","CantonId":3,"CantonName":"Luzern","CantonAbbreviation":"LU","ParlGroupName":"Fraktion der Schweizerischen Volkspartei","ParlGroupAbbreviation":"V","SortOrder":4,"Start":"\/Date(1196935654263)\/","End":"\/Date(1196935861513)\/","Function":"Mit-M","DisplaySpeaker":true,"LanguageOfText":"DE","Modified":"\/Date(1774877898791)\/","StartTimeWithTimezone":"\/Date(1196935654263+0060)\/","EndTimeWithTimezone":"\/Date(1196935861513+0060)\/","VoteBusinessNumber":null,"VoteBusinessShortNumber":null,"VoteBusinessTitle":null},{"__metadata":{"id":"https://ws.parlament.ch/OData.svc/Transcript(ID=79217L,Language='DE')","uri":"https://ws.parlament.ch/OData.svc/Transcript(ID=79217L,Language='DE')","type":"itsystems.Pd.DataServices.DataModel.Transcript"},"Subjects":{"__deferred":{"uri":"https://ws.parlament.ch/OData.svc/Transcript(ID=79217L,Language='DE')/Subjects"}},"MembersCouncil":{"__deferred":{"uri":"https://ws.parlament.ch/OData.svc/Transcript(ID=79217L,Language='DE')/MembersCouncil"}},"Businesses":{"__deferred":{"uri":"https://ws.parlament.ch/OData.svc/Transcript(ID=79217L,Language='DE')/Businesses"}},"ID":"79217","Language":"DE","IdSubject":"12514","VoteId":null,"PersonNumber":1143,"Type":1,"Text":"<pd_text><p>Die am 6. Juni 2007 eingereichte Motion Epiney beauftragt den Bundesrat, einen Vorschlag zur \u00c4nderung von Artikel 15b StromVG auszuarbeiten. Auf die \u00dcbertragung der Hochspannungsnetze soll ein Zuschlag von 0,1 Rappen pro Kilowattstunde erhoben werden. Dieser Zuschlag soll f\u00fcr die Finanzierung von Projekten zur Renaturierung von Fliessgew\u00e4ssern eingesetzt werden; das soll als eine Art Gegenentwurf zur Volksinitiative \"Lebendiges Wasser\" vorgelegt werden. Die Initiative hat insofern eine gewisse Berechtigung, als sie die besondere Bedeutung der Fliessgew\u00e4sser f\u00fcr Wasser- und Energieversorgung, Landschaft, Freizeitbesch\u00e4ftigungen und Transportm\u00f6glichkeiten zum Ausdruck bringt. Auf der anderen Seite gef\u00e4hrdet die Initiative in erheblichem Masse die Nutzung der Wasserkraft als Energiequelle. </p>\n<p>Artikel 76 der Bundesverfassung und die Artikel 80 bis 83 des eidgen\u00f6ssischen Gew\u00e4sserschutzgesetzes setzen klare Leitplanken f\u00fcr Schutz und Nutzung der Wasserkraft. Bei der vorgegebenen Sanierung werden eine Erh\u00f6hung der Restwassermengen und die L\u00f6sung der Schwall- und Sunkproblematik sowie die Renaturierung der Fliessgew\u00e4sser verlangt. Die Sanierung der Fliessgew\u00e4sser ist ein Generationenprojekt mit gesch\u00e4tzten Gesamtkosten von 2,5 bis 3 Milliarden Franken. Auf 25 Jahre verteilt, handelt es sich um Kosten von j\u00e4hrlich rund 100 Millionen Franken. Gem\u00e4ss den Artikeln 80 bis 83 des Gew\u00e4sserschutzgesetzes ist die Sanierung der Gew\u00e4sser eine Aufgabe der Kantone und Gemeinden. Also sind diese auch als Kostentr\u00e4ger f\u00fcr diese Massnahmen in Betracht zu ziehen. Mit dem in der Motion Epiney vorgesehenen Zuschlag von 0,1 Rappen pro Kilowattstunde auf den Hochspannungsnetzen kann ein j\u00e4hrlicher Betrag von 60 Millionen Franken generiert werden. Der Zuschlag auf den Hochspannungsnetzen belastet die Nutzniesser dieser Infrastrukturen. Dies sind unter anderem auch die international t\u00e4tigen Elektrizit\u00e4tskonzerne, die das schweizerische Hochspannungsnetz f\u00fcr den Stromtransit benutzen.</p>\n<p>Im Vergleich zum gesamten schweizerischen Stromverbrauch von rund 55 Milliarden Kilowattstunden belastet der Stromtransit der europ\u00e4ischen Gesellschaften mit einem Volumen von rund 45 Milliarden Kilowattstunden das schweizerische Hochspannungsnetz ganz wesentlich. Die dadurch verursachten Kosten werden auf die Konsumenten verteilt. Zurzeit zahlt der Schweizer Stromkonsument rund 2,6 Rappen pro Kilowattstunde an die Kosten des \u00dcbertragungsnetzes bzw. den Betrag von 1,5 Milliarden Franken pro Jahr. Im Vergleich dazu f\u00e4llt die Abgeltung f\u00fcr den Stromtransit von 100 Millionen Franken f\u00fcr die genannten 45 Milliarden Kilowattstunden zehnmal g\u00fcnstiger aus. Mit dem Zuschlag von 0,1 Rappen pro Kilowattstunde auf dem Hochspannungsnetz kommt die Elektrizit\u00e4tswirtschaft solidarisch f\u00fcr die Behebung der nachteiligen Auswirkungen der Wasserkraftnutzung auf. Da die europ\u00e4ische Elektrizit\u00e4tswirtschaft von der schweizerischen Wasserkraft und nicht zuletzt vom Stromtransit durch unser Land profitiert, soll sie via Erh\u00f6hung der Abgabe einen Beitrag an die Kosten der Gew\u00e4ssersanierung leisten. Die Umsetzung der Motion Epiney erm\u00f6glicht dies. Der Zuschlag von 0,1 Rappen pro Kilowattstunde wird f\u00fcr den Stromtransit im Verh\u00e4ltnis der Nutzung des Hochspannungsnetzes mit einem Anteil von 40 Prozent durch das Ausland getragen. </p>\n<p>Der St\u00e4nderat hat am 4. Oktober 2007 die Motion Epiney mit 26 zu 13 Stimmen angenommen. Zudem hat die st\u00e4nder\u00e4tliche UREK am 23. November dieses Jahres eine parlamentarische Initiative mit dem Namen \"Schutz und Nutzung der Gew\u00e4sser\" (07.492) eingebracht, welche das gleiche Ziel verfolgt.</p>\n<p>Die UREK hat das Anliegen der Motion Epiney an der Sitzung vom 12. und 13. November 2007 behandelt und beantragt Ihnen mit 14 zu 8 Stimmen, die Motion anzunehmen. Eine Minderheit lehnt die Motion aus Gr\u00fcnden der Kostenverursachung und der entsprechenden Kostentragung ab.</p>\n</pd_text>","MeetingCouncilAbbreviation":"N","MeetingDate":"20071206","MeetingVerbalixOid":1615,"IdSession":"4801","SpeakerFirstName":"Sep","SpeakerLastName":"Cathomas","SpeakerFullName":"Cathomas Sep","SpeakerFunction":"Mit-M","CouncilId":1,"CouncilName":"Nationalrat","CantonId":18,"CantonName":"Graub\u00fcnden","CantonAbbreviation":"GR","ParlGroupName":"Fraktion CVP/EVP/glp","ParlGroupAbbreviation":"M-E","SortOrder":3,"Start":"\/Date(1196935356263)\/","End":"\/Date(1196935654263)\/","Function":"*","DisplaySpeaker":true,"LanguageOfText":"DE","Modified":"\/Date(1774877898788)\/","StartTimeWithTimezone":"\/Date(1196935356263+0060)\/","EndTimeWithTimezone":"\/Date(1196935654263+0060)\/","VoteBusinessNumber":null,"VoteBusinessShortNumber":null,"VoteBusinessTitle":null},{"__metadata":{"id":"https://ws.parlament.ch/OData.svc/Transcript(ID=79218L,Language='DE')","uri":"https://ws.parlament.ch/OData.svc/Transcript(ID=79218L,Language='DE')","type":"itsystems.Pd.DataServices.DataModel.Transcript"},"Subjects":{"__deferred":{"uri":"https://ws.parlament.ch/OData.svc/Transcript(ID=79218L,Language='DE')/Subjects"}},"MembersCouncil":{"__deferred":{"uri":"https://ws.parlament.ch/OData.svc/Transcript(ID=79218L,Language='DE')/MembersCouncil"}},"Businesses":{"__deferred":{"uri":"https://ws.parlament.ch/OData.svc/Transcript(ID=79218L,Language='DE')/Businesses"}},"ID":"79218","Language":"DE","IdSubject":"12514","VoteId":null,"PersonNumber":1279,"Type":1,"Text":"<pd_text><p>Nous sommes ici dans un imbroglio proc\u00e9dural. Avant de traiter le fond, vous me permettrez de vous expliquer pourquoi nous nous trouvons en train de discuter d'une motion au sujet d'un contre-projet \u00e0 une initiative populaire, ce qui est, je vous l'accorde, un peu particulier.</p>\n<p>La motion Epiney en faveur d'un contre-projet \u00e0 l'initiative populaire \"Eaux vivantes\" a \u00e9t\u00e9 d\u00e9pos\u00e9e le 6 juin 2007. Le 8 juin 2007, soit deux jours plus tard, le Conseil f\u00e9d\u00e9ral - qui n'avait pas le droit d'attendre que les chambres aient d\u00e9lib\u00e9r\u00e9 sur cette motion - d\u00e9cidait de ne pas opposer de contre-projet \u00e0 l'initiative populaire pr\u00e9cit\u00e9e. Et en ao\u00fbt dernier, logiquement, il proposait de rejeter la motion pour des raisons formelles, car du moment que le message relatif \u00e0 l'initiative \u00e9tait adopt\u00e9, il ne lui \u00e9tait de toute mani\u00e8re plus possible de revenir en arri\u00e8re et de proposer un contre-projet.</p>\n<p>Le 4 octobre dernier, le Conseil des Etats a adopt\u00e9 la motion Epiney, par 26 voix contre 13. Le 13 novembre, la Commission de l'environnement, de l'am\u00e9nagement du territoire et de l'\u00e9nergie de notre conseil a fait de m\u00eame, par 14 voix contre 8, et le 23 novembre dernier, la commission soeur du Conseil des Etats a d\u00e9pos\u00e9, dans le cadre du d\u00e9bat sur l'initiative populaire \"Eaux vivantes\", l'initiative parlementaire 07.492, \"Protection et utilisation des cours d'eau\", visant \u00e0 opposer \u00e0 cette derni\u00e8re un contre-projet indirect sous la forme d'une modification l\u00e9gale.</p>\n<p>La majorit\u00e9 de la commission vous propose d'adopter la motion Epiney.</p>\n<p>L'injonction ne sera pas faite au Conseil f\u00e9d\u00e9ral, comme ce serait le cas habituellement avec une motion, parce que le Conseil f\u00e9d\u00e9ral a d\u00e9j\u00e0 rendu sa r\u00e9ponse, mais elle constituera un encouragement clair du Conseil national \u00e0 la commission du Conseil des Etats de poursuivre sur la voie du contre-projet indirect.</p>\n<p>La proc\u00e9dure choisie par l'ancien conseiller aux Etats Epiney, \u00e0 savoir essayer d'influencer par voie de motion le traitement d'une initiative populaire, est un peu baroque, je vous l'accorde! Elle offre cependant un avantage de taille: le Conseil des Etats saura qu'il peut compter sur le Conseil national. En effet, comme le contre-projet indirect est lanc\u00e9 par l'initiative parlementaire d'une commission, il suffit de l'approbation de la commission soeur de l'autre conseil pour se lancer dans le travail d'\u00e9laboration l\u00e9gislative, puis dans la proc\u00e9dure de consultation, sans que jamais le second conseil, en l'occurrence le n\u00f4tre, se prononce. Sur la forme, le chemin est finalement assez justifi\u00e9 aux yeux de votre commission.</p>\n<p>Sur le fond, quels sont les motifs qui justifient d'opposer un contre-projet indirect \u00e0 l'initiative populaire \"Eaux vivantes\"? D'abord, cette initiative aborde de vrais probl\u00e8mes, qui ne sont pas r\u00e9solus par le droit actuel. D'une part, l'\u00e9tat des eaux n'est pas satisfaisant. En particulier, on observe une forte diminution de la population de poissons; la renaturation des berges n'avance pas, faute de moyens financiers dans les cantons; il en va de m\u00eame pour le r\u00e9tablissement d'un r\u00e9gime de charriage des graviers - c'est-\u00e0-dire le d\u00e9placement des graviers dans les fonds de rivi\u00e8re -, qui est d\u00e9cisif pour la biologie aquatique.</p>\n<p>Enfin, le r\u00e9tablissement des d\u00e9bits minimaux n'avance que tr\u00e8s lentement. La question des \u00e9clus\u00e9es n'est pas r\u00e9solue de mani\u00e8re satisfaisante. Les \u00e9clus\u00e9es - \"Schwall und Sunk\" en allemand -, c'est la brutale augmentation du d\u00e9bit d'une rivi\u00e8re suite \u00e0 l'ouverture d'une vanne de turbine. Les brutales variations de d\u00e9bit de l'ordre de 1 \u00e0 40 d\u00e9truisent la faune et la flore dans les rivi\u00e8res. L'initiative populaire reste cependant tr\u00e8s floue quant au financement des mesures qu'elle propose d'introduire et quant \u00e0 leur ampleur.</p>\n<p>Globalement, la commission juge n\u00e9anmoins que l'initiative populaire a de s\u00e9rieuses chances d'\u00eatre accept\u00e9e, justement parce qu'elle traite de vrais probl\u00e8mes et que, vu qu'il s'agit de vrais probl\u00e8mes, il est raisonnable de lui opposer un contre-projet. Ce point de vue n'est pas seulement fond\u00e9 sur des consid\u00e9rations \u00e9cologiques, il est aussi le fruit d'une r\u00e9flexion \u00e9conomique.</p>\n<p>Aujourd'hui, le potentiel hydro\u00e9lectrique suisse n'est plus tant quantitatif que qualitatif. Je m'explique. Le chiffre d'affaires de la branche n'augmentera pas beaucoup en utilisant l'eau de quelques ruisseaux qui ne sont pas encore utilis\u00e9s. Par contre, il y a un immense potentiel de gain d'arbitrage \u00e0 faire avec le pompage-turbinage. On ach\u00e8te l'\u00e9lectricit\u00e9 lorsqu'elle est surabondante, c'est-\u00e0-dire dans les moments de faible demande et de forte production. L'\u00e9nergie est pomp\u00e9e dans les barrages pour y \u00eatre stock\u00e9e, puis on la turbine lorsque la demande et les prix sont \u00e9lev\u00e9s. Au lieu d'\u00eatre saisonnier, comme on le pensait lors de la construction des barrages, le mouvement devient hebdomadaire ou quotidien. C'est \u00e9videmment la raison pour laquelle la branche investit dans de nombreuses installations de pompage-turbinage sur les lacs existants. Il faut relever que, m\u00eame du point de vue \u00e9cologique, le pompage-turbinage permet d'utiliser de mani\u00e8re optimale l'hydro\u00e9lectricit\u00e9 pour compenser [PAGE 1830] les irr\u00e9gularit\u00e9s dans la production des autres \u00e9nergies renouvelables, par exemple de l'\u00e9nergie \u00e9olienne.</p>\n<p>L'id\u00e9e du contre-projet, qui doit \u00eatre encore affin\u00e9e - c'est une id\u00e9e g\u00e9n\u00e9rale -, serait la suivante: on cr\u00e9e un fonds de renaturation des rivi\u00e8res, aliment\u00e9 par le r\u00e9seau de transport en \u00e9lectricit\u00e9 \u00e0 raison de 0,1 centime par kilowattheure. Cela comporte entre autres l'avantage de faire aussi participer \u00e0 ces travaux les entreprises europ\u00e9ennes qui utilisent le r\u00e9seau suisse de transport \u00e0 haute tension et plus simplement le contribuable-consommateur suisse. Ce fonds permettrait d'avancer concr\u00e8tement dans la renaturation des cours d'eau et/ou dans la construction de bassins de r\u00e9gulation au pied des installations de turbinage. Ces bassins pourraient absorber les \u00e9clus\u00e9es et \u00e9viter les brusques variations de d\u00e9bit ou du moins les att\u00e9nuer.</p>\n<p>En agissant de la sorte, on arriverait \u00e0 am\u00e9liorer globalement l'\u00e9tat de nos rivi\u00e8res sans pr\u00e9t\u00e9riter la branche \u00e9lectrique. Au contraire, on d\u00e9samorcerait largement les craintes l\u00e9gitimes face au pompage-turbinage puisqu'on r\u00e9soudrait partiellement le probl\u00e8me des \u00e9clus\u00e9es. Au passage, cela contribue \u00e0 d\u00e9samorcer un probl\u00e8me de s\u00e9curit\u00e9, car les variations brutales de d\u00e9bit causent r\u00e9guli\u00e8rement des accidents mortels. </p>\n<p>En adoptant la motion Epiney, vous donnez un signal clair au Conseil des Etats pour travailler dans ce sens, et c'est la raison pour laquelle la commission, par 14 voix contre 8, vous invite \u00e0 soutenir la motion. Une minorit\u00e9, qui va d\u00e9fendre sa proposition dans un instant, souhaite que la motion soit rejet\u00e9e: nous vous invitons bien \u00e9videmment \u00e0 ne pas la suivre.</p>\n</pd_text>","MeetingCouncilAbbreviation":"N","MeetingDate":"20071206","MeetingVerbalixOid":1615,"IdSession":"4801","SpeakerFirstName":"Roger","SpeakerLastName":"Nordmann","SpeakerFullName":"Nordmann Roger","SpeakerFunction":"Mit-M","CouncilId":1,"CouncilName":"Nationalrat","CantonId":22,"CantonName":"Waadt","CantonAbbreviation":"VD","ParlGroupName":"Sozialdemokratische Fraktion","ParlGroupAbbreviation":"S","SortOrder":2,"Start":"\/Date(1196934942450)\/","End":"\/Date(1196935356263)\/","Function":"*","DisplaySpeaker":true,"LanguageOfText":"FR","Modified":"\/Date(1774877898785)\/","StartTimeWithTimezone":"\/Date(1196934942450+0060)\/","EndTimeWithTimezone":"\/Date(1196935356263+0060)\/","VoteBusinessNumber":null,"VoteBusinessShortNumber":null,"VoteBusinessTitle":null},{"__metadata":{"id":"https://ws.parlament.ch/OData.svc/Transcript(ID=79219L,Language='DE')","uri":"https://ws.parlament.ch/OData.svc/Transcript(ID=79219L,Language='DE')","type":"itsystems.Pd.DataServices.DataModel.Transcript"},"Subjects":{"__deferred":{"uri":"https://ws.parlament.ch/OData.svc/Transcript(ID=79219L,Language='DE')/Subjects"}},"MembersCouncil":{"__deferred":{"uri":"https://ws.parlament.ch/OData.svc/Transcript(ID=79219L,Language='DE')/MembersCouncil"}},"Businesses":{"__deferred":{"uri":"https://ws.parlament.ch/OData.svc/Transcript(ID=79219L,Language='DE')/Businesses"}},"ID":"79219","Language":"DE","IdSubject":"12514","VoteId":null,"PersonNumber":null,"Type":3,"Text":"<pd_text><p><i>Antrag der Mehrheit</i></p>\n<p>Annahme der Motion</p>\n<p>[VS]</p>\n<p><i>Antrag der Minderheit</i></p>\n<p>(Kunz, Bigger, Brunner Toni, Keller, Reymond, Rutschmann, Stahl, Theiler)</p>\n<p>Ablehnung der Motion</p>\n<p>[VS]</p>\n<p><i>Proposition de la majorit\u00e9</i></p>\n<p>Adopter la motion</p>\n<p>[VS]</p>\n<p><i>Proposition de la minorit\u00e9</i></p>\n<p>(Kunz, Bigger, Brunner Toni, Keller, Reymond, Rutschmann, Stahl, Theiler)</p>\n<p>Rejeter la motion</p>\n</pd_text>","MeetingCouncilAbbreviation":"N","MeetingDate":"20071206","MeetingVerbalixOid":1615,"IdSession":"4801","SpeakerFirstName":null,"SpeakerLastName":null,"SpeakerFullName":"","SpeakerFunction":null,"CouncilId":null,"CouncilName":null,"CantonId":null,"CantonName":null,"CantonAbbreviation":null,"ParlGroupName":null,"ParlGroupAbbreviation":null,"SortOrder":1,"Start":null,"End":null,"Function":null,"DisplaySpeaker":null,"LanguageOfText":"DE","Modified":"\/Date(1774877898781)\/","StartTimeWithTimezone":null,"EndTimeWithTimezone":null,"VoteBusinessNumber":null,"VoteBusinessShortNumber":null,"VoteBusinessTitle":null}]},"ID":"12514","Language":"DE","IdMeeting":"918","VerbalixOid":259713,"SortOrder":5,"Modified":"\/Date(1774877898779)\/"}}